{"id":9673,"date":"2024-06-28T16:16:58","date_gmt":"2024-06-28T14:16:58","guid":{"rendered":"https:\/\/azqs.com\/velo\/?p=9673"},"modified":"2024-06-28T16:47:52","modified_gmt":"2024-06-28T14:47:52","slug":"rejoindre-lalter-tour-de-strasbourg-a-xirocourt-pour-une-visite-du-tiers-lieu-etre-eco-lie","status":"publish","type":"post","link":"https:\/\/azqs.com\/velo\/2024\/06\/28\/rejoindre-lalter-tour-de-strasbourg-a-xirocourt-pour-une-visite-du-tiers-lieu-etre-eco-lie\/","title":{"rendered":"Rejoindre l&rsquo;Alter Tour &gt; partance de Strasbourg  &gt; visite du tiers-lieu \u00catre Eco Li\u00e9 \u00e0 Xirocourt"},"content":{"rendered":"<div class=\"nBzcnc OcVpRe\">\n<div id=\"xDetDlgDesc\" class=\"toUqff vfzv\">le lundi 1er aout<br \/>\nXirocourt pour une visite du tiers-lieu \u00catre Eco Li\u00e9.<br \/>\nAu programme :<br \/>\n\u2022 Pr\u00e9sentation d\u2019\u00catre Eco Li\u00e9, du lieu, du projet et des activit\u00e9s li\u00e9es ;<br \/>\n\u2022 Pr\u00e9sentation du r\u00e9seau Tiers-Lieux en Grand Est ;<br \/>\n\u2022 Restitution synth\u00e9tique des r\u00e9sultats momentan\u00e9s de l\u2019\u00e9tude ;<br \/>\n\u2022 Temps d\u2019\u00e9change entre collectivit\u00e9s, tiers-lieux et partenaires ;<br \/>\n\u2022 Temps convivial de fin d\u2019apr\u00e8s-midi.<\/div>\n<\/div>\n<div class=\" bgOWSb\">\n<div class=\"UfeRlc\">Adresse : 22 Rue du Commandant Dussaulx, 54740 Xirocourt<\/div>\n<\/div>\n<div class=\"Fh4HL\">etre.eco.lie@gmail.com<\/div>\n<div><\/div>\n<h3>Info \u00e9v\u00e8nement<\/h3>\n<div><a href=\"https:\/\/www.facebook.com\/events\/792774932831467\" target=\"_blank\" rel=\"noopener\">https:\/\/www.facebook.com\/events\/792774932831467<\/a><\/div>\n<div><a href=\"https:\/\/calendar.google.com\/calendar\/u\/0\/r\/week\/2024\/7\/5\" target=\"_blank\" rel=\"noopener\">https:\/\/calendar.google.com\/calendar\/u\/0\/r\/week\/2024\/7\/5<\/a><\/div>\n<div><\/div>\n<div><a href=\"https:\/\/inscriptions.altercampagne.net\/event\/echappee-belle-2024\" target=\"_blank\" rel=\"noopener\">https:\/\/inscriptions.altercampagne.net\/event\/echappee-belle-2024<\/a><\/div>\n<div><\/div>\n<h3>Info structures<\/h3>\n<div><a href=\"https:\/\/etreecolie.maison\/\" target=\"_blank\" rel=\"noopener\">https:\/\/etreecolie.maison<\/a><\/div>\n<div>https:\/\/www.facebook.com\/etreecolie<\/div>\n<div><a href=\"https:\/\/www.altercampagne.net\/\" target=\"_blank\" rel=\"noopener\">https:\/\/www.altercampagne.net<\/a><\/div>\n<div><a href=\"https:\/\/www.facebook.com\/AlterTour\" target=\"_blank\" rel=\"noopener\">https:\/\/www.facebook.com\/AlterTour<\/a><\/div>\n<div><\/div>\n<div>Y aller \u00e0 V\u00e9lo<\/div>\n<p><a href=\"https:\/\/www.google.com\/maps\/dir\/48.6080512,7.7561856\/48.43074,6.16895\/@48.4991204,6.8975108,10.17z\/data=!4m5!4m4!1m1!4e1!1m0!3e1?entry=ttu\" target=\"_blank\" rel=\"noopener\">https:\/\/www.google.com\/maps\/dir\/48.6080512,7.7561856\/48.43074,6.16895\/@48.4991204,6.8975108,10.17z\/data=!4m5!4m4!1m1!4e1!1m0!3e1?entry=ttu<\/a><\/p>\n<p>&nbsp;<\/p>\n<h2>En pr\u00e9vision Strasbourg \/ 57960 Meisenthal\u00a0 pour le ARTOPIE Du 6 au 14 juillet<\/h2>\n<p><a href=\"https:\/\/www.facebook.com\/events\/1149403652938515\/\" target=\"_blank\" rel=\"noopener\">https:\/\/www.facebook.com\/events\/1149403652938515\/<\/a><\/p>\n<p>Via l&rsquo;alter tour :<a href=\"https:\/\/inscriptions.altercampagne.net\/event\/altertour-2024\/festival-les-ire-a-artopie-intenses-reflexions-engagees\" target=\"_blank\" rel=\"noopener\"> https:\/\/inscriptions.altercampagne.net\/event\/altertour-2024\/festival-les-ire-a-artopie-intenses-reflexions-engagees<\/a><\/p>\n<p><a href=\"http:\/\/www.artopie-meisenthal.org\" target=\"_blank\" rel=\"noopener\">http:\/\/www.artopie-meisenthal.org<\/a><\/p>\n<p>&nbsp;<\/p>\n","protected":false},"excerpt":{"rendered":"<p>le lundi 1er aout Xirocourt pour une visite du tiers-lieu \u00catre Eco Li\u00e9. Au programme : \u2022 Pr\u00e9sentation d\u2019\u00catre Eco Li\u00e9, du lieu, du projet et des activit\u00e9s li\u00e9es ; \u2022 Pr\u00e9sentation du r\u00e9seau Tiers-Lieux en Grand Est ; \u2022 Restitution synth\u00e9tique des r\u00e9sultats momentan\u00e9s de l\u2019\u00e9tude ; \u2022 Temps d\u2019\u00e9change entre collectivit\u00e9s, tiers-lieux et &hellip; <\/p>\n<p><a class=\"more-link btn\" href=\"https:\/\/azqs.com\/velo\/2024\/06\/28\/rejoindre-lalter-tour-de-strasbourg-a-xirocourt-pour-une-visite-du-tiers-lieu-etre-eco-lie\/\">Lire la suite<\/a><\/p>\n","protected":false},"author":389,"featured_media":0,"comment_status":"closed","ping_status":"closed","sticky":false,"template":"","format":"standard","meta":{"footnotes":""},"categories":[4,72],"tags":[],"class_list":["post-9673","post","type-post","status-publish","format-standard","hentry","category-balade","category-evenements","item-wrap"],"share_on_mastodon":{"url":"","error":""},"_links":{"self":[{"href":"https:\/\/azqs.com\/velo\/wp-json\/wp\/v2\/posts\/9673"}],"collection":[{"href":"https:\/\/azqs.com\/velo\/wp-json\/wp\/v2\/posts"}],"about":[{"href":"https:\/\/azqs.com\/velo\/wp-json\/wp\/v2\/types\/post"}],"author":[{"embeddable":true,"href":"https:\/\/azqs.com\/velo\/wp-json\/wp\/v2\/users\/389"}],"replies":[{"embeddable":true,"href":"https:\/\/azqs.com\/velo\/wp-json\/wp\/v2\/comments?post=9673"}],"version-history":[{"count":4,"href":"https:\/\/azqs.com\/velo\/wp-json\/wp\/v2\/posts\/9673\/revisions"}],"predecessor-version":[{"id":9682,"href":"https:\/\/azqs.com\/velo\/wp-json\/wp\/v2\/posts\/9673\/revisions\/9682"}],"wp:attachment":[{"href":"https:\/\/azqs.com\/velo\/wp-json\/wp\/v2\/media?parent=9673"}],"wp:term":[{"taxonomy":"category","embeddable":true,"href":"https:\/\/azqs.com\/velo\/wp-json\/wp\/v2\/categories?post=9673"},{"taxonomy":"post_tag","embeddable":true,"href":"https:\/\/azqs.com\/velo\/wp-json\/wp\/v2\/tags?post=9673"}],"curies":[{"name":"wp","href":"https:\/\/api.w.org\/{rel}","templated":true}]}}