{"id":9637,"date":"2024-05-27T21:16:21","date_gmt":"2024-05-27T19:16:21","guid":{"rendered":"https:\/\/azqs.com\/velo\/?p=9637"},"modified":"2024-06-01T13:10:55","modified_gmt":"2024-06-01T11:10:55","slug":"les-velos-epaves-occupent-la-moitie-des-arceaux-de-strasbourg-quelles-sont-les-solutions-pour-sen-debarrasser","status":"publish","type":"post","link":"https:\/\/azqs.com\/velo\/2024\/05\/27\/les-velos-epaves-occupent-la-moitie-des-arceaux-de-strasbourg-quelles-sont-les-solutions-pour-sen-debarrasser\/","title":{"rendered":"\u00ab\u00a0Les v\u00e9los \u00e9paves occupent la moiti\u00e9 des arceaux de Strasbourg\u00a0\u00bb : quelles sont les solutions pour s&rsquo;en d\u00e9barrasser"},"content":{"rendered":"<p>Avec la hausse du nombre d\u2019usagers de la bicyclette, la probl\u00e9matique des v\u00e9los \u00e9paves abandonn\u00e9s p\u00e8se de plus en plus lourd \u00e0 Strasbourg. S\u2019ils sont signal\u00e9s, ils peuvent pourtant avoir une seconde vie.<\/p>\n<p><a href=\"https:\/\/france3-regions.francetvinfo.fr\/grand-est\/bas-rhin\/strasbourg-0\/les-velos-epaves-occupent-la-moitie-des-arceaux-de-strasbourg-quelles-sont-les-solutions-pour-s-en-debarrasser-2975666.html\" target=\"_blank\" rel=\"noopener\">https:\/\/france3-regions.francetvinfo.fr\/grand-est\/bas-rhin\/strasbourg-0\/les-velos-epaves-occupent-la-moitie-des-arceaux-de-strasbourg-quelles-sont-les-solutions-pour-s-en-debarrasser-2975666.html<\/a><\/p>\n<p>&nbsp;<\/p>\n","protected":false},"excerpt":{"rendered":"<p>Avec la hausse du nombre d\u2019usagers de la bicyclette, la probl\u00e9matique des v\u00e9los \u00e9paves abandonn\u00e9s p\u00e8se de plus en plus lourd \u00e0 Strasbourg. S\u2019ils sont signal\u00e9s, ils peuvent pourtant avoir une seconde vie. https:\/\/france3-regions.francetvinfo.fr\/grand-est\/bas-rhin\/strasbourg-0\/les-velos-epaves-occupent-la-moitie-des-arceaux-de-strasbourg-quelles-sont-les-solutions-pour-s-en-debarrasser-2975666.html &nbsp;<\/p>\n","protected":false},"author":334,"featured_media":0,"comment_status":"closed","ping_status":"closed","sticky":false,"template":"","format":"standard","meta":{"footnotes":""},"categories":[69,60,54,12,9],"tags":[],"class_list":["post-9637","post","type-post","status-publish","format-standard","hentry","category-articles","category-etude","category-eurometropole","category-strasbourg","category-via-medias","item-wrap"],"share_on_mastodon":{"url":"","error":""},"_links":{"self":[{"href":"https:\/\/azqs.com\/velo\/wp-json\/wp\/v2\/posts\/9637"}],"collection":[{"href":"https:\/\/azqs.com\/velo\/wp-json\/wp\/v2\/posts"}],"about":[{"href":"https:\/\/azqs.com\/velo\/wp-json\/wp\/v2\/types\/post"}],"author":[{"embeddable":true,"href":"https:\/\/azqs.com\/velo\/wp-json\/wp\/v2\/users\/334"}],"replies":[{"embeddable":true,"href":"https:\/\/azqs.com\/velo\/wp-json\/wp\/v2\/comments?post=9637"}],"version-history":[{"count":1,"href":"https:\/\/azqs.com\/velo\/wp-json\/wp\/v2\/posts\/9637\/revisions"}],"predecessor-version":[{"id":9638,"href":"https:\/\/azqs.com\/velo\/wp-json\/wp\/v2\/posts\/9637\/revisions\/9638"}],"wp:attachment":[{"href":"https:\/\/azqs.com\/velo\/wp-json\/wp\/v2\/media?parent=9637"}],"wp:term":[{"taxonomy":"category","embeddable":true,"href":"https:\/\/azqs.com\/velo\/wp-json\/wp\/v2\/categories?post=9637"},{"taxonomy":"post_tag","embeddable":true,"href":"https:\/\/azqs.com\/velo\/wp-json\/wp\/v2\/tags?post=9637"}],"curies":[{"name":"wp","href":"https:\/\/api.w.org\/{rel}","templated":true}]}}