{"id":9625,"date":"2024-05-26T21:00:21","date_gmt":"2024-05-26T19:00:21","guid":{"rendered":"https:\/\/azqs.com\/velo\/2024\/05\/26\/envie-de-nous-rencontrer-rendez-vous-le-vendredi-31-mai-a-la-grenze-de-19h-a-22h-pour-lapero\/"},"modified":"2024-05-26T21:00:21","modified_gmt":"2024-05-26T19:00:21","slug":"envie-de-nous-rencontrer-rendez-vous-le-vendredi-31-mai-a-la-grenze-de-19h-a-22h-pour-lapero","status":"publish","type":"post","link":"https:\/\/www.strasbourgavelo.org\/envie-de-nous-rencontrer-rendez-vous-le-vendredi-31-mai-a-la-grenze-de-19h-a-22h-pour-lapero\/?pk_campaign=&pk_source=","title":{"rendered":"Envie de nous rencontrer ? Rendez-vous le vendredi 31 mai \u00e0 la Grenze de 19h \u00e0 22h pour l\u2019ap\u00e9ro !"},"content":{"rendered":"<div>\n<p>Apr\u00e8s les succ\u00e8s grandissants des pr\u00e9c\u00e9dents \u00e9v\u00e9nements, l\u2019ap\u00e9ro v\u00e9lo de Strasbourg \u00e0 V\u00e9lo change de lieu : direction la Grenze !<\/p>\n<p>Vous vous d\u00e9placez \u00e0 v\u00e9lo ou souhaitez le faire et vous avez envie de vous engager en faveur du v\u00e9lo ? Vous souhaitez participer \u00e0 notre grande v\u00e9lorution convergente du dimanche 16 juin, voire proposer une nouvelle branche ? Venez nous rencontrer autour d\u2019un verre le <b>vendredi 31 mai \u00e0 partir de 19h00<\/b> \u00e0 la Grenze !<\/p>\n<p><img loading=\"lazy\" decoding=\"async\" class=\"size-full wp-image-2222 aligncenter\" src=\"https:\/\/www.strasbourgavelo.org\/wp-content\/uploads\/2024\/05\/Visuel-Facebook-apero-velo-OK-copie.png\" alt=\"\" width=\"600\" height=\"502\" srcset=\"https:\/\/www.strasbourgavelo.org\/wp-content\/uploads\/2024\/05\/Visuel-Facebook-apero-velo-OK-copie.png 600w, https:\/\/www.strasbourgavelo.org\/wp-content\/uploads\/2024\/05\/Visuel-Facebook-apero-velo-OK-copie-300x251.png 300w\" sizes=\"(max-width: 600px) 100vw, 600px\"><\/p>\n<p>S\u2019engager au sein de Strasbourg \u00e0 V\u00e9lo, c\u2019est rejoindre une association militante 100% ind\u00e9pendante et int\u00e9gralement compos\u00e9e de b\u00e9n\u00e9voles.<\/p>\n<p>A Strasbourg \u00c0 V\u00e9lo, il y a autant de formes d\u2019engagement que de personnes. Chaque talent et envie de s\u2019investir sont pr\u00e9cieux :<\/p>\n<ul>\n<li aria-level=\"1\">Organisation ou participation \u00e0 des \u00e9v\u00e9nements militants<\/li>\n<li aria-level=\"1\">Partage d\u2019informations en \u00e9tant le relais local de votre quartier ou ville<\/li>\n<li aria-level=\"1\">Analyse de plans d\u2019am\u00e9nagements cyclables<\/li>\n<li aria-level=\"1\">Conception de sites web<\/li>\n<li aria-level=\"1\">R\u00e9daction de contenus<\/li>\n<li aria-level=\"1\">\u2026 et plein d\u2019autres choses encore !<\/li>\n<\/ul>\n<p>Rendez-vous le vendredi 31 mai d\u00e8s 19h pour \u00e9changer sur votre quotidien \u00e0 v\u00e9lo et vos aspirations !<\/p>\n<figure id=\"attachment_2227\" aria-describedby=\"caption-attachment-2227\" style=\"width: 696px\" class=\"wp-caption aligncenter\"><img loading=\"lazy\" decoding=\"async\" class=\"wp-image-2227\" src=\"https:\/\/www.strasbourgavelo.org\/wp-content\/uploads\/2024\/05\/velos-grenze-300x169.jpg\" alt=\"\" width=\"696\" height=\"392\" srcset=\"https:\/\/www.strasbourgavelo.org\/wp-content\/uploads\/2024\/05\/velos-grenze-300x169.jpg 300w, https:\/\/www.strasbourgavelo.org\/wp-content\/uploads\/2024\/05\/velos-grenze-1024x576.jpg 1024w, https:\/\/www.strasbourgavelo.org\/wp-content\/uploads\/2024\/05\/velos-grenze-768x432.jpg 768w, https:\/\/www.strasbourgavelo.org\/wp-content\/uploads\/2024\/05\/velos-grenze-1536x864.jpg 1536w, https:\/\/www.strasbourgavelo.org\/wp-content\/uploads\/2024\/05\/velos-grenze-850x478.jpg 850w, https:\/\/www.strasbourgavelo.org\/wp-content\/uploads\/2024\/05\/velos-grenze.jpg 2048w\" sizes=\"(max-width: 696px) 100vw, 696px\"><figcaption id=\"caption-attachment-2227\" class=\"wp-caption-text\">La Grenze, lieu id\u00e9al pour un ap\u00e9ro entre cyclistes !<\/figcaption><\/figure>\n<\/div>\n<p class=\"wpematico_credit\"><small>Powered by <a href=\"http:\/\/www.wpematico.com\" target=\"_blank\" rel=\"noopener\">WPeMatico<\/a><\/small><\/p>\n","protected":false},"excerpt":{"rendered":"<p>Apr\u00e8s les succ\u00e8s grandissants des pr\u00e9c\u00e9dents \u00e9v\u00e9nements, l\u2019ap\u00e9ro v\u00e9lo de Strasbourg \u00e0 V\u00e9lo change de lieu : direction la Grenze ! Vous vous d\u00e9placez \u00e0 v\u00e9lo ou souhaitez le faire et vous avez envie de vous engager en faveur du v\u00e9lo ? Vous souhaitez participer \u00e0 notre grande v\u00e9lorution convergente du dimanche 16 juin, voire &hellip; <\/p>\n<p><a class=\"more-link btn\" href=\"https:\/\/www.strasbourgavelo.org\/envie-de-nous-rencontrer-rendez-vous-le-vendredi-31-mai-a-la-grenze-de-19h-a-22h-pour-lapero\/?pk_campaign=&#038;pk_source=\">Lire la suite<\/a><\/p>\n","protected":false},"author":334,"featured_media":9626,"comment_status":"closed","ping_status":"open","sticky":false,"template":"","format":"standard","meta":{"footnotes":""},"categories":[55,12,15],"tags":[],"class_list":["post-9625","post","type-post","status-publish","format-standard","has-post-thumbnail","hentry","category-sav","category-strasbourg","category-via-sites","item-wrap"],"share_on_mastodon":{"url":"","error":""},"_links":{"self":[{"href":"https:\/\/azqs.com\/velo\/wp-json\/wp\/v2\/posts\/9625"}],"collection":[{"href":"https:\/\/azqs.com\/velo\/wp-json\/wp\/v2\/posts"}],"about":[{"href":"https:\/\/azqs.com\/velo\/wp-json\/wp\/v2\/types\/post"}],"author":[{"embeddable":true,"href":"https:\/\/azqs.com\/velo\/wp-json\/wp\/v2\/users\/334"}],"replies":[{"embeddable":true,"href":"https:\/\/azqs.com\/velo\/wp-json\/wp\/v2\/comments?post=9625"}],"version-history":[{"count":0,"href":"https:\/\/azqs.com\/velo\/wp-json\/wp\/v2\/posts\/9625\/revisions"}],"wp:featuredmedia":[{"embeddable":true,"href":"https:\/\/azqs.com\/velo\/wp-json\/wp\/v2\/media\/9626"}],"wp:attachment":[{"href":"https:\/\/azqs.com\/velo\/wp-json\/wp\/v2\/media?parent=9625"}],"wp:term":[{"taxonomy":"category","embeddable":true,"href":"https:\/\/azqs.com\/velo\/wp-json\/wp\/v2\/categories?post=9625"},{"taxonomy":"post_tag","embeddable":true,"href":"https:\/\/azqs.com\/velo\/wp-json\/wp\/v2\/tags?post=9625"}],"curies":[{"name":"wp","href":"https:\/\/api.w.org\/{rel}","templated":true}]}}