{"id":8778,"date":"2024-02-14T11:46:06","date_gmt":"2024-02-14T10:46:06","guid":{"rendered":"https:\/\/azqs.com\/velo\/?p=8778"},"modified":"2024-02-15T10:55:29","modified_gmt":"2024-02-15T09:55:29","slug":"amenagement-boulevard-de-lyon-pour-les-taxis-impact-negatif-sur-la-bande-cyclable","status":"publish","type":"post","link":"https:\/\/azqs.com\/velo\/2024\/02\/14\/amenagement-boulevard-de-lyon-pour-les-taxis-impact-negatif-sur-la-bande-cyclable\/","title":{"rendered":"am\u00e9nagement boulevard de Lyon pour les taxis. impact n\u00e9gatif sur la bande cyclable"},"content":{"rendered":"<p><span class=\"x193iq5w xeuugli x13faqbe x1vvkbs x10flsy6 x1lliihq x1s928wv xhkezso x1gmr53x x1cpjm7i x1fgarty x1943h6x x4zkp8e x41vudc x6prxxf xvq8zen xo1l8bm xzsf02u x1yc453h\" dir=\"auto\">A notre grand \u00e9tonnement, nous d\u00e9couvrons dans un article de presse que M. Heiligenstein, vice-pr\u00e9sident du SDAT du Bas-Rhin, \u00e9voque un am\u00e9nagement \u00e0 venir boulevard de Lyon \u00a0\u00bb afin de pouvoir sauter les bouchons\u00a0\u00bb pour les taxis. Cet am\u00e9nagement aurait un impact sur la bande cyclable c\u00f4t\u00e9 Est : \u00ab\u00a0voie partag\u00e9e en r\u00e9duisant la bande cyclable \u00ab\u00a0.<\/span><\/p>\n<p><a href=\"https:\/\/www.facebook.com\/plugins\/post.php?href=https%3A%2F%2Fwww.facebook.com%2Fcadr.strasbourg%2Fposts%2Fpfbid0StHkvTAjDQ1fFaSKwK2THkRDAeynaUSm9mq4kTRAXATPt8Wr5dofD3jrFwQGgquBl&amp;show_text=true\" target=\"_blank\" rel=\"noopener\">Suite via FB<\/a><\/p>\n","protected":false},"excerpt":{"rendered":"<p>A notre grand \u00e9tonnement, nous d\u00e9couvrons dans un article de presse que M. Heiligenstein, vice-pr\u00e9sident du SDAT du Bas-Rhin, \u00e9voque un am\u00e9nagement \u00e0 venir boulevard de Lyon \u00a0\u00bb afin de pouvoir sauter les bouchons\u00a0\u00bb pour les taxis. Cet am\u00e9nagement aurait un impact sur la bande cyclable c\u00f4t\u00e9 Est : \u00ab\u00a0voie partag\u00e9e en r\u00e9duisant la bande &hellip; <\/p>\n<p><a class=\"more-link btn\" href=\"https:\/\/azqs.com\/velo\/2024\/02\/14\/amenagement-boulevard-de-lyon-pour-les-taxis-impact-negatif-sur-la-bande-cyclable\/\">Lire la suite<\/a><\/p>\n","protected":false},"author":389,"featured_media":0,"comment_status":"closed","ping_status":"closed","sticky":false,"template":"","format":"standard","meta":{"footnotes":""},"categories":[59,53,54,49,56,12,7,8],"tags":[],"class_list":["post-8778","post","type-post","status-publish","format-standard","hentry","category-debat","category-equipements","category-eurometropole","category-infos","category-securite","category-strasbourg","category-travaux-fermeture","category-via-facebook","item-wrap"],"share_on_mastodon":{"url":"","error":""},"_links":{"self":[{"href":"https:\/\/azqs.com\/velo\/wp-json\/wp\/v2\/posts\/8778"}],"collection":[{"href":"https:\/\/azqs.com\/velo\/wp-json\/wp\/v2\/posts"}],"about":[{"href":"https:\/\/azqs.com\/velo\/wp-json\/wp\/v2\/types\/post"}],"author":[{"embeddable":true,"href":"https:\/\/azqs.com\/velo\/wp-json\/wp\/v2\/users\/389"}],"replies":[{"embeddable":true,"href":"https:\/\/azqs.com\/velo\/wp-json\/wp\/v2\/comments?post=8778"}],"version-history":[{"count":3,"href":"https:\/\/azqs.com\/velo\/wp-json\/wp\/v2\/posts\/8778\/revisions"}],"predecessor-version":[{"id":8781,"href":"https:\/\/azqs.com\/velo\/wp-json\/wp\/v2\/posts\/8778\/revisions\/8781"}],"wp:attachment":[{"href":"https:\/\/azqs.com\/velo\/wp-json\/wp\/v2\/media?parent=8778"}],"wp:term":[{"taxonomy":"category","embeddable":true,"href":"https:\/\/azqs.com\/velo\/wp-json\/wp\/v2\/categories?post=8778"},{"taxonomy":"post_tag","embeddable":true,"href":"https:\/\/azqs.com\/velo\/wp-json\/wp\/v2\/tags?post=8778"}],"curies":[{"name":"wp","href":"https:\/\/api.w.org\/{rel}","templated":true}]}}