{"id":8568,"date":"2023-11-20T13:50:12","date_gmt":"2023-11-20T12:50:12","guid":{"rendered":"https:\/\/azqs.com\/velo\/?p=8568"},"modified":"2023-11-20T13:54:01","modified_gmt":"2023-11-20T12:54:01","slug":"portrait-sur-son-compte-jtrace-a-stras-il-sengage-pour-les-mobilites-douces-cest-aux-convaincus-de-combattre-pour-de-nouveaux-amenagements","status":"publish","type":"post","link":"https:\/\/azqs.com\/velo\/2023\/11\/20\/portrait-sur-son-compte-jtrace-a-stras-il-sengage-pour-les-mobilites-douces-cest-aux-convaincus-de-combattre-pour-de-nouveaux-amenagements\/","title":{"rendered":"PORTRAIT. Sur son compte \u00ab\u00a0J&rsquo;trace \u00e0 Stras\u00a0\u00bb, il s\u2019engage pour les mobilit\u00e9s douces, \u00ab\u00a0c\u2019est aux convaincus de combattre pour de nouveaux am\u00e9nagements\u00a0\u00bb"},"content":{"rendered":"<p>Sur son compte \u00ab\u00a0J&rsquo;trace \u00e0 Stras\u00a0\u00bb, Florian, jeune dipl\u00f4m\u00e9 en urbanisme de 23 ans, met en avant les mobilit\u00e9s douces et l\u2019urbanisme \u00e0 Strasbourg. Il vulgarise des \u00e9tudes, r\u00e9agit \u00e0 l\u2019actualit\u00e9 ou se filme en cam\u00e9ra embarqu\u00e9e pour montrer le quotidien des cyclistes. Portrait de ce Strasbourgeois engag\u00e9 qui entend bien faire bouger les lignes pour des villes plus durables.<\/p>\n<p><a href=\"https:\/\/france3-regions.francetvinfo.fr\/grand-est\/bas-rhin\/strasbourg-0\/portrait-sur-son-compte-j-trace-a-stras-il-s-engage-pour-les-mobilites-douces-c-est-aux-convaincus-de-combattre-pour-de-nouveaux-amenagements-2874680.html\" target=\"_blank\" rel=\"noopener\">https:\/\/france3-regions.francetvinfo.fr\/grand-est\/bas-rhin\/strasbourg-0\/portrait-sur-son-compte-j-trace-a-stras-il-s-engage-pour-les-mobilites-douces-c-est-aux-convaincus-de-combattre-pour-de-nouveaux-amenagements-2874680.html<\/a><\/p>\n","protected":false},"excerpt":{"rendered":"<p>Sur son compte \u00ab\u00a0J&rsquo;trace \u00e0 Stras\u00a0\u00bb, Florian, jeune dipl\u00f4m\u00e9 en urbanisme de 23 ans, met en avant les mobilit\u00e9s douces et l\u2019urbanisme \u00e0 Strasbourg. Il vulgarise des \u00e9tudes, r\u00e9agit \u00e0 l\u2019actualit\u00e9 ou se filme en cam\u00e9ra embarqu\u00e9e pour montrer le quotidien des cyclistes. Portrait de ce Strasbourgeois engag\u00e9 qui entend bien faire bouger les lignes &hellip; <\/p>\n<p><a class=\"more-link btn\" href=\"https:\/\/azqs.com\/velo\/2023\/11\/20\/portrait-sur-son-compte-jtrace-a-stras-il-sengage-pour-les-mobilites-douces-cest-aux-convaincus-de-combattre-pour-de-nouveaux-amenagements\/\">Lire la suite<\/a><\/p>\n","protected":false},"author":389,"featured_media":0,"comment_status":"closed","ping_status":"closed","sticky":false,"template":"","format":"standard","meta":{"footnotes":""},"categories":[69,12,9],"tags":[],"class_list":["post-8568","post","type-post","status-publish","format-standard","hentry","category-articles","category-strasbourg","category-via-medias","item-wrap"],"share_on_mastodon":{"url":"","error":""},"_links":{"self":[{"href":"https:\/\/azqs.com\/velo\/wp-json\/wp\/v2\/posts\/8568"}],"collection":[{"href":"https:\/\/azqs.com\/velo\/wp-json\/wp\/v2\/posts"}],"about":[{"href":"https:\/\/azqs.com\/velo\/wp-json\/wp\/v2\/types\/post"}],"author":[{"embeddable":true,"href":"https:\/\/azqs.com\/velo\/wp-json\/wp\/v2\/users\/389"}],"replies":[{"embeddable":true,"href":"https:\/\/azqs.com\/velo\/wp-json\/wp\/v2\/comments?post=8568"}],"version-history":[{"count":1,"href":"https:\/\/azqs.com\/velo\/wp-json\/wp\/v2\/posts\/8568\/revisions"}],"predecessor-version":[{"id":8569,"href":"https:\/\/azqs.com\/velo\/wp-json\/wp\/v2\/posts\/8568\/revisions\/8569"}],"wp:attachment":[{"href":"https:\/\/azqs.com\/velo\/wp-json\/wp\/v2\/media?parent=8568"}],"wp:term":[{"taxonomy":"category","embeddable":true,"href":"https:\/\/azqs.com\/velo\/wp-json\/wp\/v2\/categories?post=8568"},{"taxonomy":"post_tag","embeddable":true,"href":"https:\/\/azqs.com\/velo\/wp-json\/wp\/v2\/tags?post=8568"}],"curies":[{"name":"wp","href":"https:\/\/api.w.org\/{rel}","templated":true}]}}