{"id":8048,"date":"2023-05-31T11:16:00","date_gmt":"2023-05-31T09:16:00","guid":{"rendered":"https:\/\/azqs.com\/velo\/2023\/05\/31\/balade-velambitieuse-strabourg-offenburg-25-juin-2023\/"},"modified":"2023-05-31T11:16:00","modified_gmt":"2023-05-31T09:16:00","slug":"balade-velambitieuse-strabourg-offenburg-25-juin-2023","status":"publish","type":"post","link":"https:\/\/www.strasbourgavelo.org\/balade-velambitieuse-strabourg-offenburg-25-juin-2023\/?pk_campaign=&pk_source=","title":{"rendered":"Balade v\u00e9lambitieuse Strabourg\/Offenburg 25 juin 2023"},"content":{"rendered":"<div>\n<div data-sanitized-id=\"pf1\" data-sanitized-class=\"dp-page-outer\">\n<div data-sanitized-class=\"dp-page-inner\">\n<div data-sanitized-id=\"pg-1pf1\" data-sanitized-class=\"pf pg-1w0 pg-1h0\">\n<div data-sanitized-class=\"pc pg-1pc1 pg-1w0 pg-1h0\">\n<div data-sanitized-class=\"c pg-1x1 pg-1y1 pg-1w2 pg-1h0\">\n<div data-sanitized-class=\"t pg-1m0 pg-1x2 pg-1h3 pg-1yd pg-1ff1 pg-1fs0 pg-1fc0 pg-1sc0 pg-1ls0 pg-1ws0\"><span data-sanitized-class=\"pg-1fc3 pg-1sc0\">V<\/span><span data-sanitized-class=\"pg-1fc3 pg-1sc0\">iens<\/span> <span data-sanitized-class=\"pg-1fc3 pg-1sc0\">pa<\/span><span data-sanitized-class=\"pg-1fc3 pg-1sc0\">r<\/span><span data-sanitized-class=\"pg-1fc3 pg-1sc0\">t<\/span><span data-sanitized-class=\"pg-1fc3 pg-1sc0\">i<\/span><span data-sanitized-class=\"pg-1fc3 pg-1sc0\">ci<\/span><span data-sanitized-class=\"pg-1fc3 pg-1sc0\">pe<\/span><span data-sanitized-class=\"pg-1fc3 pg-1sc0\">r<\/span> <span data-sanitized-class=\"pg-1fc3 pg-1sc0\">\u00e0 la<\/span> <span data-sanitized-class=\"pg-1fc3 pg-1sc0\">ba<\/span><span data-sanitized-class=\"pg-1fc3 pg-1sc0\">l<\/span><span data-sanitized-class=\"pg-1fc3 pg-1sc0\">a<\/span><span data-sanitized-class=\"pg-1fc3 pg-1sc0\">de<\/span> <span data-sanitized-class=\"pg-1fc3 pg-1sc0\">\u00e0 v\u00e9l<\/span><span data-sanitized-class=\"pg-1fc3 pg-1sc0\">o <\/span><span data-sanitized-class=\"pg-1fc3 pg-1sc0\">f<\/span><span data-sanitized-class=\"pg-1fc3 pg-1sc0\">r<\/span><span data-sanitized-class=\"pg-1fc3 pg-1sc0\">an<\/span><span data-sanitized-class=\"pg-1fc3 pg-1sc0\">co<\/span><span data-sanitized-class=\"pg-1fc3 pg-1sc0\">\u2013<\/span><span data-sanitized-class=\"pg-1fc3 pg-1sc0\">al<\/span><span data-sanitized-class=\"pg-1fc3 pg-1sc0\">l<\/span><span data-sanitized-class=\"pg-1fc3 pg-1sc0\">eman<\/span><span data-sanitized-class=\"pg-1fc3 pg-1sc0\">de<\/span><span data-sanitized-class=\"pg-1fc3 pg-1sc0\">,<\/span> <span data-sanitized-class=\"pg-1fc3 pg-1sc0\">a<\/span><span data-sanitized-class=\"pg-1fc3 pg-1sc0\">m<\/span><span data-sanitized-class=\"pg-1fc3 pg-1sc0\">bi<\/span><span data-sanitized-class=\"pg-1fc3 pg-1sc0\">t<\/span><span data-sanitized-class=\"pg-1fc3 pg-1sc0\">i<\/span><span data-sanitized-class=\"pg-1fc3 pg-1sc0\">eu<\/span><span data-sanitized-class=\"pg-1fc3 pg-1sc0\">se e<\/span><span data-sanitized-class=\"pg-1fc3 pg-1sc0\">t<\/span> <span data-sanitized-class=\"pg-1fc3 pg-1sc0\">f<\/span><span data-sanitized-class=\"pg-1fc3 pg-1sc0\">es<\/span><span data-sanitized-class=\"pg-1fc3 pg-1sc0\">t<\/span><span data-sanitized-class=\"pg-1fc3 pg-1sc0\">i<\/span><span data-sanitized-class=\"pg-1fc3 pg-1sc0\">ve <\/span><span data-sanitized-class=\"pg-1ff3\"><span data-sanitized-class=\"pg-1fc3 pg-1sc0\">du<\/span><strong><span data-sanitized-class=\"pg-1fc3 pg-1sc0\">25<\/span> <span data-sanitized-class=\"pg-1fc3 pg-1sc0\">j<\/span><span data-sanitized-class=\"pg-1fc3 pg-1sc0\">uin<\/span> <span data-sanitized-class=\"pg-1fc3 pg-1sc0\">20<\/span><span data-sanitized-class=\"pg-1fc3 pg-1sc0\">23 <\/span><\/strong><\/span><strong>entre Strasbourg et Offenburg<\/strong><span data-sanitized-class=\"pg-1ff1\"><span data-sanitized-class=\"pg-1ff2\">pour <strong>montrer votre int\u00e9r\u00eat envers l\u2019autoroute \u00e0 v\u00e9lo<\/strong> qui doit <\/span><\/span><span data-sanitized-class=\"pg-1fc3 pg-1sc0\">r<\/span><span data-sanitized-class=\"pg-1fc3 pg-1sc0\">el<\/span><span data-sanitized-class=\"pg-1fc3 pg-1sc0\">i<\/span><span data-sanitized-class=\"pg-1fc3 pg-1sc0\">er <\/span><span data-sanitized-class=\"pg-1fc3 pg-1sc0\">ces<\/span> <span data-sanitized-class=\"pg-1fc3 pg-1sc0\">de<\/span><span data-sanitized-class=\"pg-1fc3 pg-1sc0\">ux <\/span><span data-sanitized-class=\"pg-1fc3 pg-1sc0\">vi<\/span><span data-sanitized-class=\"pg-1fc3 pg-1sc0\">l<\/span><span data-sanitized-class=\"pg-1fc3 pg-1sc0\">l<\/span><span data-sanitized-class=\"pg-1fc3 pg-1sc0\">es. <\/span><span data-sanitized-class=\"pg-1fc3 pg-1sc0\">C<\/span><span data-sanitized-class=\"pg-1fc3 pg-1sc0\">et<\/span><span data-sanitized-class=\"pg-1fc3 pg-1sc0\">t<\/span><span data-sanitized-class=\"pg-1fc3 pg-1sc0\">e <\/span><span data-sanitized-class=\"pg-1fc3 pg-1sc0\">au<\/span><span data-sanitized-class=\"pg-1fc3 pg-1sc0\">t<\/span><span data-sanitized-class=\"pg-1fc3 pg-1sc0\">orou<\/span><span data-sanitized-class=\"pg-1fc3 pg-1sc0\">t<\/span><span data-sanitized-class=\"pg-1fc3 pg-1sc0\">e <\/span><span data-sanitized-class=\"pg-1fc3 pg-1sc0\">\u00e0<\/span> <span data-sanitized-class=\"pg-1fc3 pg-1sc0\">v\u00e9l<\/span><span data-sanitized-class=\"pg-1fc3 pg-1sc0\">o <\/span><span data-sanitized-class=\"pg-1fc3 pg-1sc0\">es<\/span><span data-sanitized-class=\"pg-1fc3 pg-1sc0\">t<\/span> <span data-sanitized-class=\"pg-1fc3 pg-1sc0\">u<\/span><span data-sanitized-class=\"pg-1fc3 pg-1sc0\">ne<\/span> <span data-sanitized-class=\"pg-1fc3 pg-1sc0\">v\u00e9ritabl<\/span><span data-sanitized-class=\"pg-1fc3 pg-1sc0\">e<\/span> <span data-sanitized-class=\"pg-1fc3 pg-1sc0\">op<\/span><span data-sanitized-class=\"pg-1fc3 pg-1sc0\">po<\/span><span data-sanitized-class=\"pg-1fc3 pg-1sc0\">r<\/span><span data-sanitized-class=\"pg-1fc3 pg-1sc0\">t<\/span><span data-sanitized-class=\"pg-1fc3 pg-1sc0\">un<\/span><span data-sanitized-class=\"pg-1fc3 pg-1sc0\">i<\/span><span data-sanitized-class=\"pg-1fc3 pg-1sc0\">t<\/span><span data-sanitized-class=\"pg-1fc3 pg-1sc0\">\u00e9 <\/span><span data-sanitized-class=\"pg-1fc3 pg-1sc0\">\u00e0 <\/span><span data-sanitized-class=\"pg-1fc3 pg-1sc0\">l\u2019<\/span><span data-sanitized-class=\"pg-1fc3 pg-1sc0\">\u00e9g<\/span><span data-sanitized-class=\"pg-1fc3 pg-1sc0\">ard <\/span><span data-sanitized-class=\"pg-1fc3 pg-1sc0\">de<\/span> <span data-sanitized-class=\"pg-1fc3 pg-1sc0\">t<\/span><span data-sanitized-class=\"pg-1fc3 pg-1sc0\">o<\/span>u\u00b7tes les cyclistes de la r\u00e9gion strasbourgeoise pour aller se d\u00e9tendre, travailler ou faire ses courses sans \u00e9mettre de CO2\u2009<span data-sanitized-class=\"pg-1ff1 pg-1ls2\">! <\/span><\/div>\n<div data-sanitized-class=\"t pg-1m0 pg-1x2 pg-1h2 pg-1y14 pg-1ff1 pg-1fs0 pg-1fc0 pg-1sc0 pg-1ls0 pg-1ws0\">\u00a0<\/div>\n<div data-sanitized-class=\"t pg-1m0 pg-1x2 pg-1h2 pg-1y15 pg-1ff1 pg-1fs0 pg-1fc0 pg-1sc0 pg-1ls0 pg-1ws0\">Viens avec nous <strong>solliciter <span data-sanitized-class=\"pg-1ff2\">la constitution d\u2019un partenariat franco<span data-sanitized-class=\"pg-1ff1\">-allemand pour une <\/span><\/span>r\u00e9alisation en mode \u00ab\u2009urgence\u2009\u00bb de cette autoroute \u00e0 v\u00e9lo<\/strong>, certes valid\u00e9e jusqu\u2019\u00e0 la fronti\u00e8re au niveau du Land du Bade-Wurtemberg, mais po<span data-sanitized-class=\"pg-1ff2\">ur l\u2019instant encore orpheline en mati\u00e8re de <\/span>planification et de financement.<\/div>\n<div data-sanitized-class=\"t pg-1m0 pg-1x2 pg-1h2 pg-1y19 pg-1ff1 pg-1fs0 pg-1fc0 pg-1sc0 pg-1ls0 pg-1ws0\">\u00a0<\/div>\n<div data-sanitized-class=\"t pg-1m0 pg-1x2 pg-1h2 pg-1y1b pg-1ff1 pg-1fs0 pg-1fc0 pg-1sc0 pg-1ls0 pg-1ws0\">Viens <span data-sanitized-class=\"pg-1ff2\"><strong>\u00e9changer et prendre du bon temps avec des cyclistes de l\u2019Ortenau<\/strong> et d\u00e9couvrir avec <\/span>eux et elles, le territoire entre Strasbourg et Offenburg.<\/div>\n<div>\u00a0<\/div>\n<div data-sanitized-class=\"t pg-1m0 pg-1x2 pg-1h2 pg-1y1b pg-1ff1 pg-1fs0 pg-1fc0 pg-1sc0 pg-1ls0 pg-1ws0\">Cette balade ambitieuse est coorganis\u00e9e par l\u2019ADFC de Kehl et Offenburg et Strasbourg \u00e0 V\u00e9lo. Elle int\u00e8gre de nombreux partenaires : <em>Cadr67, la f\u00e9d\u00e9ration \u00ab\u00a0Recherche environnement et durabilit\u00e9\u00a0\u00bb \u2013 FERED (universit\u00e9 de Strasbourg), le Conseil de D\u00e9veloppement de l\u2019Eurometropole de Strasbourg, l\u2019Agence du Climat de l\u2019Eurom\u00e9tropole de Strasbourg, Hop\u2019la transition, NABU S\u00fcdbaden, BUND \u00ab\u00a0Friend auf the Earth Germany\u00a0\u00bb, B\u00fcgerinitiative Umweltschutz Kehl E.V. , VDC \u00ab\u00a0Mobilit\u00e4t f\u00fcr Menschen\u00a0\u00bb, B\u00fcrgerinitiative \u00ab\u00a0R\u00fcckenwind\u00a0\u00bb, Mouvement Europ\u00e9en Alsace, Astus Usagers, V\u00e9lostation, Umweltzentrum Ortenau.<\/em><\/div>\n<\/div>\n<\/div>\n<div>\u00a0<\/div>\n<div data-sanitized-class=\"pc pg-1pc1 pg-1w0 pg-1h0\">\n<div data-sanitized-class=\"c pg-1x1 pg-1y1 pg-1w2 pg-1h0\">\n<div>\n<figure aria-describedby=\"caption-attachment-1252\" data-sanitized-id=\"attachment_1252\" data-sanitized-class=\"wp-caption aligncenter\"><img loading=\"lazy\" decoding=\"async\" src=\"https:\/\/www.strasbourgavelo.org\/wp-content\/uploads\/2023\/05\/parcours-300x210.png\" alt=\"\" width=\"411\" height=\"288\" data-sanitized-class=\"wp-image-1252 \"><figcaption data-sanitized-id=\"caption-attachment-1252\" data-sanitized-class=\"wp-caption-text\">Le trac\u00e9 de la balade v\u00e9lambitieuse<\/figcaption><\/figure>\n<\/div>\n<div data-sanitized-class=\"t pg-1m0 pg-1x2 pg-1h2 pg-1y1d pg-1ff1 pg-1fs0 pg-1fc0 pg-1sc0 pg-1ls0 pg-1ws0\">\u00a0<\/div>\n<div data-sanitized-class=\"t pg-1m0 pg-1x2 pg-1h3 pg-1y1f pg-1ff3 pg-1fs0 pg-1fc1 pg-1sc0 pg-1ls0 pg-1ws0\">\u00a0<\/div>\n<div data-sanitized-class=\"t pg-1m0 pg-1x2 pg-1h3 pg-1y22 pg-1ff3 pg-1fs0 pg-1fc2 pg-1sc0 pg-1ls0 pg-1ws0\"><strong><span data-sanitized-class=\"pg-1fc3 pg-1sc0\">S<\/span><span data-sanitized-class=\"pg-1fc3 pg-1sc0\">t<\/span><span data-sanitized-class=\"pg-1fc3 pg-1sc0\">rasb<\/span><span data-sanitized-class=\"pg-1fc3 pg-1sc0\">ou<\/span><span data-sanitized-class=\"pg-1fc3 pg-1sc0\">rg<\/span> <span data-sanitized-class=\"pg-1fc3 pg-1sc0\">\u00e0 V\u00e9lo<\/span> <span data-sanitized-class=\"pg-1fc3 pg-1sc0\">de<\/span><span data-sanitized-class=\"pg-1fc3 pg-1sc0\">m<\/span><span data-sanitized-class=\"pg-1fc3 pg-1sc0\">an<\/span><span data-sanitized-class=\"pg-1fc3 pg-1sc0\">de<\/span> <span data-sanitized-class=\"pg-1fc3 pg-1sc0\">au<\/span><span data-sanitized-class=\"pg-1fc3 pg-1sc0\">x au<\/span><span data-sanitized-class=\"pg-1fc3 pg-1sc0\">t<\/span><span data-sanitized-class=\"pg-1fc3 pg-1sc0\">ori<\/span><span data-sanitized-class=\"pg-1fc3 pg-1sc0\">t<\/span><span data-sanitized-class=\"pg-1fc3 pg-1sc0\">\u00e9s<\/span> <span data-sanitized-class=\"pg-1ff4\"><span data-sanitized-class=\"pg-1fc3 pg-1sc0\">co<\/span><span data-sanitized-class=\"pg-1fc3 pg-1sc0\">mp\u00e9tentes<\/span> <span data-sanitized-class=\"pg-1fc3 pg-1sc0\">de<\/span> <span data-sanitized-class=\"pg-1fc3 pg-1sc0\">f<\/span><span data-sanitized-class=\"pg-1fc3 pg-1sc0\">a<\/span><span data-sanitized-class=\"pg-1fc3 pg-1sc0\">i<\/span><span data-sanitized-class=\"pg-1fc3 pg-1sc0\">re <\/span><span data-sanitized-class=\"pg-1fc3 pg-1sc0\">de<\/span> <span data-sanitized-class=\"pg-1fc3 pg-1sc0\">l<\/span><span data-sanitized-class=\"pg-1fc3 pg-1sc0\">\u2019<\/span><span data-sanitized-class=\"pg-1fc3 pg-1sc0\">au<\/span><span data-sanitized-class=\"pg-1fc3 pg-1sc0\">t<\/span><span data-sanitized-class=\"pg-1fc3 pg-1sc0\">orou<\/span><span data-sanitized-class=\"pg-1fc3 pg-1sc0\">t<\/span><span data-sanitized-class=\"pg-1fc3 pg-1sc0\">e<\/span> <span data-sanitized-class=\"pg-1fc3 pg-1sc0\">\u00e0 <\/span><span data-sanitized-class=\"pg-1fc3 pg-1sc0\">v\u00e9<\/span><span data-sanitized-class=\"pg-1fc3 pg-1sc0\">l<\/span><span data-sanitized-class=\"pg-1fc3 pg-1sc0\">o <\/span><\/span>Strasbourg \u2013 <span data-sanitized-class=\"pg-1ff4\">Offenburg, un projet d\u2019avenir franco<span data-sanitized-class=\"pg-1ff3\">-allemand aussi embl\u00e9matique que <\/span><\/span>celui du tramway entre Strasbourg et Kehl<\/strong><\/div>\n<div data-sanitized-class=\"t pg-1m0 pg-1x2 pg-1h2 pg-1y25 pg-1ff1 pg-1fs0 pg-1fc0 pg-1sc0 pg-1ls0 pg-1ws0\">\u00a0<\/div>\n<div data-sanitized-class=\"t pg-1m0 pg-1x5 pg-1h2 pg-1y26 pg-1ff5 pg-1fs0 pg-1fc0 pg-1sc0 pg-1ls0 pg-1ws0\">\u25cf<span data-sanitized-class=\"pg-1ff1\"> La pand\u00e9mie de Covid-19 a mis en lumi\u00e8re le besoin de liens, de synergies et de <\/span>r\u00e9ciprocit\u00e9s plus forts au sein du territoire frontalier.<\/div>\n<div data-sanitized-class=\"t pg-1m0 pg-1x5 pg-1h2 pg-1y28 pg-1ff5 pg-1fs0 pg-1fc0 pg-1sc0 pg-1ls0 pg-1ws0\">\u25cf<span data-sanitized-class=\"pg-1ff1\"><span data-sanitized-class=\"pg-1ff2\">En reliant deux territoires frontaliers, l\u2019autoroute \u00e0 v\u00e9lo Strasbourg-Offenburg offre une <\/span><\/span>mobilit\u00e9 peu \u00e9mettrice de CO2 <span data-sanitized-class=\"pg-1ff2\">vers de nombreux sites d\u2019emplois, vers une vari\u00e9t\u00e9 <\/span>d\u2019\u00e9quipements culturels, vers une<span data-sanitized-class=\"pg-1ff1\"> multitude de commerces, vers de vastes espaces <\/span>naturels, vers des lieux de rafra\u00eechissement, vers une gare de TGV et vers une gare ICE offrant des connexions directes vers toute l\u2019Europe\u2026<\/div>\n<div data-sanitized-class=\"t pg-1m0 pg-1x5 pg-1h2 pg-1y2e pg-1ff5 pg-1fs0 pg-1fc0 pg-1sc0 pg-1ls0 pg-1ws0\">\u25cf<span data-sanitized-class=\"pg-1ff1\"> Une meilleure compl\u00e9mentarit\u00e9 entre les deux territoires frontaliers am\u00e9liore le quotidien <\/span>des habitant. e. s et des entreprises et, en cas de crise majeure, la r\u00e9silience de cet espace frontalier est renforc\u00e9e.<\/div>\n<div data-sanitized-class=\"t pg-1m0 pg-1x5 pg-1h2 pg-1y31 pg-1ff5 pg-1fs0 pg-1fc0 pg-1sc0 pg-1ls0 pg-1ws0\">\u25cf<span data-sanitized-class=\"pg-1ff1\"><span data-sanitized-class=\"pg-1ff2\">L\u2019autoroute \u00e0 v\u00e9lo est aussi une v\u00e9ritable chance pour les anciens et nouveaux habitant\u00b7<\/span><\/span>e\u00b7 s du quartier des deux rives, mais aussi pour les personnes qui fr\u00e9quentent le Kaleidoscoop, haut lieu de transfrontalit\u00e9 \u00e0 Strasbourg.<\/div>\n<div data-sanitized-class=\"t pg-1m0 pg-1xb pg-1h6 pg-1y3c pg-1ff1 pg-1fs2 pg-1fc0 pg-1sc0 pg-1ls0 pg-1ws0\">\u25cf<span data-sanitized-class=\"pg-1ff1\"> Savez-<span data-sanitized-class=\"pg-1ff2\">vous que le territoire de l\u2019Ortenau, c\u2019est 430\u2009000 habitant\u00b7es reli\u00e9\u00b7es avec cinq <\/span><\/span>lignes de RER, toutes accessibles avec cette autoroute \u00e0 v\u00e9lo\u2009? L\u2019Ortenau, c\u2019est aussi de tr\u00e8s nombr<span data-sanitized-class=\"pg-1ff2\">eux emplois. Ainsi, 29\u2009000<span data-sanitized-class=\"pg-1ff1\"> emplois suppl\u00e9mentaires y ont \u00e9t\u00e9 cr\u00e9\u00e9s entre 2008 <\/span><\/span>et 2018. On peut comparer ce chiffre \u00e0 celui de la r\u00e9gion de Strasbourg qui s\u2019\u00e9l\u00e8ve \u00e0 9000 sur la m\u00eame p\u00e9riode (source : <em>Insee\/Destatis<\/em>).<\/div>\n<div>\u00a0<\/div>\n<\/div>\n<div>Les informations sur la manifestation en Fran\u00e7ais et Anglais :<\/div>\n<div>https:\/\/www.adfc-bw.de\/ortenau\/aktiv-im-ortenaukreis\/og-kehl\/manif-velo-raddemo-strasbourg-offenburg-2562023\/<\/div>\n<div data-sanitized-class=\"c pg-1x1 pg-1y1 pg-1w2 pg-1h0\">\n<div>\u00a0<\/div>\n<\/div>\n<div data-sanitized-class=\"d pg-1m1\">\n<figure aria-describedby=\"caption-attachment-1253\" data-sanitized-id=\"attachment_1253\" data-sanitized-class=\"wp-caption aligncenter\"><img decoding=\"async\" loading=\"lazy\" src=\"https:\/\/www.strasbourgavelo.org\/wp-content\/uploads\/2023\/05\/trajets-offenburg-300x252.png\" alt=\"\" width=\"381\" height=\"320\" data-sanitized-class=\"wp-image-1253 \"><figcaption data-sanitized-id=\"caption-attachment-1253\" data-sanitized-class=\"wp-caption-text\">R\u00e9sultats de l\u2019\u00e9tude de faisabilit\u00e9 \u2013 2020 r\u00e9alis\u00e9e par le Regionalverband S\u00fcdlicher La fr\u00e9quentation minimale d\u2019une liaison rapide cycliste de 2.000 trajets \/ jour est donc atteinte sur tous les tron\u00e7ons de la liaison Offenburg \u2013 Willst\u00e4tt \/ Appenweier \u2013 Kehl \u2013 Strasbourg. Oberrhein \u2013 Source : VIA eG; Kartengrundlage: \u00a9 Bundesamt f\u00fcr Kartographie und Geod\u00e4sie 2017<\/figcaption><\/figure>\n<\/div>\n<\/div>\n<\/div>\n<\/div>\n<div data-sanitized-class=\"dp-page-inner\">\n<div data-sanitized-id=\"pg-2pf2\" data-sanitized-class=\"pf pg-2w0 pg-2h0\">\n<div data-sanitized-class=\"pc pg-2pc2 pg-2w0 pg-2h0\">\n<div data-sanitized-class=\"c pg-2x1 pg-2y1 pg-2w2 pg-2h0\">\n<div data-sanitized-class=\"t pg-2m0 pg-2x4 pg-2h3 pg-2yc pg-2ff3 pg-2fs0 pg-2fc0 pg-2sc0 pg-2ls0 pg-2ws0\">\u00a0<\/div>\n<div data-sanitized-class=\"t pg-2m0 pg-2x2 pg-2h4 pg-2y10 pg-2ff4 pg-2fs1 pg-2fc0 pg-2sc0 pg-2ls0 pg-2ws0\">\u00a0<\/div>\n<div data-sanitized-class=\"t pg-2m0 pg-2x2 pg-2h4 pg-2y11 pg-2ff4 pg-2fs1 pg-2fc0 pg-2sc0 pg-2ls0 pg-2ws0\">\u00a0<\/div>\n<div data-sanitized-class=\"t pg-2m0 pg-2x5 pg-2h3 pg-2y13 pg-2ff5 pg-2fs0 pg-2fc0 pg-2sc0 pg-2ls0 pg-2ws0\"><strong><span data-sanitized-class=\"pg-2fc1 pg-2sc0\">\u2794 <\/span><span data-sanitized-class=\"pg-2ff1\"><span data-sanitized-class=\"pg-2ff6\"><span data-sanitized-class=\"pg-2fc1 pg-2sc0\">S<\/span><span data-sanitized-class=\"pg-2fc1 pg-2sc0\">t<\/span><span data-sanitized-class=\"pg-2fc1 pg-2sc0\">rasb<\/span><span data-sanitized-class=\"pg-2fc1 pg-2sc0\">ou<\/span><span data-sanitized-class=\"pg-2fc1 pg-2sc0\">rg<\/span> <span data-sanitized-class=\"pg-2fc1 pg-2sc0\">\u00e0 <\/span><span data-sanitized-class=\"pg-2fc1 pg-2sc0\">V\u00e9lo<\/span> <span data-sanitized-class=\"pg-2fc1 pg-2sc0\">co<\/span><span data-sanitized-class=\"pg-2fc1 pg-2sc0\">n<\/span><span data-sanitized-class=\"pg-2fc1 pg-2sc0\">sid\u00e8re <\/span><span data-sanitized-class=\"pg-2fc1 pg-2sc0\">qu<\/span><span data-sanitized-class=\"pg-2fc1 pg-2sc0\">e<\/span> <span data-sanitized-class=\"pg-2fc1 pg-2sc0\">l<\/span><span data-sanitized-class=\"pg-2fc1 pg-2sc0\">\u2019<\/span><span data-sanitized-class=\"pg-2fc1 pg-2sc0\">au<\/span><span data-sanitized-class=\"pg-2fc1 pg-2sc0\">t<\/span><span data-sanitized-class=\"pg-2fc1 pg-2sc0\">orou<\/span><span data-sanitized-class=\"pg-2fc1 pg-2sc0\">t<\/span><span data-sanitized-class=\"pg-2fc1 pg-2sc0\">e<\/span> <span data-sanitized-class=\"pg-2fc1 pg-2sc0\">\u00e0 <\/span><span data-sanitized-class=\"pg-2fc1 pg-2sc0\">v\u00e9l<\/span><span data-sanitized-class=\"pg-2fc1 pg-2sc0\">o<\/span> <span data-sanitized-class=\"pg-2fc1 pg-2sc0\">S<\/span><span data-sanitized-class=\"pg-2fc1 pg-2sc0\">t<\/span><span data-sanitized-class=\"pg-2fc1 pg-2sc0\">rasb<\/span><span data-sanitized-class=\"pg-2fc1 pg-2sc0\">ou<\/span><span data-sanitized-class=\"pg-2fc1 pg-2sc0\">rg <\/span><span data-sanitized-class=\"pg-2fc1 pg-2sc0\">\u2014<\/span><span data-sanitized-class=\"pg-2ff3\"><span data-sanitized-class=\"pg-2fc1 pg-2sc0\">O<\/span><span data-sanitized-class=\"pg-2fc1 pg-2sc0\">f<\/span><span data-sanitized-class=\"pg-2fc1 pg-2sc0\">f<\/span><span data-sanitized-class=\"pg-2fc1 pg-2sc0\">en<\/span><span data-sanitized-class=\"pg-2fc1 pg-2sc0\">bu<\/span><span data-sanitized-class=\"pg-2fc1 pg-2sc0\">rg <\/span><span data-sanitized-class=\"pg-2fc1 pg-2sc0\">es<\/span><span data-sanitized-class=\"pg-2fc1 pg-2sc0\">t <\/span><\/span><\/span><\/span><\/strong><strong>une opportunit\u00e9 pour tous et toutes les cyclistes de l\u2019Eurom\u00e9tropole de <\/strong><strong>Strasbourg, que ce soit pour aller se d\u00e9tendre, travailler ou faire ses courses.<\/strong><\/div>\n<div data-sanitized-class=\"t pg-2m0 pg-2x2 pg-2h2 pg-2y16 pg-2ff1 pg-2fs0 pg-2fc0 pg-2sc0 pg-2ls0 pg-2ws0\">\u00a0<\/div>\n<div data-sanitized-class=\"t pg-2m0 pg-2x5 pg-2h2 pg-2y17 pg-2ff7 pg-2fs0 pg-2fc0 pg-2sc0 pg-2ls0 pg-2ws0\">\u25cf <span data-sanitized-class=\"pg-2ff1\"><span data-sanitized-class=\"pg-2ff2\">Si l\u2019autoroute \u00e0 v\u00e9lo Strasbourg-Offenburg \u00e9tait situ\u00e9e sur un des deux territoires <\/span><\/span>nationaux, sa conception, sa mise en \u0153uvre et son financement seraient issus d\u2019un partenariat avec plusieurs collectivit\u00e9s locales. La rapidit\u00e9 de son passage \u00e0 l\u2019op\u00e9rationnel serait \u00e0 hauteur des enjeux actuels et sa mise en \u0153uvre serait coh\u00e9rente tout du long de son trajet pour une v\u00e9ritable r\u00e9ussite du projet.<\/div>\n<div data-sanitized-class=\"t pg-2m0 pg-2x5 pg-2h2 pg-2y1c pg-2ff7 pg-2fs0 pg-2fc0 pg-2sc0 pg-2ls0 pg-2ws0\">\u25cf<span data-sanitized-class=\"pg-2ff1\"> Le Land du Bade-<span data-sanitized-class=\"pg-2ff2\">Wurtemberg a annonc\u00e9 qu\u2019il assumera la responsabilit\u00e9 de la <\/span><\/span>planification, de la construction, <span data-sanitized-class=\"pg-2ff2\">de l\u2019exploitation et en partie de l\u2019entretien de cette <\/span>autoroute \u00e0 v\u00e9lo jusqu\u2019\u00e0 la fronti\u00e8re. Toutefois, aucun calendrier op\u00e9rationnel n\u2019est en vue.<\/div>\n<\/div>\n<div>\n<p><b><strong><span data-sanitized-class=\"pg-2fc1 pg-2sc0\">\u2794 <\/span><\/strong>Strasbourg \u00e0 V\u00e9lo sollicite la constitution d\u2019un partenariat franco-allemand pour une r\u00e9alisation en mode \u201curgence\u201d de cette autoroute \u00e0 v\u00e9lo. <\/b>Il s\u2019agit de regrouper nos forces et nos responsabilit\u00e9s respectives vis-\u00e0-vis de ce projet en constituant une alliance des comp\u00e9tences, des savoir-faire et des financements entre les deux pays. Un partenariat transfrontalier s\u2019impose entre l\u2019Eurom\u00e9tropole, la ville de Strasbourg, la Collectivit\u00e9 europ\u00e9enne d\u2019Alsace, le Land du Bade-Wurtemberg, le Landkreis de l\u2019Ortenau, les villes d\u2019Offenbourg, de Kehl, de Willst\u00e4tt, de Lahr\u2026, mais aussi entre les associations v\u00e9lo comme l\u2019ADFC, Strasbourg \u00e0 V\u00e9lo et Cadr67 et cela au b\u00e9n\u00e9fice d\u2019un r\u00e9el effacement de la fronti\u00e8re et du confort des futurs utilisateur\u00b7ices.<\/p>\n<p><b><strong><span data-sanitized-class=\"pg-2fc1 pg-2sc0\">\u2794<\/span><\/strong> Strasbourg \u00e0 V\u00e9lo recommande d\u2019explorer la possibilit\u00e9 d\u2019inscrire l\u2019autoroute \u00e0 v\u00e9lo transfrontali\u00e8re dans le programme du Landesgartenschau 2032<\/b><sup><b><a href=\"https:\/\/www.landesgartenschau-offenburg.de\/\" name=\"sdfootnote1anc\" data-sanitized-class=\"sdfootnoteanc\">lien<\/a><\/b><\/sup><b> \u00e0 Offenburg. <\/b>Cette possibilit\u00e9 offrirait un traitement compl\u00e9mentaire sous l\u2019angle du paysage, de la biodiversit\u00e9 et de l\u2019adaptation au changement climatique.<\/p>\n<p><b><strong><span data-sanitized-class=\"pg-2fc1 pg-2sc0\">\u2794<\/span><\/strong> Strasbourg \u00e0 v\u00e9lo demande d\u2019annuler la d\u00e9cision de supprimer l\u2019acc\u00e8s au Rhin et \u00e0 Offenburg par la for\u00eat du Neuhof <\/b>pr\u00e9vue dans le cadre de la modification des cheminements dans la r\u00e9serve naturelle. Cette modification pr\u00e9voit une d\u00e9viation par le port de Strasbourg et la route du Rohrschollen, une voie sans arbres et support de nuisances sonores et olfactives. Et cela malgr\u00e9 le maintien de la circulation automobile, de l\u2019activit\u00e9 du stand de tir et de celle de l\u2019a\u00e9rodrome.<\/p>\n<\/div>\n<div data-sanitized-class=\"c pg-2x1 pg-2y1 pg-2w2 pg-2h0\">\n<div>\u00a0<\/div>\n<div>\u00c9v\u00e9nement \u00e0 partager : <a href=\"https:\/\/www.facebook.com\/events\/201661539438588\">facebook.com\/events\/201661539438588<\/a><\/div>\n<div>\u00a0<\/div>\n<\/div>\n<div>\n<figure aria-describedby=\"caption-attachment-1249\" data-sanitized-id=\"attachment_1249\" data-sanitized-class=\"wp-caption aligncenter\"><img decoding=\"async\" loading=\"lazy\" src=\"https:\/\/www.strasbourgavelo.org\/wp-content\/uploads\/2023\/05\/balade-velambitieuse-211x300.jpg\" alt=\"\" width=\"303\" height=\"431\" data-sanitized-class=\"wp-image-1249 \"><figcaption data-sanitized-id=\"caption-attachment-1249\" data-sanitized-class=\"wp-caption-text\">Visuel \u00a9 Studio Lapointe<\/figcaption><\/figure>\n<\/div>\n<\/div>\n<\/div>\n<\/div>\n<div>\n<p>\u00a0<\/p>\n<\/div>\n<\/div>\n<\/div>\n<p class=\"wpematico_credit\"><small>Powered by <a href=\"http:\/\/www.wpematico.com\" target=\"_blank\" rel=\"noopener\">WPeMatico<\/a><\/small><\/p>\n","protected":false},"excerpt":{"rendered":"<p>Viens participer \u00e0 la balade \u00e0 v\u00e9lo franco\u2013allemande, ambitieuse et festive du25 juin 2023 entre Strasbourg et Offenburgpour montrer votre int\u00e9r\u00eat envers l\u2019autoroute \u00e0 v\u00e9lo qui doit relier ces deux villes. Cette autoroute \u00e0 v\u00e9lo est une v\u00e9ritable opportunit\u00e9 \u00e0 l\u2019\u00e9gard de tou\u00b7tes les cyclistes de la r\u00e9gion strasbourgeoise pour aller se d\u00e9tendre, travailler ou &hellip; <\/p>\n<p><a class=\"more-link btn\" href=\"https:\/\/www.strasbourgavelo.org\/balade-velambitieuse-strabourg-offenburg-25-juin-2023\/?pk_campaign=&#038;pk_source=\">Lire la suite<\/a><\/p>\n","protected":false},"author":334,"featured_media":8049,"comment_status":"closed","ping_status":"open","sticky":false,"template":"","format":"standard","meta":{"footnotes":""},"categories":[63,64,54,55,12,39,15],"tags":[],"class_list":["post-8048","post","type-post","status-publish","format-standard","has-post-thumbnail","hentry","category-action","category-allemagne","category-eurometropole","category-sav","category-strasbourg","category-velorution","category-via-sites","item-wrap"],"share_on_mastodon":{"url":"","error":""},"_links":{"self":[{"href":"https:\/\/azqs.com\/velo\/wp-json\/wp\/v2\/posts\/8048"}],"collection":[{"href":"https:\/\/azqs.com\/velo\/wp-json\/wp\/v2\/posts"}],"about":[{"href":"https:\/\/azqs.com\/velo\/wp-json\/wp\/v2\/types\/post"}],"author":[{"embeddable":true,"href":"https:\/\/azqs.com\/velo\/wp-json\/wp\/v2\/users\/334"}],"replies":[{"embeddable":true,"href":"https:\/\/azqs.com\/velo\/wp-json\/wp\/v2\/comments?post=8048"}],"version-history":[{"count":0,"href":"https:\/\/azqs.com\/velo\/wp-json\/wp\/v2\/posts\/8048\/revisions"}],"wp:featuredmedia":[{"embeddable":true,"href":"https:\/\/azqs.com\/velo\/wp-json\/wp\/v2\/media\/8049"}],"wp:attachment":[{"href":"https:\/\/azqs.com\/velo\/wp-json\/wp\/v2\/media?parent=8048"}],"wp:term":[{"taxonomy":"category","embeddable":true,"href":"https:\/\/azqs.com\/velo\/wp-json\/wp\/v2\/categories?post=8048"},{"taxonomy":"post_tag","embeddable":true,"href":"https:\/\/azqs.com\/velo\/wp-json\/wp\/v2\/tags?post=8048"}],"curies":[{"name":"wp","href":"https:\/\/api.w.org\/{rel}","templated":true}]}}