{"id":7750,"date":"2023-02-11T09:18:10","date_gmt":"2023-02-11T08:18:10","guid":{"rendered":"https:\/\/azqs.com\/velo\/?p=7750"},"modified":"2023-04-28T16:27:45","modified_gmt":"2023-04-28T14:27:45","slug":"le-festival-cyclocamp-2023-debarque-a-strasbourg-appel-a-benevoles","status":"publish","type":"post","link":"https:\/\/azqs.com\/velo\/2023\/02\/11\/le-festival-cyclocamp-2023-debarque-a-strasbourg-appel-a-benevoles\/","title":{"rendered":"Le Festival CycloCamp 2023  d\u00e9barque \u00e0 Strasbourg ! Appel \u00e0 b\u00e9n\u00e9voles"},"content":{"rendered":"<p><a href=\"http:\/\/azqs.com\/velo\/files\/2023\/02\/fly_cyclo_ag_small2-731x1024-1.jpg\"><img loading=\"lazy\" decoding=\"async\" class=\"alignnone size-medium wp-image-7751\" src=\"http:\/\/azqs.com\/velo\/files\/2023\/02\/fly_cyclo_ag_small2-731x1024-1-214x300.jpg\" alt=\"\" width=\"214\" height=\"300\" srcset=\"https:\/\/azqs.com\/velo\/files\/2023\/02\/fly_cyclo_ag_small2-731x1024-1-214x300.jpg 214w, https:\/\/azqs.com\/velo\/files\/2023\/02\/fly_cyclo_ag_small2-731x1024-1.jpg 731w\" sizes=\"(max-width: 214px) 100vw, 214px\" \/><\/a><\/p>\n<h1>le Cyclocamp c\u2019est <strong>quoi<\/strong> ?<\/h1>\n<h2 class=\"openingBlock\">Pour le savoir viens, \u00e0 pieds, \u00e0 cheval, \u00e0 v\u00e9lo, et m\u00eame en trot, \u00e0 la 1\u00e8re r\u00e9union d&rsquo;organisation du CycloCamp 2023 \u00e0 Strasbourg<\/h2>\n<p>C&rsquo;est le Mercredi 22 f\u00e9vrier \u00e0 20 h !!!<\/p>\n<ul>\n<li><strong>SPOILER ALERT \u2014<\/strong> un festival international de bidouilleur et bidouilleuses de v\u00e9los, mais on t\u2019explique tout en d\u00e9tail sur place<\/li>\n<li>le Cyclocamp c\u2019est <strong>qui ?\u00a0<\/strong><br \/>\nC\u2019est un collectif informel, mouvant et ouvert, nous, vous. Localement\u00a0 nous fournissons l\u2019infrastructure du festival, le reste de l\u2019 \u00e9v\u00e8nement est autog\u00e9r\u00e9 : vient avec ce que tu veux y trouver et\u00a0 ton \u00e9nergie du moment<\/li>\n<li>avant comment c\u2019\u00e9tait ?<br \/>\nProjection du <strong>film<\/strong> sur le 1er CycloCamp en 2011 en Autriche (12 min)<\/li>\n<li><strong>r\u00eavons<\/strong> notre CycloCamp !<br \/>\nQue voulons-nous y trouver, y faire ? Comment chacun souhaite s\u2019investir ?<\/li>\n<li>et<strong> enfin !\u00a0<\/strong><br \/>\nUn<strong> ap\u00e9ro participatif <\/strong>et joyeux pour pour f\u00eater notre rencontre<\/li>\n<\/ul>\n<p>&nbsp;<\/p>\n<div id=\"attachment_7753\" style=\"width: 300px\" class=\"wp-caption alignnone\"><a href=\"https:\/\/www.openstreetmap.org\/directions?engine=graphhopper_bicycle&amp;route=48.5846%2C7.7507%3B48.5786%2C7.7096#map=13\/48.5833\/7.7182\"><img loading=\"lazy\" decoding=\"async\" aria-describedby=\"caption-attachment-7753\" class=\"wp-image-7753 size-medium\" title=\"Lieu de RDV \" src=\"http:\/\/azqs.com\/velo\/files\/2023\/02\/map-300x121.png\" alt=\"mercredi 22 f\u00e9vrier \u00e0 19h00 \u00e0 la Maison des Projets91 Rte des Romains, 67200 Strasbourg (quartier Koenigshoffen, premier b\u00e2timent \u00e0 gauche, \u00e0 l\u2019entr\u00e9e du parc Gr\u00fcber)\" width=\"300\" height=\"121\" srcset=\"https:\/\/azqs.com\/velo\/files\/2023\/02\/map-300x121.png 300w, https:\/\/azqs.com\/velo\/files\/2023\/02\/map-1024x412.png 1024w, https:\/\/azqs.com\/velo\/files\/2023\/02\/map-768x309.png 768w, https:\/\/azqs.com\/velo\/files\/2023\/02\/map-500x201.png 500w, https:\/\/azqs.com\/velo\/files\/2023\/02\/map.png 1079w\" sizes=\"(max-width: 300px) 100vw, 300px\" \/><\/a><p id=\"caption-attachment-7753\" class=\"wp-caption-text\">Mercredi 22 f\u00e9vrier \u00e0 20h00 \u00e0 la Maison des Projets 91 Route des Romains, 67200 Strasbourg (quartier Koenigshoffen, premier b\u00e2timent \u00e0 gauche, \u00e0 l\u2019entr\u00e9e du parc Gr\u00fcber)<\/p><\/div>\n<p>Plus de d\u00e9tails sur l&rsquo;\u00e9v\u00e8nement la &gt;&gt;<\/p>\n<p><a href=\"https:\/\/cyclocamp.org\/invitation-ag-cyclocamp\/\" target=\"_blank\" rel=\"noopener\">https:\/\/cyclocamp.org\/invitation-ag-cyclocamp\/<\/a><br \/>\n<a href=\"https:\/\/strasbourgfurieuse.demosphere.net\/rv\/4156\" target=\"_blank\" rel=\"noopener\">https:\/\/strasbourgfurieuse.demosphere.net\/rv\/4156<\/a><\/p>\n<p>Et aussi<\/p>\n<p><a href=\"https:\/\/www.pearltrees.com\/geeknik\/cyclotourisme-carte-logement\/id20702672\" target=\"_blank\" rel=\"noopener\">Infos cyclotourisme : Cartes et logements en France<\/a><\/p>\n","protected":false},"excerpt":{"rendered":"<p>le Cyclocamp c\u2019est quoi ? Pour le savoir viens, \u00e0 pieds, \u00e0 cheval, \u00e0 v\u00e9lo, et m\u00eame en trot, \u00e0 la 1\u00e8re r\u00e9union d&rsquo;organisation du CycloCamp 2023 \u00e0 Strasbourg C&rsquo;est le Mercredi 22 f\u00e9vrier \u00e0 20 h !!! SPOILER ALERT \u2014 un festival international de bidouilleur et bidouilleuses de v\u00e9los, mais on t\u2019explique tout en &hellip; <\/p>\n<p><a class=\"more-link btn\" href=\"https:\/\/azqs.com\/velo\/2023\/02\/11\/le-festival-cyclocamp-2023-debarque-a-strasbourg-appel-a-benevoles\/\">Lire la suite<\/a><\/p>\n","protected":false},"author":389,"featured_media":0,"comment_status":"closed","ping_status":"closed","sticky":false,"template":"","format":"standard","meta":{"footnotes":""},"categories":[5,2,12],"tags":[32,33,24],"class_list":["post-7750","post","type-post","status-publish","format-standard","hentry","category-ateliers","category-porte-ouverte-rencontre","category-strasbourg","tag-camp","tag-vacance","tag-velorution","item-wrap"],"share_on_mastodon":{"url":"","error":""},"_links":{"self":[{"href":"https:\/\/azqs.com\/velo\/wp-json\/wp\/v2\/posts\/7750"}],"collection":[{"href":"https:\/\/azqs.com\/velo\/wp-json\/wp\/v2\/posts"}],"about":[{"href":"https:\/\/azqs.com\/velo\/wp-json\/wp\/v2\/types\/post"}],"author":[{"embeddable":true,"href":"https:\/\/azqs.com\/velo\/wp-json\/wp\/v2\/users\/389"}],"replies":[{"embeddable":true,"href":"https:\/\/azqs.com\/velo\/wp-json\/wp\/v2\/comments?post=7750"}],"version-history":[{"count":4,"href":"https:\/\/azqs.com\/velo\/wp-json\/wp\/v2\/posts\/7750\/revisions"}],"predecessor-version":[{"id":7756,"href":"https:\/\/azqs.com\/velo\/wp-json\/wp\/v2\/posts\/7750\/revisions\/7756"}],"wp:attachment":[{"href":"https:\/\/azqs.com\/velo\/wp-json\/wp\/v2\/media?parent=7750"}],"wp:term":[{"taxonomy":"category","embeddable":true,"href":"https:\/\/azqs.com\/velo\/wp-json\/wp\/v2\/categories?post=7750"},{"taxonomy":"post_tag","embeddable":true,"href":"https:\/\/azqs.com\/velo\/wp-json\/wp\/v2\/tags?post=7750"}],"curies":[{"name":"wp","href":"https:\/\/api.w.org\/{rel}","templated":true}]}}