{"id":10720,"date":"2026-04-23T12:14:49","date_gmt":"2026-04-23T10:14:49","guid":{"rendered":"https:\/\/azqs.com\/velo\/?p=10720"},"modified":"2026-04-23T12:14:49","modified_gmt":"2026-04-23T10:14:49","slug":"docu-motherload-ou-la-revolution-du-velo-cargo-mercredi-29-avril-2026","status":"publish","type":"post","link":"https:\/\/azqs.com\/velo\/2026\/04\/23\/docu-motherload-ou-la-revolution-du-velo-cargo-mercredi-29-avril-2026\/","title":{"rendered":"Docu :: Motherload ou la r\u00e9volution du v\u00e9lo cargo :: Mercredi 29 Avril 2026"},"content":{"rendered":"<div>Le <a href=\"https:\/\/azqs.com\/lestick\" target=\"_blank\" rel=\"noopener\"><b>STICK Koenigshoffen<\/b><\/a> et <b class=\"html-b xdj266r x14z9mp xat24cr x1lziwak xexx8yu xyri2b x18d9i69 x1c1uobl x1hl2dhg x16tdsg8 x1vvkbs x1s688f\"><a class=\"x1i10hfl xjbqb8w x1ejq31n x18oe1m7 x1sy0etr xstzfhl x972fbf x10w94by x1qhh985 x14e42zd x9f619 x1ypdohk xt0psk2 x3ct3a4 xdj266r x14z9mp xat24cr x1lziwak xexx8yu xyri2b x18d9i69 x1c1uobl x16tdsg8 x1hl2dhg xggy1nq x1a2a7pz xkrqix3 x1sur9pj xzsf02u x1s688f\" tabindex=\"0\" role=\"link\" href=\"https:\/\/s-cargo.fr\/\" target=\"_blank\" rel=\"noopener\">S&rsquo;Cargo <\/a><\/b>organisent leur premi\u00e8re projection dans le local partag\u00e9 par S&rsquo;Cargo et le STICK !\u00a0<br class=\"html-br\" \/>Avec au programme le docu \u00ab\u00a0Motherload ou la r\u00e9volution du v\u00e9lo cargo\u00a0\u00bb.<\/div>\n<div>Pratique, ludique, \u00e9cologique, bon pour la sant\u00e9, le v\u00e9lo cargo fait de plus en plus d\u2019\u00e9mules \u00e0 travers le monde. Pour la r\u00e9alisatrice et militante Liz Canning, il pourrait bien retrouver bient\u00f4t le r\u00f4le de \u00ab\u00a0r\u00e9volutionnaire social\u00a0\u00bb que son anc\u00eatre la bicyclette a jou\u00e9 \u00e0 la fin du 19e si\u00e8cle. De cette conviction est n\u00e9 le passionnant film documentaire Motherload.<\/div>\n<div>\n<p>&nbsp;<\/p>\n<p><img loading=\"lazy\" decoding=\"async\" class=\"aligncenter size-large wp-image-10723\" src=\"http:\/\/azqs.com\/velo\/files\/2026\/04\/m-1024x654.jpg\" alt=\"\" width=\"870\" height=\"556\" srcset=\"https:\/\/azqs.com\/velo\/files\/2026\/04\/m-1024x654.jpg 1024w, https:\/\/azqs.com\/velo\/files\/2026\/04\/m-300x192.jpg 300w, https:\/\/azqs.com\/velo\/files\/2026\/04\/m-768x491.jpg 768w, https:\/\/azqs.com\/velo\/files\/2026\/04\/m-1536x982.jpg 1536w, https:\/\/azqs.com\/velo\/files\/2026\/04\/m-870x556.jpg 870w, https:\/\/azqs.com\/velo\/files\/2026\/04\/m.jpg 1784w\" sizes=\"(max-width: 870px) 100vw, 870px\" \/><\/p>\n<p>Infos compl\u00e8tes sur le documentaire ici &gt;&gt; <a href=\"https:\/\/www.amsterdamair.fr\/blog\/actualite\/motherload-cargo-bike-revolution\/\" target=\"_blank\" rel=\"noopener\">https:\/\/www.amsterdamair.fr\/blog\/actualite\/motherload-cargo-bike-revolution\/<\/a><\/p>\n<p>Et ici :<a href=\"https:\/\/weelz.ouest-france.fr\/motherload-documentaire-velo-cargo-trailer\/\" target=\"_blank\" rel=\"noopener\"> https:\/\/weelz.ouest-france.fr\/motherload-documentaire-velo-cargo-trailer\/<\/a><\/p>\n<p>Site du docu : <a href=\"https:\/\/motherloadmovie.com\/\" target=\"_blank\" rel=\"noopener\">https:\/\/motherloadmovie.com\/<\/a><\/p>\n<div class=\"x1i10hfl xjbqb8w x1ejq31n x18oe1m7 x1sy0etr xstzfhl x972fbf x10w94by x1qhh985 x14e42zd x9f619 x1ypdohk xt0psk2 x3ct3a4 xdj266r x14z9mp xat24cr x1lziwak xexx8yu xyri2b x18d9i69 x1c1uobl x16tdsg8 x1hl2dhg xggy1nq x1a2a7pz xkrqix3 x1sur9pj xzsf02u x1s688f\" tabindex=\"0\" role=\"button\"><strong>Lieu de la projection<\/strong><br \/>\nMercredi 29 Avril 2026<br \/>\n18 h 30<\/div>\n<\/div>\n<div>S&rsquo;Cargo \/ STICK<\/div>\n<div>67 Route des Romains,<br \/>\n67200 Strasbourg <span class=\"xdmh292 x15dsfln x140p0ai x1gufx9m x1s928wv xhkezso x1gmr53x x1cpjm7i x1fgarty x1943h6x x193iq5w xeuugli x13faqbe x1vvkbs x1yc453h x1lliihq xzsf02u xlh3980 xvmahel x1x9mg3 xo1l8bm\" dir=\"auto\"><b class=\"html-b xdj266r x14z9mp xat24cr x1lziwak xexx8yu xyri2b x18d9i69 x1c1uobl x1hl2dhg x16tdsg8 x1vvkbs x1s688f\">Koenigshoffen<\/b><\/span><\/div>\n","protected":false},"excerpt":{"rendered":"<p>Le STICK Koenigshoffen et S&rsquo;Cargo organisent leur premi\u00e8re projection dans le local partag\u00e9 par S&rsquo;Cargo et le STICK !\u00a0Avec au programme le docu \u00ab\u00a0Motherload ou la r\u00e9volution du v\u00e9lo cargo\u00a0\u00bb. Pratique, ludique, \u00e9cologique, bon pour la sant\u00e9, le v\u00e9lo cargo fait de plus en plus d\u2019\u00e9mules \u00e0 travers le monde. Pour la r\u00e9alisatrice et militante &hellip; <\/p>\n<p><a class=\"more-link btn\" href=\"https:\/\/azqs.com\/velo\/2026\/04\/23\/docu-motherload-ou-la-revolution-du-velo-cargo-mercredi-29-avril-2026\/\">Lire la suite<\/a><\/p>\n","protected":false},"author":291,"featured_media":10723,"comment_status":"closed","ping_status":"closed","sticky":false,"template":"","format":"standard","meta":{"footnotes":""},"categories":[72,57,39,8,45],"tags":[172,163,25,166,19],"class_list":["post-10720","post","type-post","status-publish","format-standard","has-post-thumbnail","hentry","category-evenements","category-velo","category-velorution","category-via-facebook","category-video","tag-bicyclette","tag-soiree","tag-strasbourg","tag-velocargo","tag-velotaf-strasbourg","item-wrap"],"share_on_mastodon":{"url":"","error":""},"_links":{"self":[{"href":"https:\/\/azqs.com\/velo\/wp-json\/wp\/v2\/posts\/10720"}],"collection":[{"href":"https:\/\/azqs.com\/velo\/wp-json\/wp\/v2\/posts"}],"about":[{"href":"https:\/\/azqs.com\/velo\/wp-json\/wp\/v2\/types\/post"}],"author":[{"embeddable":true,"href":"https:\/\/azqs.com\/velo\/wp-json\/wp\/v2\/users\/291"}],"replies":[{"embeddable":true,"href":"https:\/\/azqs.com\/velo\/wp-json\/wp\/v2\/comments?post=10720"}],"version-history":[{"count":3,"href":"https:\/\/azqs.com\/velo\/wp-json\/wp\/v2\/posts\/10720\/revisions"}],"predecessor-version":[{"id":10724,"href":"https:\/\/azqs.com\/velo\/wp-json\/wp\/v2\/posts\/10720\/revisions\/10724"}],"wp:featuredmedia":[{"embeddable":true,"href":"https:\/\/azqs.com\/velo\/wp-json\/wp\/v2\/media\/10723"}],"wp:attachment":[{"href":"https:\/\/azqs.com\/velo\/wp-json\/wp\/v2\/media?parent=10720"}],"wp:term":[{"taxonomy":"category","embeddable":true,"href":"https:\/\/azqs.com\/velo\/wp-json\/wp\/v2\/categories?post=10720"},{"taxonomy":"post_tag","embeddable":true,"href":"https:\/\/azqs.com\/velo\/wp-json\/wp\/v2\/tags?post=10720"}],"curies":[{"name":"wp","href":"https:\/\/api.w.org\/{rel}","templated":true}]}}