{"id":10617,"date":"2026-01-28T21:27:01","date_gmt":"2026-01-28T20:27:01","guid":{"rendered":"https:\/\/azqs.com\/velo\/?p=10617"},"modified":"2026-03-09T13:24:59","modified_gmt":"2026-03-09T12:24:59","slug":"cine-velo-mecanique-solidaire-de-valentine-michez","status":"publish","type":"post","link":"https:\/\/azqs.com\/velo\/2026\/01\/28\/cine-velo-mecanique-solidaire-de-valentine-michez\/","title":{"rendered":"Cin\u00e9 v\u00e9lo &#8211; M\u00e9canique solidaire de Valentine Michez"},"content":{"rendered":"<p>D\u00e9couvrez l&rsquo;histoire inspirante de Salma, une jeune \u00e9gyptienne expatri\u00e9e \u00e0 Berlin, qui a trouv\u00e9 sa passion dans la m\u00e9canique v\u00e9lo.<\/p>\n<div class=\"embed-container\">\n<div class=\"container-lazyload preview-lazyload container-youtube js-lazyload--not-loaded\"><a href=\"https:\/\/www.youtube.com\/watch?v=00U2ZgKIHJo\" class=\"lazy-load-youtube preview-lazyload preview-youtube\" data-video-title=\"M\u00e9canique solidaire - bande-annonce (2023)\" title=\"Play video &quot;M\u00e9canique solidaire - bande-annonce (2023)&quot;\">https:\/\/www.youtube.com\/watch?v=00U2ZgKIHJo<\/a><noscript>Video can&rsquo;t be loaded because JavaScript is disabled: <a href=\"https:\/\/www.youtube.com\/watch?v=00U2ZgKIHJo\" title=\"M\u00e9canique solidaire - bande-annonce (2023)\">M\u00e9canique solidaire &#8211; bande-annonce (2023) (https:\/\/www.youtube.com\/watch?v=00U2ZgKIHJo)<\/a><\/noscript><\/div>\n<\/div>\n<h3>Plus d&rsquo;infos sur :<\/h3>\n<p><a href=\"https:\/\/strasbourgfurieuse.demosphere.net\/lieu\/377\" target=\"_blank\" rel=\"noopener\">https:\/\/strasbourgfurieuse.demosphere.net\/lieu\/377<\/a><\/p>\n<p>ou<\/p>\n<p><a href=\"https:\/\/actu.azqs.com\/strasbourg\/p\/i\/?get=f_91\" target=\"_blank\" rel=\"noopener\">https:\/\/actu.azqs.com\/strasbourg\/p\/i\/?get=f_91<\/a><\/p>\n<p>Bretselle<br \/>\nStrasbourg<\/p>\n","protected":false},"excerpt":{"rendered":"<p>D\u00e9couvrez l&rsquo;histoire inspirante de Salma, une jeune \u00e9gyptienne expatri\u00e9e \u00e0 Berlin, qui a trouv\u00e9 sa passion dans la m\u00e9canique v\u00e9lo. https:\/\/www.youtube.com\/watch?v=00U2ZgKIHJoVideo can&rsquo;t be loaded because JavaScript is disabled: M\u00e9canique solidaire &#8211; bande-annonce (2023) (https:\/\/www.youtube.com\/watch?v=00U2ZgKIHJo) Plus d&rsquo;infos sur : https:\/\/strasbourgfurieuse.demosphere.net\/lieu\/377 ou https:\/\/actu.azqs.com\/strasbourg\/p\/i\/?get=f_91 Bretselle Strasbourg<\/p>\n","protected":false},"author":278,"featured_media":0,"comment_status":"closed","ping_status":"closed","sticky":false,"template":"","format":"standard","meta":{"footnotes":""},"categories":[96,12,45],"tags":[141,182,163,25,158],"class_list":["post-10617","post","type-post","status-publish","format-standard","hentry","category-soiree","category-strasbourg","category-video","tag-autoreparation","tag-cinema","tag-soiree","tag-strasbourg","tag-velo","item-wrap"],"share_on_mastodon":{"url":"https:\/\/masto.bike\/@actuvelostrasbourg\/115974606257470264","error":""},"_links":{"self":[{"href":"https:\/\/azqs.com\/velo\/wp-json\/wp\/v2\/posts\/10617"}],"collection":[{"href":"https:\/\/azqs.com\/velo\/wp-json\/wp\/v2\/posts"}],"about":[{"href":"https:\/\/azqs.com\/velo\/wp-json\/wp\/v2\/types\/post"}],"author":[{"embeddable":true,"href":"https:\/\/azqs.com\/velo\/wp-json\/wp\/v2\/users\/278"}],"replies":[{"embeddable":true,"href":"https:\/\/azqs.com\/velo\/wp-json\/wp\/v2\/comments?post=10617"}],"version-history":[{"count":3,"href":"https:\/\/azqs.com\/velo\/wp-json\/wp\/v2\/posts\/10617\/revisions"}],"predecessor-version":[{"id":10620,"href":"https:\/\/azqs.com\/velo\/wp-json\/wp\/v2\/posts\/10617\/revisions\/10620"}],"wp:attachment":[{"href":"https:\/\/azqs.com\/velo\/wp-json\/wp\/v2\/media?parent=10617"}],"wp:term":[{"taxonomy":"category","embeddable":true,"href":"https:\/\/azqs.com\/velo\/wp-json\/wp\/v2\/categories?post=10617"},{"taxonomy":"post_tag","embeddable":true,"href":"https:\/\/azqs.com\/velo\/wp-json\/wp\/v2\/tags?post=10617"}],"curies":[{"name":"wp","href":"https:\/\/api.w.org\/{rel}","templated":true}]}}