{"id":10610,"date":"2026-01-14T20:13:03","date_gmt":"2026-01-14T19:13:03","guid":{"rendered":"https:\/\/azqs.com\/velo\/?p=10610"},"modified":"2026-03-09T13:25:09","modified_gmt":"2026-03-09T12:25:09","slug":"cargo-race-4-schilick-orgas-des-mobilites-douces-cest-a-vous-jouer","status":"publish","type":"post","link":"https:\/\/azqs.com\/velo\/2026\/01\/14\/cargo-race-4-schilick-orgas-des-mobilites-douces-cest-a-vous-jouer\/","title":{"rendered":"Cargo Race # 4 &#8211; Schilick :: Orgas des mobilit\u00e9s douces c&rsquo;est \u00e0 vous jouer !"},"content":{"rendered":"<p class=\"isSelectedEnd\"><span style=\"font-size: 14pt;\"><strong>Vous vous engagez sur les sujets des mobilit\u00e9s douces (v\u00e9lo, v\u00e9lo cargo, remorque, tricycle,\u00a0 multimodale, v\u00e9lo utilitaire, &#8230;)<br \/>\n<\/strong><\/span><\/p>\n<p class=\"isSelectedEnd\"><span style=\"font-size: 14pt;\"><strong><span style=\"font-size: 18pt;\">Participez \u00e0 la Cargo Race !!!<\/span><\/strong><\/span><\/p>\n<h3 class=\"isSelectedEnd\"><span style=\"font-family: Tahoma; font-size: 14pt;\">Extrait de l&rsquo;appel<br \/>\n\u00ab\u00a0Nous avons le plaisir de vous informer que la <strong>4\u1d49 \u00e9dition de la Cargo Race Schilick<\/strong> se tiendra le <strong>dimanche 14 juin 2026<\/strong>, <strong>place de la Mairie \u00e0 Schiltigheim<\/strong>.<\/span><\/h3>\n<p class=\"isSelectedEnd\"><span style=\"font-family: Tahoma; font-size: 14pt;\">Nous vous invitons d\u00e8s \u00e0 pr\u00e9sent \u00e0 <strong>r\u00e9server ce cr\u00e9neau si vous souhaitez \u00eatre des n\u00f4tres.<\/strong><\/span><\/p>\n<h3><span style=\"font-family: Tahoma; font-size: 14pt;\">Rappel du concept<\/span><\/h3>\n<p class=\"isSelectedEnd\"><span style=\"font-family: Tahoma; font-size: 14pt;\">Pour la quatri\u00e8me ann\u00e9e cons\u00e9cutive, nous organisons une journ\u00e9e d\u00e9di\u00e9e aux <strong>courses de v\u00e9los utilitaires<\/strong>, volontairement conviviale et un brin d\u00e9cal\u00e9e, afin de faire d\u00e9couvrir cet outil formidable au plus grand nombre !<br \/>\nInspir\u00e9s par des initiatives similaires \u00e0 Berlin, New York ou D\u00fcsseldorf, nous souhaitons continuer \u00e0 donner envie \u00e0 d\u2019autres de se lancer.<\/span><\/p>\n<p class=\"isSelectedEnd\"><span style=\"font-family: Tahoma; font-size: 14pt;\">Au programme des courses de cargo bikes, de remorques, des courses en relai par \u00e9quipe de trois en mode Ravito Biere\/soft et des animations pour les kids.<\/span><\/p>\n<p class=\"isSelectedEnd\"><span style=\"font-family: Tahoma; font-size: 14pt;\">Les courses sont <strong>familiales, inclusives et accessibles \u00e0 toutes et tous<\/strong>.<\/span><\/p>\n<p class=\"isSelectedEnd\"><span style=\"font-family: Tahoma; font-size: 14pt;\"><br \/>\nLors de la pr\u00e9c\u00e9dente \u00e9dition, l\u2019\u00e9v\u00e9nement a r\u00e9uni environ <strong>400 visiteurs<\/strong>\u00a0sur la journ\u00e9e, avec <strong>une quarantaine de pilotes adultes<\/strong> et <strong>une soixantaine d\u2019enfants<\/strong> sur la ligne de d\u00e9part.<\/span><\/p>\n<p class=\"isSelectedEnd\"><span style=\"font-family: Tahoma; font-size: 14pt;\">Le <strong>village des courses<\/strong> est un \u00e9l\u00e9ment central de cette dynamique, m\u00ealant <strong>culture v\u00e9lo<\/strong> et <strong>vitalit\u00e9 \u00e9conomique locale<\/strong>.<br \/>\n\u00c0 ce titre, nous serions ravis de vous y accueillir \u00e0 nouveau.<\/span><\/p>\n<h3><span style=\"font-family: Tahoma; font-size: 14pt;\">Organisation<\/span><\/h3>\n<p class=\"isSelectedEnd\"><span style=\"font-family: Tahoma; font-size: 14pt;\">Le <strong>dispositif sera reconduit \u00e0 l\u2019identique<\/strong> de celui de la derni\u00e8re \u00e9dition.<br \/>\nComme pr\u00e9c\u00e9demment, nous mettons \u00e0 votre disposition :<\/span><\/p>\n<ul data-spread=\"false\">\n<li>\n<p class=\"isSelectedEnd\"><span style=\"font-family: Tahoma; font-size: 14pt;\">\u2705 une tonnelle,<\/span><\/p>\n<\/li>\n<li>\n<p class=\"isSelectedEnd\"><span style=\"font-family: Tahoma; font-size: 14pt;\">\u2705 deux bancs et une table,<\/span><\/p>\n<\/li>\n<li>\n<p class=\"isSelectedEnd\"><span style=\"font-family: Tahoma; font-size: 14pt;\">\ud83c\udf89 une <strong>libert\u00e9 totale<\/strong> dans l\u2019animation de votre stand et vos \u00e9changes avec le public.<\/span><\/p>\n<\/li>\n<\/ul>\n<div><\/div>\n<div><span style=\"font-size: 14pt;\">Merci \u00e0 celles et ceux qui sont int\u00e9ress\u00e9s par tenir un stand ou faire des animations de nous contacter par mail pour qu&rsquo;on commence \u00e0 en \u00e9changer \ud83d\ude42<\/span><\/div>\n<p>&nbsp;<\/p>\n<p class=\"isSelectedEnd\">..\/..<\/p>\n<p class=\"isSelectedEnd\"><span style=\"font-family: Tahoma; font-size: 14pt;\">Au plaisir de vous compter parmi nous pour cette nouvelle \u00e9dition.<\/span><\/p>\n<p class=\"isSelectedEnd\"><span style=\"font-family: Tahoma; font-size: 14pt;\">Cordialement,<\/span><\/p>\n<p><span style=\"font-family: Tahoma; font-size: 14pt;\">Julien Hofstetter<br \/>\nCo-pr\u00e9sident de La Schilyclette<br \/>\n\u00ab\u00a0<\/span><\/p>\n<p><span style=\"font-family: Tahoma; font-size: 14pt;\">Toutes les demandes et autres infos<br \/>\n<a href=\"http:\/\/www.laschilyclette.fr\/\" target=\"_blank\" rel=\"noopener\">http:\/\/www.laschilyclette.fr\/<\/a><\/p>\n<p><\/span><\/p>\n","protected":false},"excerpt":{"rendered":"<p>Vous vous engagez sur les sujets des mobilit\u00e9s douces (v\u00e9lo, v\u00e9lo cargo, remorque, tricycle,\u00a0 multimodale, v\u00e9lo utilitaire, &#8230;) Participez \u00e0 la Cargo Race !!! Extrait de l&rsquo;appel \u00ab\u00a0Nous avons le plaisir de vous informer que la 4\u1d49 \u00e9dition de la Cargo Race Schilick se tiendra le dimanche 14 juin 2026, place de la Mairie \u00e0 &hellip; <\/p>\n<p><a class=\"more-link btn\" href=\"https:\/\/azqs.com\/velo\/2026\/01\/14\/cargo-race-4-schilick-orgas-des-mobilites-douces-cest-a-vous-jouer\/\">Lire la suite<\/a><\/p>\n","protected":false},"author":278,"featured_media":0,"comment_status":"closed","ping_status":"closed","sticky":false,"template":"","format":"standard","meta":{"footnotes":""},"categories":[79,98,72,76,94,12,57],"tags":[138,161,137,67,151,166,19],"class_list":["post-10610","post","type-post","status-publish","format-standard","hentry","category-animations","category-bicyclette","category-evenements","category-festivites","category-fete","category-strasbourg","category-velo","tag-alsace","tag-course","tag-eurometropole","tag-fete","tag-schiltigheim","tag-velocargo","tag-velotaf-strasbourg","item-wrap"],"share_on_mastodon":{"url":"https:\/\/masto.bike\/@actuvelostrasbourg\/115895045901120118","error":""},"_links":{"self":[{"href":"https:\/\/azqs.com\/velo\/wp-json\/wp\/v2\/posts\/10610"}],"collection":[{"href":"https:\/\/azqs.com\/velo\/wp-json\/wp\/v2\/posts"}],"about":[{"href":"https:\/\/azqs.com\/velo\/wp-json\/wp\/v2\/types\/post"}],"author":[{"embeddable":true,"href":"https:\/\/azqs.com\/velo\/wp-json\/wp\/v2\/users\/278"}],"replies":[{"embeddable":true,"href":"https:\/\/azqs.com\/velo\/wp-json\/wp\/v2\/comments?post=10610"}],"version-history":[{"count":1,"href":"https:\/\/azqs.com\/velo\/wp-json\/wp\/v2\/posts\/10610\/revisions"}],"predecessor-version":[{"id":10611,"href":"https:\/\/azqs.com\/velo\/wp-json\/wp\/v2\/posts\/10610\/revisions\/10611"}],"wp:attachment":[{"href":"https:\/\/azqs.com\/velo\/wp-json\/wp\/v2\/media?parent=10610"}],"wp:term":[{"taxonomy":"category","embeddable":true,"href":"https:\/\/azqs.com\/velo\/wp-json\/wp\/v2\/categories?post=10610"},{"taxonomy":"post_tag","embeddable":true,"href":"https:\/\/azqs.com\/velo\/wp-json\/wp\/v2\/tags?post=10610"}],"curies":[{"name":"wp","href":"https:\/\/api.w.org\/{rel}","templated":true}]}}