{"id":10326,"date":"2025-08-01T06:00:38","date_gmt":"2025-08-01T04:00:38","guid":{"rendered":"https:\/\/azqs.com\/velo\/2025\/08\/01\/podcast-saison-3-episode-2-canicule-travaux-ring-cargo-et-carrefour-wodly-au-menu-de-ce-nouveau-numero\/"},"modified":"2025-08-01T06:00:38","modified_gmt":"2025-08-01T04:00:38","slug":"podcast-saison-3-episode-2-canicule-travaux-ring-cargo-et-carrefour-wodly-au-menu-de-ce-nouveau-numero","status":"publish","type":"post","link":"https:\/\/www.strasbourgavelo.org\/podcast-canicule-travaux-ring-cargo-et-carrefour-wodly-au-menu-de-ce-nouveau-numero\/?pk_campaign=&pk_source=","title":{"rendered":"[Podcast] Saison 3, \u00e9pisode 2 : canicule, travaux, Ring, cargo et carrefour Wodly au menu de ce nouveau num\u00e9ro"},"content":{"rendered":"<div>\n<p>Vous savez ce qu\u2019adorent faire les cyclistes quand ils se rencontrent ? Parler v\u00e9lo \u00e9videmment. Celles et ceux de l\u2019association Strasbourg \u00e0 V\u00e9lo voudraient tellement que notre agglom\u00e9ration puisse proposer des infrastructures de qualit\u00e9 \u00e0 la hauteur des besoins que d\u00e8s que l\u2019on prononce le mot \u00ab\u00a0v\u00e9lo\u00a0\u00bb, ils sont intarissables.<span class=\"Apple-converted-space\">\u00a0 <\/span><span id=\"more-2802\"><\/span><\/p>\n<p>On vous dit \u00e7a, parce que l\u2019on avait pr\u00e9vu de faire un podcast de 30 min et finalement l\u2019enregistrement a \u00e9t\u00e9 \u00ab\u00a0un peu plus long\u00a0\u00bb. Alors on vous le propose en deux \u00e9pisodes. Vous pourrez passer votre \u00e9t\u00e9 tranquille en suivant nos d\u00e9bats.<span class=\"Apple-converted-space\">\u00a0<\/span><\/p>\n<p><span style=\"text-decoration: underline\">Au sommaire de ce num\u00e9ro 2 de la saison 3 :<span class=\"Apple-converted-space\">\u00a0<\/span><\/span><\/p>\n<ul>\n<li>Comment faire du v\u00e9lo en pleine canicule<span class=\"Apple-converted-space\">\u00a0<\/span><\/li>\n<li>Travaux et v\u00e9los<\/li>\n<li>Carrefour Wodly<\/li>\n<li>Le ring v\u00e9lo<\/li>\n<li>L\u2019augmentation des pratiques cyclables \u00e0 Strasbourg et le plaisir d\u2019\u00eatre cycliste<\/li>\n<li>La cargo race<\/li>\n<\/ul>\n<p>Un d\u00e9bat anim\u00e9 par Somhack avec Marjorie, Emmanuel et Franck.<span class=\"Apple-converted-space\">\u00a0<\/span><\/p>\n<p>Bonne \u00e9coute. Et n\u2019oubliez pas d\u2019adh\u00e9rer \u00e0 Strasbourg \u00e0 v\u00e9lo !<\/p>\n<p><iframe title=\"Spotify Embed: S3E2- Canicule, travaux, ring, Wodly et cargo race\" style=\"border-radius: 12px\" width=\"100%\" height=\"152\" frameborder=\"0\" allowfullscreen allow=\"autoplay; clipboard-write; encrypted-media; fullscreen; picture-in-picture\" loading=\"lazy\" src=\"https:\/\/open.spotify.com\/embed\/episode\/1m55sQWVnx8FSJ1RRsW9P8?si=zbgZCqXsR2CRi7DrwjdBiA&amp;utm_source=oembed\"><\/iframe><\/p>\n<p>Restez \u00e0 l\u2019\u00e9coute via votre application de podcasts pr\u00e9f\u00e9r\u00e9e, le prochain \u00e9pisode d\u2019\u00e9t\u00e9 est d\u00e9j\u00e0 dans la bo\u00eete de montage.<span class=\"Apple-converted-space\">\u00a0<\/span><\/p>\n<p><img fetchpriority=\"high\" decoding=\"async\" class=\"size-full wp-image-2806 aligncenter\" src=\"https:\/\/www.strasbourgavelo.org\/wp-content\/uploads\/2025\/08\/visuel-Podcast.jpg\" alt=\"\" width=\"1984\" height=\"1323\" srcset=\"https:\/\/www.strasbourgavelo.org\/wp-content\/uploads\/2025\/08\/visuel-Podcast.jpg 1984w, https:\/\/www.strasbourgavelo.org\/wp-content\/uploads\/2025\/08\/visuel-Podcast-300x200.jpg 300w, https:\/\/www.strasbourgavelo.org\/wp-content\/uploads\/2025\/08\/visuel-Podcast-1024x683.jpg 1024w, https:\/\/www.strasbourgavelo.org\/wp-content\/uploads\/2025\/08\/visuel-Podcast-768x512.jpg 768w, https:\/\/www.strasbourgavelo.org\/wp-content\/uploads\/2025\/08\/visuel-Podcast-1536x1024.jpg 1536w, https:\/\/www.strasbourgavelo.org\/wp-content\/uploads\/2025\/08\/visuel-Podcast-850x567.jpg 850w\" sizes=\"(max-width: 1984px) 100vw, 1984px\"><\/p>\n<p>Si vous avez des remarques ou des questions, n\u2019h\u00e9sitez pas \u00e0 nous laisser un commentaire ou nous envoyer un courriel (<a href=\"mailto:contact@strasbourg.eu\">contact@strasbourg.eu<\/a>) ou sur les r\u00e9seaux.<span class=\"Apple-converted-space\">\u00a0<\/span><\/p>\n<p><strong>Pour aller plus loin :<span class=\"Apple-converted-space\">\u00a0<\/span><\/strong><\/p>\n<ul>\n<li><a href=\"https:\/\/weelz.ouest-france.fr\/canicule-7-conseils-velo-pour-pedaler-par-fortes-chaleurs\/\">Canicule \u2013 7 conseils v\u00e9lo pour p\u00e9daler par fortes chaleurs<\/a><\/li>\n<li><a href=\"https:\/\/www.strasbourgavelo.org\/?s=ring\">\u00ab\u00a0Ring cyclable\u00a0\u00bb : combien de temps p\u00e9dalera-t-on dans le vide ?<\/a><\/li>\n<li><a href=\"http:\/\/prod-cuej.u-strasbg.fr\/dossiers-multimedias\/un-autre-regard-sur-le-quartier-gare\/le-carrefour-de-la-pagaille\">Wodly : le carrefour de la pagaille<\/a><\/li>\n<li><a href=\"https:\/\/www.strasbourgavelo.org\/sav-demande-une-nouvelle-fois-la-securisation-des-cheminements-cyclables-sur-les-chantiers\/\">SAV demande une nouvelle fois la s\u00e9curisation des cheminements cyclables sur les chantiers<\/a><\/li>\n<li><a href=\"https:\/\/www.youtube.com\/watch?v=4GyjGj2Mio4\">La Cargo Race \u00e0 Schiltigheim<\/a><\/li>\n<\/ul>\n<\/div>\n<p class=\"wpematico_credit\"><small>Powered by <a href=\"http:\/\/www.wpematico.com\" target=\"_blank\" rel=\"noopener\">WPeMatico<\/a><\/small><\/p>\n","protected":false},"excerpt":{"rendered":"<p>Vous savez ce qu\u2019adorent faire les cyclistes quand ils se rencontrent ? Parler v\u00e9lo \u00e9videmment. Celles et ceux de l\u2019association Strasbourg \u00e0 V\u00e9lo voudraient tellement que notre agglom\u00e9ration puisse proposer des infrastructures de qualit\u00e9 \u00e0 la hauteur des besoins que d\u00e8s que l\u2019on prononce le mot \u00ab\u00a0v\u00e9lo\u00a0\u00bb, ils sont intarissables.\u00a0 On vous dit \u00e7a, parce &hellip; <\/p>\n<p><a class=\"more-link btn\" href=\"https:\/\/www.strasbourgavelo.org\/podcast-canicule-travaux-ring-cargo-et-carrefour-wodly-au-menu-de-ce-nouveau-numero\/?pk_campaign=&#038;pk_source=\">Lire la suite<\/a><\/p>\n","protected":false},"author":334,"featured_media":10327,"comment_status":"closed","ping_status":"open","sticky":false,"template":"","format":"standard","meta":{"footnotes":""},"categories":[59,165,12,7,57,15],"tags":[25,133,90],"class_list":["post-10326","post","type-post","status-publish","format-standard","has-post-thumbnail","hentry","category-debat","category-podcast","category-strasbourg","category-travaux-fermeture","category-velo","category-via-sites","tag-strasbourg","tag-strasvelo","tag-velostras","item-wrap"],"share_on_mastodon":{"url":"https:\/\/masto.bike\/@actuvelostrasbourg\/114951582789237018","error":""},"_links":{"self":[{"href":"https:\/\/azqs.com\/velo\/wp-json\/wp\/v2\/posts\/10326"}],"collection":[{"href":"https:\/\/azqs.com\/velo\/wp-json\/wp\/v2\/posts"}],"about":[{"href":"https:\/\/azqs.com\/velo\/wp-json\/wp\/v2\/types\/post"}],"author":[{"embeddable":true,"href":"https:\/\/azqs.com\/velo\/wp-json\/wp\/v2\/users\/334"}],"replies":[{"embeddable":true,"href":"https:\/\/azqs.com\/velo\/wp-json\/wp\/v2\/comments?post=10326"}],"version-history":[{"count":0,"href":"https:\/\/azqs.com\/velo\/wp-json\/wp\/v2\/posts\/10326\/revisions"}],"wp:featuredmedia":[{"embeddable":true,"href":"https:\/\/azqs.com\/velo\/wp-json\/wp\/v2\/media\/10327"}],"wp:attachment":[{"href":"https:\/\/azqs.com\/velo\/wp-json\/wp\/v2\/media?parent=10326"}],"wp:term":[{"taxonomy":"category","embeddable":true,"href":"https:\/\/azqs.com\/velo\/wp-json\/wp\/v2\/categories?post=10326"},{"taxonomy":"post_tag","embeddable":true,"href":"https:\/\/azqs.com\/velo\/wp-json\/wp\/v2\/tags?post=10326"}],"curies":[{"name":"wp","href":"https:\/\/api.w.org\/{rel}","templated":true}]}}