{"id":382,"date":"2022-05-05T18:20:49","date_gmt":"2022-05-05T16:20:49","guid":{"rendered":"http:\/\/azqs.com\/schilyclette\/?p=382"},"modified":"2022-05-05T18:20:49","modified_gmt":"2022-05-05T16:20:49","slug":"mai-a-velo-pour-la-schilyclette-et-partout-en-france","status":"publish","type":"post","link":"https:\/\/azqs.com\/schilyclette\/2022\/05\/05\/mai-a-velo-pour-la-schilyclette-et-partout-en-france\/","title":{"rendered":"Mai \u00e0 v\u00e9lo, pour la Schilyclette et partout en France"},"content":{"rendered":"<div id=\"magicdomid654\" class=\"ace-line\"><span class=\"author-a-6s0z70zz78z5z79ziuz76z63z75z6z69zz122z\">Le mois de mai est la p\u00e9riode id\u00e9ale pour se remet<\/span><span class=\"author-a-5z82zz68zz73zuz83zz86zn9bz85zz74z4z88z0e\">t<\/span><span class=\"author-a-6s0z70zz78z5z79ziuz76z63z75z6z69zz122z\">re en selle : <\/span><span class=\"author-a-5z82zz68zz73zuz83zz86zn9bz85zz74z4z88z0e\">La FUB (<\/span><span class=\"author-a-6s0z70zz78z5z79ziuz76z63z75z6z69zz122z\">F\u00e9d\u00e9ration fran\u00e7aise des usagers de la bicyclette<\/span><span class=\"author-a-5z82zz68zz73zuz83zz86zn9bz85zz74z4z88z0e\">) r\u00e9f\u00e9rence les nombreux \u00e9v\u00e8nements v\u00e9lo partout en France sur ce site : <a href=\"https:\/\/maiavelo.fr\/\" target=\"_blank\" rel=\"noopener noreferrer\">www.maiavelo.fr<\/a><\/span><\/div>\n<div id=\"magicdomid656\" class=\"ace-line\"><a href=\"https:\/\/www.laschilyclette.fr\/\" target=\"_blank\" rel=\"noopener noreferrer\">La Schilyclette<\/a><span class=\"author-a-6s0z70zz78z5z79ziuz76z63z75z6z69zz122z\">\u00a0<\/span><span class=\"author-a-5z82zz68zz73zuz83zz86zn9bz85zz74z4z88z0e\">e<\/span><span class=\"author-a-tz71zlpmz66zz82zz79z5z74z1hz89zz85zz68zw\">ntre elle aussi dans une p\u00e9riode bien ryhtm\u00e9e <\/span><span class=\"author-a-6s0z70zz78z5z79ziuz76z63z75z6z69zz122z\">:<\/span><\/div>\n<div id=\"magicdomid325\" class=\"ace-line\">\n<ul class=\"list-bullet1\">\n<li><span class=\"author-a-6s0z70zz78z5z79ziuz76z63z75z6z69zz122z\">dimanche <\/span><span class=\"author-a-tz71zlpmz66zz82zz79z5z74z1hz89zz85zz68zw\">15 mai 9h-14h : Atelier mobile \u00e0 la <strong>F\u00eate du v\u00e9lo de l&rsquo;Oscal<\/strong><\/span><span class=\"author-a-6s0z70zz78z5z79ziuz76z63z75z6z69zz122z\">, Place Alfred MULLER <\/span><span class=\"author-a-5z82zz68zz73zuz83zz86zn9bz85zz74z4z88z0e\">(place de la mairie) <\/span><span class=\"author-a-6s0z70zz78z5z79ziuz76z63z75z6z69zz122z\">\u00e0 Schiltigheim<\/span> <span class=\"author-a-5z82zz68zz73zuz83zz86zn9bz85zz74z4z88z0e url\"><a href=\"https:\/\/www.facebook.com\/OSCALSchiltigheim\" target=\"_blank\" rel=\"noopener noreferrer\">https:\/\/www.facebook.com\/OSCALSchiltigheim<\/a><\/span><\/li>\n<\/ul>\n<\/div>\n<div id=\"magicdomid1005\" class=\"ace-line\">\n<ul class=\"list-bullet1\">\n<li><span class=\"author-a-6s0z70zz78z5z79ziuz76z63z75z6z69zz122z\">mercredi <\/span><span class=\"author-a-tz71zlpmz66zz82zz79z5z74z1hz89zz85zz68zw\">18 mai 11h30-14h30 : atelier mobile en compagnie du <strong>Cadr67<\/strong> devant la brasserie Debus \u00e0 Schiltigheim<\/span><span class=\"author-a-5z82zz68zz73zuz83zz86zn9bz85zz74z4z88z0e\">\u00a0<\/span><\/li>\n<\/ul>\n<\/div>\n<div id=\"magicdomid1002\" class=\"ace-line\">\n<ul class=\"list-bullet1\">\n<li><span class=\"author-a-6s0z70zz78z5z79ziuz76z63z75z6z69zz122z\">dimanche <\/span><span class=\"author-a-tz71zlpmz66zz82zz79z5z74z1hz89zz85zz68zw\">22 mai : atelier mobile pendant les <strong>Foul\u00e9es \u00e9co solidaires <\/strong><\/span><span class=\"author-a-6s0z70zz78z5z79ziuz76z63z75z6z69zz122z\">au village associatif \u00e0 l&rsquo;Espace Europ\u00e9en de l&rsquo;Entreprise<\/span><span class=\"author-a-5z82zz68zz73zuz83zz86zn9bz85zz74z4z88z0e\">, un \u00e9v\u00e8nement organis\u00e9 par l&rsquo;association APTES qui a lanc\u00e9 un appel \u00e0 b\u00e9n\u00e9voles <\/span><span class=\"author-a-5z82zz68zz73zuz83zz86zn9bz85zz74z4z88z0e url\"><a href=\"https:\/\/www.facebook.com\/events\/3176470572610552\/\" target=\"_blank\" rel=\"noopener noreferrer\">https:\/\/www.facebook.com\/events\/3176470572610552\/<\/a><\/span><\/li>\n<\/ul>\n<\/div>\n<div id=\"magicdomid1004\" class=\"ace-line\">\n<ul class=\"list-bullet1\">\n<li><span class=\"author-a-6s0z70zz78z5z79ziuz76z63z75z6z69zz122z\">vendredi <\/span><span class=\"author-a-tz71zlpmz66zz82zz79z5z74z1hz89zz85zz68zw\">27 mai 18h-20h : permanence sp\u00e9ciale <strong>Au boulot \u00e0 v\u00e9lo<\/strong><\/span><span class=\"author-a-6s0z70zz78z5z79ziuz76z63z75z6z69zz122z\"> dans notre atelier Cour Elmia<\/span> <span class=\"author-a-5z82zz68zz73zuz83zz86zn9bz85zz74z4z88z0e url\"><a href=\"https:\/\/auboulotavelo.eu\/\" target=\"_blank\" rel=\"noopener noreferrer\">https:\/\/auboulotavelo.eu\/<\/a><\/span><\/li>\n<\/ul>\n<\/div>\n<div id=\"magicdomid954\" class=\"ace-line\">\n<ul class=\"list-bullet1\">\n<li><span class=\"author-a-6s0z70zz78z5z79ziuz76z63z75z6z69zz122z\">mardi <\/span><span class=\"author-a-tz71zlpmz66zz82zz79z5z74z1hz89zz85zz68zw\">31 mai 10h-14h30 : atelier avec les salari\u00e9.e.s de la ville de Schiltigheim<\/span><span class=\"author-a-6s0z70zz78z5z79ziuz76z63z75z6z69zz122z\"> \u00e0 la mairie.<\/span><\/li>\n<\/ul>\n<\/div>\n<div id=\"magicdomid1158\" class=\"ace-line\"><span class=\"author-a-tz71zlpmz66zz82zz79z5z74z1hz89zz85zz68zw\">\u00a0\u00a0\u00a0 Vous y \u00eates <\/span><span class=\"author-a-5z82zz68zz73zuz83zz86zn9bz85zz74z4z88z0e\">les <\/span><span class=\"author-a-tz71zlpmz66zz82zz79z5z74z1hz89zz85zz68zw\">bienvenu.e.s\u00a0<\/span><span class=\"author-a-tz71zlpmz66zz82zz79z5z74z1hz89zz85zz68zw\">\ud83d\ude42 Et si vous souhaitez b\u00e9n\u00e9voler \u00e0 nos c\u00f4t\u00e9s, envoye<\/span><span class=\"author-a-6s0z70zz78z5z79ziuz76z63z75z6z69zz122z\">z-nous <\/span><span class=\"author-a-tz71zlpmz66zz82zz79z5z74z1hz89zz85zz68zw\">un mail ou <\/span><span class=\"author-a-6s0z70zz78z5z79ziuz76z63z75z6z69zz122z\">venez<\/span><span class=\"author-a-tz71zlpmz66zz82zz79z5z74z1hz89zz85zz68zw\"> nous en parler lors des perman<\/span><span class=\"author-a-5z82zz68zz73zuz83zz86zn9bz85zz74z4z88z0e\">e<\/span><span class=\"author-a-tz71zlpmz66zz82zz79z5z74z1hz89zz85zz68zw\">nces<\/span><span class=\"author-a-6s0z70zz78z5z79ziuz76z63z75z6z69zz122z\"> habituelles (vendredi 18h-20h et dimanche 10h-12h)<\/span><\/div>\n<div id=\"magicdomid24\" class=\"ace-line\"><span class=\"author-a-5z82zz68zz73zuz83zz86zn9bz85zz74z4z88z0e\">\u00a0\u00a0\u00a0\u00a0<\/span><\/div>\n<div id=\"magicdomid141\" class=\"ace-line\"><span class=\"author-a-5z82zz68zz73zuz83zz86zn9bz85zz74z4z88z0e\">\u00a0\u00a0\u00a0 En parall\u00e8le, deux \u00e9v\u00e8nements v\u00e9lo pour s&rsquo;amuser :\u00a0<\/span><\/div>\n<div id=\"magicdomid725\" class=\"ace-line\"><span class=\"author-a-5z82zz68zz73zuz83zz86zn9bz85zz74z4z88z0e\">\u00a0\u00a0\u00a0\u00a0\u00a0\u00a0\u00a0 &#8211; la <strong>Binouze Bikers<\/strong> samedi 7 mai \u00e0 partir de 17h <\/span><span class=\"author-a-5z82zz68zz73zuz83zz86zn9bz85zz74z4z88z0e url\"><a href=\"https:\/\/www.facebook.com\/events\/2872512143055186\" target=\"_blank\" rel=\"noopener noreferrer\">https:\/\/www.facebook.com\/events\/2872512143055186<\/a><\/span><\/div>\n<div id=\"magicdomid723\" class=\"ace-line\"><span class=\"author-a-5z82zz68zz73zuz83zz86zn9bz85zz74z4z88z0e\">\u00a0\u00a0\u00a0\u00a0\u00a0\u00a0\u00a0 &#8211; la <strong>Bike&rsquo;n&rsquo;sound<\/strong>, d\u00e9ambulation \u00e0 v\u00e9lo et en musique samedi 14 mai \u00e0 partir de 14h au parc du Heyritz. Un stand d&rsquo;auto-r\u00e9paration y sera tenu en compagnie des ami\u00b7e\u00b7s des autres ateliers (Bretz&rsquo;selle, Le Stick, A&rsquo;Cro du v\u00e9lo, Gare Debout) <\/span><span class=\"author-a-5z82zz68zz73zuz83zz86zn9bz85zz74z4z88z0e url\"><a href=\"https:\/\/www.facebook.com\/events\/344247911077479\" target=\"_blank\" rel=\"noopener noreferrer\">https:\/\/www.facebook.com\/events\/344247911077479<\/a><\/span><\/div>\n<div id=\"magicdomid17\" class=\"ace-line\"><span class=\"author-a-tz71zlpmz66zz82zz79z5z74z1hz89zz85zz68zw\">\u00a0\u00a0\u00a0\u00a0<\/span><\/div>\n<div id=\"magicdomid556\" class=\"ace-line\"><span class=\"author-a-tz71zlpmz66zz82zz79z5z74z1hz89zz85zz68zw\">\u00a0\u00a0\u00a0 D&rsquo;autres \u00e9v\u00e8nements suivront en juin \u00e0 Schiltigheim : F\u00eate de la nature<\/span><span class=\"author-a-5z82zz68zz73zuz83zz86zn9bz85zz74z4z88z0e\"> le samedi 11 juin<\/span><span class=\"author-a-tz71zlpmz66zz82zz79z5z74z1hz89zz85zz68zw\">, Village de l&rsquo;\u00e9conomie circulaire,&#8230;<\/span><\/div>\n<div id=\"magicdomid1147\" class=\"ace-line\"><span class=\"author-a-tz71zlpmz66zz82zz79z5z74z1hz89zz85zz68zw\">\u00a0\u00a0\u00a0 <\/span><span class=\"author-a-5z82zz68zz73zuz83zz86zn9bz85zz74z4z88z0e\">Enfin, le dernier <strong>Schilick Infos<\/strong> consacre une large part aux associations \u0153uvrant en faveur de la pratique du v\u00e9lo <\/span><span class=\"author-a-5z82zz68zz73zuz83zz86zn9bz85zz74z4z88z0e url\"><a href=\"https:\/\/www.ville-schiltigheim.fr\/schilick-infos\/\" target=\"_blank\" rel=\"noopener noreferrer\">https:\/\/www.ville-schiltigheim.fr\/schilick-infos\/<\/a><\/span><\/div>\n<div id=\"magicdomid1013\" class=\"ace-line\"><span class=\"author-a-5z82zz68zz73zuz83zz86zn9bz85zz74z4z88z0e\">\u00a0\u00a0\u00a0\u00a0<\/span><\/div>\n<div id=\"magicdomid20\" class=\"ace-line\"><span class=\"author-a-tz71zlpmz66zz82zz79z5z74z1hz89zz85zz68zw\">\u00a0\u00a0\u00a0 A bient\u00f4t ! \ud83d\udeb2\ud83d\udeb2\ud83d\udeb2<\/span><\/div>\n","protected":false},"excerpt":{"rendered":"<p>Le mois de mai est la p\u00e9riode id\u00e9ale pour se remettre en selle : La FUB (F\u00e9d\u00e9ration fran\u00e7aise des usagers de la bicyclette) r\u00e9f\u00e9rence les nombreux \u00e9v\u00e8nements v\u00e9lo partout en France sur ce site : www.maiavelo.fr La Schilyclette\u00a0entre elle aussi &hellip; <a href=\"https:\/\/azqs.com\/schilyclette\/2022\/05\/05\/mai-a-velo-pour-la-schilyclette-et-partout-en-france\/\">Continuer la lecture <span class=\"meta-nav\">&rarr;<\/span><\/a><\/p>\n","protected":false},"author":344,"featured_media":0,"comment_status":"closed","ping_status":"closed","sticky":false,"template":"","format":"standard","meta":{"footnotes":""},"categories":[2],"tags":[],"class_list":["post-382","post","type-post","status-publish","format-standard","hentry","category-actualite"],"_links":{"self":[{"href":"https:\/\/azqs.com\/schilyclette\/wp-json\/wp\/v2\/posts\/382"}],"collection":[{"href":"https:\/\/azqs.com\/schilyclette\/wp-json\/wp\/v2\/posts"}],"about":[{"href":"https:\/\/azqs.com\/schilyclette\/wp-json\/wp\/v2\/types\/post"}],"author":[{"embeddable":true,"href":"https:\/\/azqs.com\/schilyclette\/wp-json\/wp\/v2\/users\/344"}],"replies":[{"embeddable":true,"href":"https:\/\/azqs.com\/schilyclette\/wp-json\/wp\/v2\/comments?post=382"}],"version-history":[{"count":2,"href":"https:\/\/azqs.com\/schilyclette\/wp-json\/wp\/v2\/posts\/382\/revisions"}],"predecessor-version":[{"id":384,"href":"https:\/\/azqs.com\/schilyclette\/wp-json\/wp\/v2\/posts\/382\/revisions\/384"}],"wp:attachment":[{"href":"https:\/\/azqs.com\/schilyclette\/wp-json\/wp\/v2\/media?parent=382"}],"wp:term":[{"taxonomy":"category","embeddable":true,"href":"https:\/\/azqs.com\/schilyclette\/wp-json\/wp\/v2\/categories?post=382"},{"taxonomy":"post_tag","embeddable":true,"href":"https:\/\/azqs.com\/schilyclette\/wp-json\/wp\/v2\/tags?post=382"}],"curies":[{"name":"wp","href":"https:\/\/api.w.org\/{rel}","templated":true}]}}