{"id":342,"date":"2021-08-20T19:15:27","date_gmt":"2021-08-20T17:15:27","guid":{"rendered":"http:\/\/azqs.com\/schilyclette\/?p=342"},"modified":"2021-08-20T19:15:43","modified_gmt":"2021-08-20T17:15:43","slug":"la-rentree-de-la-schilyclette","status":"publish","type":"post","link":"https:\/\/azqs.com\/schilyclette\/2021\/08\/20\/la-rentree-de-la-schilyclette\/","title":{"rendered":"La rentr\u00e9e de la Schilyclette"},"content":{"rendered":"<div class=\"\" dir=\"auto\">\n<div id=\"jsc_c_lc\" class=\"ecm0bbzt hv4rvrfc ihqw7lf3 dati1w0a\" data-ad-comet-preview=\"message\" data-ad-preview=\"message\">\n<div class=\"j83agx80 cbu4d94t ew0dbk1b irj2b8pg\">\n<div class=\"qzhwtbm6 knvmm38d\">\n<div class=\"kvgmc6g5 cxmmr5t8 oygrvhab hcukyx3x c1et5uql ii04i59q\">\n<div dir=\"auto\">C&rsquo;est la rentr\u00e9e de la Schilyclette <span class=\"pq6dq46d tbxw36s4 knj5qynh kvgmc6g5 ditlmg2l oygrvhab nvdbi5me sf5mxxl7 gl3lb2sf hhz5lgdu\"><img loading=\"lazy\" decoding=\"async\" src=\"https:\/\/static.xx.fbcdn.net\/images\/emoji.php\/v9\/t4c\/1\/16\/1f642.png\" alt=\"\ud83d\ude42\" width=\"16\" height=\"16\" \/><\/span><\/div>\n<\/div>\n<div class=\"o9v6fnle cxmmr5t8 oygrvhab hcukyx3x c1et5uql ii04i59q\">\n<div dir=\"auto\"><\/div>\n<div dir=\"auto\"><strong>Reprise des permanences<\/strong> sur un rythme bi-hebdomadaire ce <strong>dimanche 22 ao\u00fbt <\/strong>(rappel des horaires : vendredi 18h-20h et dimanche 10h-12h)<\/div>\n<\/div>\n<div class=\"o9v6fnle cxmmr5t8 oygrvhab hcukyx3x c1et5uql ii04i59q\">\n<div dir=\"auto\"><\/div>\n<div dir=\"auto\"><strong>Plusieurs \u00e9v\u00e8nements en septembre<\/strong> :<\/div>\n<div dir=\"auto\">&#8211; la course de l&rsquo;espace le 19 septembre \u00e0 l&rsquo;espace europ\u00e9en de l&rsquo;entreprise, venez \u00e0 v\u00e9lo et r\u00e9visons ensemble votre bicyclette !<\/div>\n<div dir=\"auto\">&#8211; une animation co-organis\u00e9e avec plusieurs assos v\u00e9los pendant le village des possibles \u00e0 la Citadelle (dans le cadre de la rentr\u00e9e des assos) les 18-19 septembre<\/div>\n<div dir=\"auto\">&#8211; un stand inter-ateliers d&rsquo;auto r\u00e9paration de v\u00e9lo lors de l&rsquo;expo du v\u00e9lo les 25-26 septembre.<\/div>\n<div dir=\"auto\"><\/div>\n<\/div>\n<div class=\"o9v6fnle cxmmr5t8 oygrvhab hcukyx3x c1et5uql ii04i59q\">\n<div dir=\"auto\">Enfin, nous continuerons \u00e0 participer activement \u00e0 la <strong>concertation du plan v\u00e9lo<\/strong> propos\u00e9e par la ville de Schiltigheim depuis fin 2020.<\/div>\n<div dir=\"auto\">Voici un aper\u00e7u cartographi\u00e9 des revendications d\u2019am\u00e9nagements cyclables : <a class=\"oajrlxb2 g5ia77u1 qu0x051f esr5mh6w e9989ue4 r7d6kgcz rq0escxv nhd2j8a9 nc684nl6 p7hjln8o kvgmc6g5 cxmmr5t8 oygrvhab hcukyx3x jb3vyjys rz4wbd8a qt6c0cv9 a8nywdso i1ao9s8h esuyzwwr f1sip0of lzcic4wl py34i1dx gpro0wi8\" role=\"link\" href=\"https:\/\/umap.openstreetmap.fr\/fr\/map\/projets-amenagements-cyclables-a-schiltigheim_638282?fbclid=IwAR1PpFMAPhs4qjWszZL2K_ZN7GuneNAu7c6pxByhcueIary5OE1eaV0d6Qg#15\/48.6090\/7.7402\" target=\"_blank\" rel=\"nofollow noopener noreferrer\">https:\/\/umap.openstreetmap.fr\/&#8230;\/projets-amenagements&#8230;<\/a> Beaucoup de propositions de la part des sept associations pr\u00e9sentes et peu de projets act\u00e9s pour le moment mais nous allons continuer \u00e0 pousser !<\/div>\n<div dir=\"auto\"><\/div>\n<\/div>\n<div class=\"o9v6fnle cxmmr5t8 oygrvhab hcukyx3x c1et5uql ii04i59q\">\n<div dir=\"auto\">A bient\u00f4t !<\/div>\n<\/div>\n<\/div>\n<\/div>\n<\/div>\n<\/div>\n","protected":false},"excerpt":{"rendered":"<p>C&rsquo;est la rentr\u00e9e de la Schilyclette Reprise des permanences sur un rythme bi-hebdomadaire ce dimanche 22 ao\u00fbt (rappel des horaires : vendredi 18h-20h et dimanche 10h-12h) Plusieurs \u00e9v\u00e8nements en septembre : &#8211; la course de l&rsquo;espace le 19 septembre \u00e0 &hellip; <a href=\"https:\/\/azqs.com\/schilyclette\/2021\/08\/20\/la-rentree-de-la-schilyclette\/\">Continuer la lecture <span class=\"meta-nav\">&rarr;<\/span><\/a><\/p>\n","protected":false},"author":344,"featured_media":0,"comment_status":"closed","ping_status":"closed","sticky":false,"template":"","format":"standard","meta":{"footnotes":""},"categories":[2],"tags":[],"class_list":["post-342","post","type-post","status-publish","format-standard","hentry","category-actualite"],"_links":{"self":[{"href":"https:\/\/azqs.com\/schilyclette\/wp-json\/wp\/v2\/posts\/342"}],"collection":[{"href":"https:\/\/azqs.com\/schilyclette\/wp-json\/wp\/v2\/posts"}],"about":[{"href":"https:\/\/azqs.com\/schilyclette\/wp-json\/wp\/v2\/types\/post"}],"author":[{"embeddable":true,"href":"https:\/\/azqs.com\/schilyclette\/wp-json\/wp\/v2\/users\/344"}],"replies":[{"embeddable":true,"href":"https:\/\/azqs.com\/schilyclette\/wp-json\/wp\/v2\/comments?post=342"}],"version-history":[{"count":1,"href":"https:\/\/azqs.com\/schilyclette\/wp-json\/wp\/v2\/posts\/342\/revisions"}],"predecessor-version":[{"id":343,"href":"https:\/\/azqs.com\/schilyclette\/wp-json\/wp\/v2\/posts\/342\/revisions\/343"}],"wp:attachment":[{"href":"https:\/\/azqs.com\/schilyclette\/wp-json\/wp\/v2\/media?parent=342"}],"wp:term":[{"taxonomy":"category","embeddable":true,"href":"https:\/\/azqs.com\/schilyclette\/wp-json\/wp\/v2\/categories?post=342"},{"taxonomy":"post_tag","embeddable":true,"href":"https:\/\/azqs.com\/schilyclette\/wp-json\/wp\/v2\/tags?post=342"}],"curies":[{"name":"wp","href":"https:\/\/api.w.org\/{rel}","templated":true}]}}