{"id":331,"date":"2021-06-27T08:36:26","date_gmt":"2021-06-27T06:36:26","guid":{"rendered":"http:\/\/azqs.com\/schilyclette\/?p=331"},"modified":"2021-08-23T11:57:22","modified_gmt":"2021-08-23T09:57:22","slug":"bourse-a-velos-au-village-de-leconomie-circulaire-3-juillet-2021","status":"publish","type":"post","link":"https:\/\/azqs.com\/schilyclette\/2021\/06\/27\/bourse-a-velos-au-village-de-leconomie-circulaire-3-juillet-2021\/","title":{"rendered":"Bourse \u00e0 v\u00e9los, au village de l&rsquo;\u00e9conomie circulaire (3 juillet 2021)"},"content":{"rendered":"<div dir=\"ltr\">Vous souhaitez vous s\u00e9parer de l&rsquo;une de vos montures, ou en trouver une<\/div>\n<div dir=\"ltr\">nouvelle ? \u00c7a tombe bien, la Schilyclette va tenir sa premi\u00e8re <a href=\"https:\/\/fb.me\/e\/UBH9OvCu\"><strong>bourse aux v\u00e9los<\/strong><\/a> dans le cadre du <strong>Village <\/strong><strong>de l&rsquo;\u00e9conomie circulaire<\/strong> qui aura lieu samedi 3 juillet 2021<\/div>\n<div dir=\"ltr\"><\/div>\n<div dir=\"ltr\">&gt; Nous serons <strong>place de la Mairie \u00e0 Schiltigheim<\/strong>.<\/div>\n<div dir=\"ltr\"><\/div>\n<div dir=\"ltr\">&gt; La bourse va se d\u00e9rouler en trois temps :<\/div>\n<div dir=\"ltr\">\u00a0\u00a0 &#8211; De 10h \u00e0 12h, d\u00e9p\u00f4t des v\u00e9los.<\/div>\n<div dir=\"ltr\">\u00a0\u00a0 &#8211; De 14h \u00e0 16h30 : vente.<\/div>\n<div dir=\"ltr\">\u00a0\u00a0 &#8211; De 16h30 \u00e0 18h : restitution des invendus et paiement des vendus.<\/div>\n<div dir=\"ltr\"><\/div>\n<div dir=\"ltr\">Conditions de vente : pr\u00e9sentation de la carte d\u2019identit\u00e9, participation de<\/div>\n<div dir=\"ltr\">2\u20ac, les vendeurs recevront 90% du prix de vente du v\u00e9lo vendu. Pour les<\/div>\n<div dir=\"ltr\">acheteurs : paiement en esp\u00e8ce uniquement !<\/div>\n<div dir=\"ltr\"><\/div>\n<div dir=\"ltr\">Vous souhaitez participer \u00e0 l\u2019\u00e9v\u00e9nement comme b\u00e9n\u00e9vole ? C&rsquo;est possible<\/div>\n<div dir=\"ltr\">contactez nous sur la <a href=\"http:\/\/schilyclette@lilo.org\">boite mail de l&rsquo;association<\/a>.<\/div>\n<div dir=\"ltr\"><\/div>\n<div dir=\"ltr\">Vous aimeriez obtenir plus d&rsquo;information sur l&rsquo;\u00e9v\u00e8nement et sur les<\/div>\n<div dir=\"ltr\">associations pr\u00e9sentes ? Rendez vous sur le <a href=\"https:\/\/www.ville-schiltigheim.fr\/agenda\/15243\/\">site de la ville de Schiltigheim<\/a>.<\/div>\n<div dir=\"ltr\"><\/div>\n<div dir=\"ltr\"><img loading=\"lazy\" decoding=\"async\" class=\"alignnone size-medium wp-image-361\" src=\"http:\/\/azqs.com\/schilyclette\/files\/2021\/06\/201134528_4008052812618559_407581468975727904_n-300x169.jpg\" alt=\"\" width=\"300\" height=\"169\" srcset=\"https:\/\/azqs.com\/schilyclette\/files\/2021\/06\/201134528_4008052812618559_407581468975727904_n-300x169.jpg 300w, https:\/\/azqs.com\/schilyclette\/files\/2021\/06\/201134528_4008052812618559_407581468975727904_n-768x432.jpg 768w, https:\/\/azqs.com\/schilyclette\/files\/2021\/06\/201134528_4008052812618559_407581468975727904_n-500x281.jpg 500w, https:\/\/azqs.com\/schilyclette\/files\/2021\/06\/201134528_4008052812618559_407581468975727904_n.jpg 960w\" sizes=\"(max-width: 300px) 100vw, 300px\" \/><\/div>\n<div dir=\"ltr\"><\/div>\n<div dir=\"ltr\"><\/div>\n<div dir=\"ltr\"><\/div>\n","protected":false},"excerpt":{"rendered":"<p>Vous souhaitez vous s\u00e9parer de l&rsquo;une de vos montures, ou en trouver une nouvelle ? \u00c7a tombe bien, la Schilyclette va tenir sa premi\u00e8re bourse aux v\u00e9los dans le cadre du Village de l&rsquo;\u00e9conomie circulaire qui aura lieu samedi 3 &hellip; <a href=\"https:\/\/azqs.com\/schilyclette\/2021\/06\/27\/bourse-a-velos-au-village-de-leconomie-circulaire-3-juillet-2021\/\">Continuer la lecture <span class=\"meta-nav\">&rarr;<\/span><\/a><\/p>\n","protected":false},"author":344,"featured_media":0,"comment_status":"closed","ping_status":"closed","sticky":false,"template":"","format":"standard","meta":{"footnotes":""},"categories":[2],"tags":[],"class_list":["post-331","post","type-post","status-publish","format-standard","hentry","category-actualite"],"_links":{"self":[{"href":"https:\/\/azqs.com\/schilyclette\/wp-json\/wp\/v2\/posts\/331"}],"collection":[{"href":"https:\/\/azqs.com\/schilyclette\/wp-json\/wp\/v2\/posts"}],"about":[{"href":"https:\/\/azqs.com\/schilyclette\/wp-json\/wp\/v2\/types\/post"}],"author":[{"embeddable":true,"href":"https:\/\/azqs.com\/schilyclette\/wp-json\/wp\/v2\/users\/344"}],"replies":[{"embeddable":true,"href":"https:\/\/azqs.com\/schilyclette\/wp-json\/wp\/v2\/comments?post=331"}],"version-history":[{"count":4,"href":"https:\/\/azqs.com\/schilyclette\/wp-json\/wp\/v2\/posts\/331\/revisions"}],"predecessor-version":[{"id":363,"href":"https:\/\/azqs.com\/schilyclette\/wp-json\/wp\/v2\/posts\/331\/revisions\/363"}],"wp:attachment":[{"href":"https:\/\/azqs.com\/schilyclette\/wp-json\/wp\/v2\/media?parent=331"}],"wp:term":[{"taxonomy":"category","embeddable":true,"href":"https:\/\/azqs.com\/schilyclette\/wp-json\/wp\/v2\/categories?post=331"},{"taxonomy":"post_tag","embeddable":true,"href":"https:\/\/azqs.com\/schilyclette\/wp-json\/wp\/v2\/tags?post=331"}],"curies":[{"name":"wp","href":"https:\/\/api.w.org\/{rel}","templated":true}]}}