{"id":522,"date":"2015-10-03T20:34:19","date_gmt":"2015-10-03T18:34:19","guid":{"rendered":"https:\/\/azqs.com\/mime\/?p=522"},"modified":"2026-01-08T17:06:08","modified_gmt":"2026-01-08T16:06:08","slug":"agenda-du-cheval-en-alsace-cest-fini-mais","status":"publish","type":"post","link":"https:\/\/azqs.com\/mime\/2015\/10\/03\/agenda-du-cheval-en-alsace-cest-fini-mais\/","title":{"rendered":"Agenda du cheval en Alsace c\u2019est fini\u2026 mais"},"content":{"rendered":"<p>Bonjour,<\/p>\n<p>Navr\u00e9e, mais je n&rsquo;ai plus le temps de mettre \u00e0 jour l&rsquo; agenda du Cheval en Alsace.<\/p>\n<p><a href=\"http:\/\/azqs.com\/mime\/files\/2015\/10\/agenda-banniere2-.jpg\"><img loading=\"lazy\" decoding=\"async\" class=\"size-medium wp-image-525 aligncenter\" src=\"http:\/\/azqs.com\/mime\/files\/2015\/10\/agenda-banniere2--300x63.jpg\" alt=\"\" width=\"300\" height=\"63\" srcset=\"https:\/\/azqs.com\/mime\/files\/2015\/10\/agenda-banniere2--300x63.jpg 300w, https:\/\/azqs.com\/mime\/files\/2015\/10\/agenda-banniere2--768x162.jpg 768w, https:\/\/azqs.com\/mime\/files\/2015\/10\/agenda-banniere2--500x105.jpg 500w, https:\/\/azqs.com\/mime\/files\/2015\/10\/agenda-banniere2-.jpg 940w\" sizes=\"(max-width: 300px) 100vw, 300px\" \/><\/a><\/p>\n<p><strong>Mais vous pouvez retrouver des infos utiles et d&rsquo;\u00e9v\u00e8nements<\/strong> sur les sites ci dessous<\/p>\n<h2><img loading=\"lazy\" decoding=\"async\" class=\"alignnone size-full wp-image-524\" src=\"http:\/\/azqs.com\/mime\/files\/2015\/10\/icone-agenda.jpg\" alt=\"\" width=\"36\" height=\"36\" \/> \u00a0Instances \u00e9questres officielles<\/h2>\n<h3>Comit\u00e9 R\u00e9gional d&rsquo;Equitation d&rsquo;Alsace (CREA)<\/h3>\n<p>R\u00e9f\u00e9rence concours CSO\/dressage\/Hunter\/CCE\/&#8230;<br \/>\nVous y trouverez le calendrier des championnats D\u00e9partementaux et R\u00e9gionaux, Circuits Grands R\u00e9gionaux et Troph\u00e9es.<\/p>\n<ul>\n<li><a href=\"http:\/\/www.crealsace.com\/\" target=\"_blank\" rel=\"noopener\">crealsace.com<\/a><\/li>\n<\/ul>\n<h3>Comit\u00e9 R\u00e9gional de Tourisme \u00c9questre d&rsquo;Alsace<\/h3>\n<p>Vous y retrouverez les Chevauch\u00e9es, un guide \u00e9questre (Gites \u00e9questres, \u00a0centres de tourisme \u00e9questre, mar\u00e9chaux ferrant, associations, professionnels&#8230;), une Carte des circuits de randonn\u00e9e \u00e9questre en Alsace, les associations de cavaliers.<\/p>\n<ul>\n<li><a href=\"http:\/\/www.alsaceacheval.com\/\" target=\"_blank\" rel=\"noopener\">alsaceacheval.com<\/a><br \/>\nou<\/li>\n<li><a href=\"http:\/\/www.chevalsace.com\/\" target=\"_blank\" rel=\"noopener\">chevalsace.com<\/a><\/li>\n<\/ul>\n<h3>Le site sp\u00e9cial Journ\u00e9e du Cheval de la FFE<\/h3>\n<p><strong>Journ\u00e9e du cheval ? <\/strong>Les centres \u00e9questres ouvrent leur porte au grand public, une bonne occasion pour d\u00e9couvrir les activit\u00e9s et animations propos\u00e9es dans les structures du coin.<\/p>\n<ul>\n<li><a href=\"http:\/\/journeeducheval.ffe.com\" target=\"_blank\" rel=\"noopener\">journeeducheval.ffe.com<\/a><\/li>\n<\/ul>\n<h2><img loading=\"lazy\" decoding=\"async\" class=\"alignnone size-full wp-image-524\" src=\"http:\/\/azqs.com\/mime\/files\/2015\/10\/icone-agenda.jpg\" alt=\"\" width=\"36\" height=\"36\" \/>\u00a0Autres organisations ou f\u00e9d\u00e9rations<\/h2>\n<h3>Site des Haras Nationaux en Alsace<\/h3>\n<p>Spectacle \u00e9questre, concours de labour, attelage, \u00e9quith\u00e9rapie&#8230;<\/p>\n<ul>\n<li><a href=\"http:\/\/hnalsace.blogscheval.net\/\" target=\"_blank\" rel=\"nofollow noopener\">hnalsace.blogscheval.net<\/a><\/li>\n<\/ul>\n<h3>Travail \u00e0 pied<\/h3>\n<p>L&rsquo;Equifeel, discipline FFE consacr\u00e9e&#8230;au travail \u00e0 pied, visant \u00e0 mettre en avant la complicit\u00e9 et la confiance entre le cavalier et son cheval.<\/p>\n<ul>\n<li><a href=\"https:\/\/www.facebook.com\/groups\/equifeelalsace\/\" target=\"_blank\" rel=\"noopener\">facebook equifeelalsace<\/a><\/li>\n<li><a href=\"https:\/\/azqs.com\/equifeel\" target=\"_blank\" rel=\"noopener\">https:\/\/azqs.com\/equifeel<\/a><\/li>\n<li><a href=\"http:\/\/azqs.com\/mime\/category\/travail-au-sol\/\">http:\/\/azqs.com\/mime\/<\/a><\/li>\n<\/ul>\n<h3><span class=\"linktitle\">Agendas western<\/span><\/h3>\n<ul>\n<li>Association d&rsquo; \u00e9quitation western de team penning et cattle penning : <a href=\"http:\/\/www.western-equipassion.com\/\" target=\"_blank\" rel=\"nofollow noopener\">western-equipassion.com<\/a><\/li>\n<li>\u00c9quitation Western B\u00e9tail france :\u00a0 <a href=\"http:\/\/fewb.over-blog.com\" target=\"_blank\" rel=\"nofollow noopener\">fewb.over-blog.com<\/a> (voir actualit\u00e9 et <strong>installez<\/strong> <a href=\"http:\/\/azqs.com\/blog\/2015\/09\/22\/reinstallation-dun-plugin-de-partage-sur-les-reseaux-sociaux\/\" target=\"_blank\" rel=\"noopener\">un bloqueur de pub<\/a>)<\/li>\n<li>East Side Country Club : <a href=\"http:\/\/eastsidecountryclub.free.fr\/\" target=\"_blank\" rel=\"nofollow noopener\">eastsidecountryclub.free.fr<\/a> (voir calendrier)<\/li>\n<li>Western Evasion, Association Team Penning\u00a0 : <a href=\"https:\/\/www.facebook.com\/WesternEvasion\" target=\"_blank\" rel=\"nofollow noopener\">facebook.com\/WesternEvasion<\/a><\/li>\n<li>Comit\u00e9 R\u00e9gional \u00c9quitation Alsace &#8211; Actualit\u00e9s western :\u00a0 <a href=\"http:\/\/www.crealsace.com\/disciplines\/western\/actualites-3.html\" target=\"_blank\" rel=\"nofollow noopener\">www.crealsace.com\/disciplines\/western\/<\/a><\/li>\n<\/ul>\n<h3>\u00a0Balade \u00e9questre TOURISTIQUE<\/h3>\n<p>Si vous ne trouvez pas votre bonheur sur <a href=\"http:\/\/www.chevalsace.com\/\" target=\"_blank\" rel=\"nofollow noopener\">chevalsace.com<\/a> &#8230;<\/p>\n<ul>\n<li><a href=\"http:\/\/www.selestat-haut-koenigsbourg.com\/\" target=\"_blank\" rel=\"nofollow noopener\">selestat-haut-koenigsbourg.com<\/a> En tapant \u00a0cal\u00e8che<\/li>\n<li><a href=\"http:\/\/www.tourisme-alsace.com\" target=\"_blank\" rel=\"nofollow noopener\">tourisme-alsace.com<\/a> En tapant cal\u00e8che ou en visitant la rubrique cheval lien en bas <a href=\"http:\/\/www.tourisme-alsace.com\/fr\/activites-equestres\/itineraires-circuits-randonnees-equestre.html\" target=\"_blank\" rel=\"nofollow noopener\">tourisme-alsace.com\/fr\/activites-equestres<\/a><\/li>\n<li><a href=\"http:\/\/www.grandried.fr\/a-cheval.htm\" target=\"_blank\" rel=\"nofollow noopener\">grandried.fr\/a-cheval.htm<\/a><\/li>\n<li><a href=\"http:\/\/sundgau-sudalsace.fr\/tourisme-vert\/activites-equestres.htm\" target=\"_blank\" rel=\"nofollow noopener\">sundgau-sudalsace.fr\/tourisme-vert\/activites-equestres.htm<\/a><\/li>\n<li><a href=\"http:\/\/www.massif-des-vosges.com\/fr\/bouger\/randonnees\/equitation_132.html\" target=\"_blank\" rel=\"nofollow noopener\">massif-des-vosges.com\/fr\/bouger\/randonnees\/equitation_132.html<\/a><\/li>\n<li><a href=\"http:\/\/www.pays-thur-doller.fr\/\" target=\"_blank\" rel=\"nofollow noopener\">pays-thur-doller.fr<\/a> : rubrique manifestations (le moteur de recherche est inefficient)<\/li>\n<li><a href=\"http:\/\/www.vallee-munster.eu\/activites\/randonnee-equestre.htm\" target=\"_blank\" rel=\"nofollow noopener\">vallee-munster.eu\/activites\/randonnee-equestre.htm<\/a> (info balades)<\/li>\n<\/ul>\n<h3>Attelages<\/h3>\n<p>F\u00e9d\u00e9rations :<\/p>\n<ul>\n<li><a href=\"http:\/\/www.chevaldetrait68.org\/agenda\/\" target=\"_blank\" rel=\"nofollow noopener\">chevaldetrait68.org\/agenda\/<\/a><\/li>\n<li><a href=\"https:\/\/www.facebook.com\/traits.dehautealsace\" target=\"_blank\" rel=\"nofollow noopener\">facebook.com\/traits.dehautealsace<\/a><\/li>\n<li>Courses et attelage : <a href=\"http:\/\/federationsocietehippiquerural.wifeo.com\/\" target=\"_blank\" rel=\"nofollow noopener\">federationsocietehippiquerural.wifeo.com\/<\/a><\/li>\n<li>Syndicat d&rsquo;\u00e9levage du cheval \u00a0de Seebach et environs: <a href=\"http:\/\/www.shr.seebach.info\/\" target=\"_blank\" rel=\"nofollow noopener\">shr.seebach.info\/<\/a><\/li>\n<\/ul>\n<p>Rubrique attelage :<\/p>\n<ul>\n<li><a href=\"http:\/\/hnalsace.blogscheval.net\/attelage\/\" target=\"_blank\" rel=\"nofollow noopener\">hnalsace.blogscheval.net\/attelage\/<\/a><\/li>\n<li><a href=\"http:\/\/www.chevalsace.com\/professionnels\/les-attelages.html\" target=\"_blank\" rel=\"nofollow noopener\">chevalsace.com\/professionnels\/les-attelages.html<\/a><\/li>\n<li><a href=\"http:\/\/www.chevalsace.com\/divers\/associations-de-cavaliers.html\" target=\"_blank\" rel=\"nofollow noopener\">http:\/\/www.chevalsace.com\/divers\/associations-de-cavaliers.html<\/a><\/li>\n<\/ul>\n<p>Et aussi<\/p>\n<ul>\n<li><a href=\"http:\/\/www.france-trait.fr\/fr\/actualites\/\" target=\"_blank\" rel=\"nofollow noopener\">france-trait.fr\/fr\/actualites\/<\/a><\/li>\n<li><a href=\"http:\/\/www.espritrait.com\/agenda.html\" target=\"_blank\" rel=\"nofollow noopener\">espritrait.com\/agenda.html<\/a><\/li>\n<li><a href=\"http:\/\/attelage.org\/concoursMap.php\" target=\"_blank\" rel=\"nofollow noopener\">attelage.org\/concoursMap.php<\/a><\/li>\n<\/ul>\n<h3><span class=\"linktitle\">\u00c9curies \u00e0 Actualit\u00e9s fournies<\/span><\/h3>\n<ul>\n<li>Ecurie de la cantera : <a href=\"http:\/\/www.ecuriedelacantera.com\" target=\"_blank\" rel=\"nofollow noopener\">ecuriedelacantera.com<\/a><\/li>\n<li>Islandais du broch : <a href=\"http:\/\/www.lesislandaisdubroch.com\" target=\"_blank\" rel=\"nofollow noopener\">lesislandaisdubroch.com<\/a> (T\u00d6LT&rsquo;THUR)<\/li>\n<li>Soci\u00e9t\u00e9 Hippique de Mulhouse : <a href=\"http:\/\/www.shm-waldeck.fr\" target=\"_blank\" rel=\"nofollow noopener\">shm-waldeck.fr<\/a> (cso Pony Games)<\/li>\n<li>Haras des Bussieres : <a href=\"http:\/\/www.haras-des-bussieres.net\" target=\"_blank\" rel=\"nofollow noopener\">haras-des-bussieres.net<\/a> (CSO)<\/li>\n<li>CLUB EQUESTRE D&rsquo;OBERNAI : <a href=\"http:\/\/www.club-equestre-obernai.com\" target=\"_blank\" rel=\"nofollow noopener\">club-equestre-obernai.com<\/a> (CSO)<\/li>\n<\/ul>\n<h2><img loading=\"lazy\" decoding=\"async\" class=\"alignnone size-full wp-image-524\" src=\"http:\/\/azqs.com\/mime\/files\/2015\/10\/icone-agenda.jpg\" alt=\"\" width=\"36\" height=\"36\" \/>\u00a0M\u00e9dias et autres<\/h2>\n<ul>\n<li>Agenda parfois incomplet.<br \/>\nMais restitutions des comp\u00e9tions en Alsace et \u00a0communiqu\u00e9s des instances officiels.<br \/>\n<a href=\"http:\/\/www.lecheval.fr\/actualite\/alsace\/11\" target=\"_blank\" rel=\"nofollow noopener\">http:\/\/www.lecheval.fr\/actualite\/alsace\/11<\/a><\/li>\n<li>Annuaire forums : S\u00e9lection de 18 forums<br \/>\n<a href=\"http:\/\/liens.azqs.com\/tout_le_cheval\/?searchtags=forum\" target=\"_blank\" rel=\"noopener\">Annuaire tout_le_cheval<\/a><\/li>\n<li>Vos groupes <a href=\"https:\/\/m.facebook.com\/groups\/?seemore\" target=\"_blank\" rel=\"noopener\">FaceBook<\/a><\/li>\n<li>Annuaire des agendas d&rsquo;\u00e9v\u00e8nements \u00e0 <a href=\"http:\/\/liens.azqs.com\/azqs\/?RQMHjA\" target=\"_blank\" rel=\"noopener\">Strasbourg et Alsace<\/a><\/li>\n<\/ul>\n<p>&nbsp;<\/p>\n","protected":false},"excerpt":{"rendered":"<p>Bonjour, Navr\u00e9e, mais je n&rsquo;ai plus le temps de mettre \u00e0 jour l&rsquo; agenda du Cheval en Alsace. Mais vous pouvez retrouver des infos utiles et d&rsquo;\u00e9v\u00e8nements sur les sites ci dessous \u00a0Instances \u00e9questres officielles Comit\u00e9 R\u00e9gional d&rsquo;Equitation d&rsquo;Alsace (CREA) R\u00e9f\u00e9rence concours CSO\/dressage\/Hunter\/CCE\/&#8230; Vous y trouverez le calendrier des championnats D\u00e9partementaux et R\u00e9gionaux, Circuits Grands &hellip; <\/p>\n<p><a class=\"more-link btn\" href=\"https:\/\/azqs.com\/mime\/2015\/10\/03\/agenda-du-cheval-en-alsace-cest-fini-mais\/\">Lire la suite<\/a><\/p>\n","protected":false},"author":291,"featured_media":0,"comment_status":"closed","ping_status":"closed","sticky":false,"template":"","format":"standard","meta":{"footnotes":""},"categories":[3],"tags":[],"class_list":["post-522","post","type-post","status-publish","format-standard","hentry","category-non-classe","nodate","item-wrap"],"_links":{"self":[{"href":"https:\/\/azqs.com\/mime\/wp-json\/wp\/v2\/posts\/522"}],"collection":[{"href":"https:\/\/azqs.com\/mime\/wp-json\/wp\/v2\/posts"}],"about":[{"href":"https:\/\/azqs.com\/mime\/wp-json\/wp\/v2\/types\/post"}],"author":[{"embeddable":true,"href":"https:\/\/azqs.com\/mime\/wp-json\/wp\/v2\/users\/291"}],"replies":[{"embeddable":true,"href":"https:\/\/azqs.com\/mime\/wp-json\/wp\/v2\/comments?post=522"}],"version-history":[{"count":4,"href":"https:\/\/azqs.com\/mime\/wp-json\/wp\/v2\/posts\/522\/revisions"}],"predecessor-version":[{"id":932,"href":"https:\/\/azqs.com\/mime\/wp-json\/wp\/v2\/posts\/522\/revisions\/932"}],"wp:attachment":[{"href":"https:\/\/azqs.com\/mime\/wp-json\/wp\/v2\/media?parent=522"}],"wp:term":[{"taxonomy":"category","embeddable":true,"href":"https:\/\/azqs.com\/mime\/wp-json\/wp\/v2\/categories?post=522"},{"taxonomy":"post_tag","embeddable":true,"href":"https:\/\/azqs.com\/mime\/wp-json\/wp\/v2\/tags?post=522"}],"curies":[{"name":"wp","href":"https:\/\/api.w.org\/{rel}","templated":true}]}}