{"id":2012,"date":"2025-03-05T11:55:30","date_gmt":"2025-03-05T10:55:30","guid":{"rendered":"https:\/\/azqs.com\/maison-mimir\/?p=2012"},"modified":"2026-04-10T15:33:13","modified_gmt":"2026-04-10T14:33:13","slug":"samedi-8-15-mars-2025-fin-du-chantier-bagagerie","status":"publish","type":"post","link":"https:\/\/azqs.com\/maison-mimir\/2025\/03\/05\/samedi-8-15-mars-2025-fin-du-chantier-bagagerie\/","title":{"rendered":"SAMEDI 8 &amp; 15 mars 2025 : FIN DU CHANTIER BAGAGERIE ???!!!"},"content":{"rendered":"<p> Chantier Bagagerie Solidaire <\/p>\n<p>\u00c7a se confirme, fin du chantier les samedi 8 et 15 mars<br \/>\n\u00e7a se passe de 12h \u00e0 17H<br \/>\navec clean du site en m\u00eame temps.<\/p>\n<p>&nbsp;<\/p>\n<p>N&rsquo;h\u00e9sites pas \u00e0 venir aider m\u00eame 1h de ton temps&#8230;<\/p>\n<p>\u00c0 la Maison Mimir au 18 rue Prechter<br \/>\nNous avons gants et masques si besoin sur place. <\/p>\n<p>Merci<br \/>\n<img loading=\"lazy\" decoding=\"async\" class=\"aligncenter size-large wp-image-2013\" src=\"http:\/\/azqs.com\/maison-mimir\/files\/2025\/03\/CHANTIER-PARTICIPATIF-mars-2025-1024x1024.jpg\" alt=\"Fin de chantier bagagerie 2025\" width=\"600\" height=\"600\" srcset=\"https:\/\/azqs.com\/maison-mimir\/files\/2025\/03\/CHANTIER-PARTICIPATIF-mars-2025-1024x1024.jpg 1024w, https:\/\/azqs.com\/maison-mimir\/files\/2025\/03\/CHANTIER-PARTICIPATIF-mars-2025-300x300.jpg 300w, https:\/\/azqs.com\/maison-mimir\/files\/2025\/03\/CHANTIER-PARTICIPATIF-mars-2025-150x150.jpg 150w, https:\/\/azqs.com\/maison-mimir\/files\/2025\/03\/CHANTIER-PARTICIPATIF-mars-2025-768x768.jpg 768w, https:\/\/azqs.com\/maison-mimir\/files\/2025\/03\/CHANTIER-PARTICIPATIF-mars-2025-600x600.jpg 600w, https:\/\/azqs.com\/maison-mimir\/files\/2025\/03\/CHANTIER-PARTICIPATIF-mars-2025.jpg 1080w\" sizes=\"(max-width: 600px) 100vw, 600px\" \/><br \/>\n#chantierparticipatif #chantierstrasbourg #solidaritestrasbourg #bagageriesolidaire #maisonmimir<\/p>\n","protected":false},"excerpt":{"rendered":"<p>Chantier Bagagerie Solidaire \u00c7a se confirme, fin du chantier les samedi 8 et 15 mars \u00e7a se passe de 12h \u00e0 17H avec clean du site en m\u00eame temps. &nbsp; N&rsquo;h\u00e9sites pas \u00e0 venir aider m\u00eame 1h de ton temps&#8230; \u00c0 la Maison Mimir au 18 rue Prechter Nous avons gants et masques si besoin [&hellip;]<\/p>\n","protected":false},"author":395,"featured_media":2013,"comment_status":"closed","ping_status":"closed","sticky":false,"template":"","format":"standard","meta":{"footnotes":""},"categories":[2,146],"tags":[],"class_list":["post-2012","post","type-post","status-publish","format-standard","has-post-thumbnail","hentry","category-actualites","category-bagagerie"],"share_on_mastodon":{"url":"","error":""},"_links":{"self":[{"href":"https:\/\/azqs.com\/maison-mimir\/wp-json\/wp\/v2\/posts\/2012"}],"collection":[{"href":"https:\/\/azqs.com\/maison-mimir\/wp-json\/wp\/v2\/posts"}],"about":[{"href":"https:\/\/azqs.com\/maison-mimir\/wp-json\/wp\/v2\/types\/post"}],"author":[{"embeddable":true,"href":"https:\/\/azqs.com\/maison-mimir\/wp-json\/wp\/v2\/users\/395"}],"replies":[{"embeddable":true,"href":"https:\/\/azqs.com\/maison-mimir\/wp-json\/wp\/v2\/comments?post=2012"}],"version-history":[{"count":1,"href":"https:\/\/azqs.com\/maison-mimir\/wp-json\/wp\/v2\/posts\/2012\/revisions"}],"predecessor-version":[{"id":2014,"href":"https:\/\/azqs.com\/maison-mimir\/wp-json\/wp\/v2\/posts\/2012\/revisions\/2014"}],"wp:featuredmedia":[{"embeddable":true,"href":"https:\/\/azqs.com\/maison-mimir\/wp-json\/wp\/v2\/media\/2013"}],"wp:attachment":[{"href":"https:\/\/azqs.com\/maison-mimir\/wp-json\/wp\/v2\/media?parent=2012"}],"wp:term":[{"taxonomy":"category","embeddable":true,"href":"https:\/\/azqs.com\/maison-mimir\/wp-json\/wp\/v2\/categories?post=2012"},{"taxonomy":"post_tag","embeddable":true,"href":"https:\/\/azqs.com\/maison-mimir\/wp-json\/wp\/v2\/tags?post=2012"}],"curies":[{"name":"wp","href":"https:\/\/api.w.org\/{rel}","templated":true}]}}