{"id":1660,"date":"2023-09-29T00:00:42","date_gmt":"2023-09-28T23:00:42","guid":{"rendered":"https:\/\/azqs.com\/maison-mimir\/?p=1660"},"modified":"2026-04-10T15:33:16","modified_gmt":"2026-04-10T14:33:16","slug":"vendredi-29-09-2023-la-scene-slam-sinvite-a-mimir-lalbatros-en-concert","status":"publish","type":"post","link":"https:\/\/azqs.com\/maison-mimir\/2023\/09\/29\/vendredi-29-09-2023-la-scene-slam-sinvite-a-mimir-lalbatros-en-concert\/","title":{"rendered":"VENDREDI 29\/09\/2023 : La Sc\u00e8ne Slam S&rsquo;invite \u00e0 MIMIR + L&rsquo;albatros en Concert"},"content":{"rendered":"<p><em><strong>Elle est de retour pour sa 3e saison la sc\u00e8ne slam \u00e0 Mimir !!!<\/strong><\/em><\/p>\n<p>Le slam, c&rsquo;est une sc\u00e8ne ouverte \u00e0 toustes, un espace de libre expression : le micro est \u00e0 vous. \u00c0 chaque passage, vous disposez de 3 \u00e0 5 min pour dire, lire, r\u00e9citer, chanter, rapper, conter un texte dont le fond la forme et le style sont libres.<\/p>\n<p><em>Viens d\u00e9clamer tes pulsions textuelles&#8230;<\/em><\/p>\n<p>C&rsquo;est la premi\u00e8re de la saison et pour l&rsquo;occasion nous avons invit\u00e9, <em><strong>L&rsquo;albatros slameur<\/strong><\/em>, rappeur de Toulouse pour participer \u00e0 notre sc\u00e8ne slam et nous faire un concert venez Nombreux.ses<\/p>\n<p>Comme d&rsquo;habitude, la soir\u00e9e est \u00e0 Prix libre et conscient.<img loading=\"lazy\" decoding=\"async\" class=\"alignnone size-large wp-image-1661\" src=\"http:\/\/azqs.com\/maison-mimir\/files\/2024\/03\/Slam-et-concert-Albatros-sept-2023-1024x536.jpg\" alt=\"Sc\u00e8ne Slam et concert Albatros septembre 2023\" width=\"584\" height=\"306\" srcset=\"https:\/\/azqs.com\/maison-mimir\/files\/2024\/03\/Slam-et-concert-Albatros-sept-2023-1024x536.jpg 1024w, https:\/\/azqs.com\/maison-mimir\/files\/2024\/03\/Slam-et-concert-Albatros-sept-2023-300x157.jpg 300w, https:\/\/azqs.com\/maison-mimir\/files\/2024\/03\/Slam-et-concert-Albatros-sept-2023-768x402.jpg 768w, https:\/\/azqs.com\/maison-mimir\/files\/2024\/03\/Slam-et-concert-Albatros-sept-2023-600x314.jpg 600w, https:\/\/azqs.com\/maison-mimir\/files\/2024\/03\/Slam-et-concert-Albatros-sept-2023-500x262.jpg 500w, https:\/\/azqs.com\/maison-mimir\/files\/2024\/03\/Slam-et-concert-Albatros-sept-2023.jpg 1200w\" sizes=\"(max-width: 584px) 100vw, 584px\" \/><\/p>\n","protected":false},"excerpt":{"rendered":"<p>Elle est de retour pour sa 3e saison la sc\u00e8ne slam \u00e0 Mimir !!! Le slam, c&rsquo;est une sc\u00e8ne ouverte \u00e0 toustes, un espace de libre expression : le micro est \u00e0 vous. \u00c0 chaque passage, vous disposez de 3 \u00e0 5 min pour dire, lire, r\u00e9citer, chanter, rapper, conter un texte dont le fond [&hellip;]<\/p>\n","protected":false},"author":395,"featured_media":1661,"comment_status":"closed","ping_status":"closed","sticky":false,"template":"","format":"standard","meta":{"footnotes":""},"categories":[2,162,145,166],"tags":[],"class_list":["post-1660","post","type-post","status-publish","format-standard","has-post-thumbnail","hentry","category-actualites","category-concert","category-evenement","category-scene-slam"],"share_on_mastodon":{"url":"","error":""},"_links":{"self":[{"href":"https:\/\/azqs.com\/maison-mimir\/wp-json\/wp\/v2\/posts\/1660"}],"collection":[{"href":"https:\/\/azqs.com\/maison-mimir\/wp-json\/wp\/v2\/posts"}],"about":[{"href":"https:\/\/azqs.com\/maison-mimir\/wp-json\/wp\/v2\/types\/post"}],"author":[{"embeddable":true,"href":"https:\/\/azqs.com\/maison-mimir\/wp-json\/wp\/v2\/users\/395"}],"replies":[{"embeddable":true,"href":"https:\/\/azqs.com\/maison-mimir\/wp-json\/wp\/v2\/comments?post=1660"}],"version-history":[{"count":2,"href":"https:\/\/azqs.com\/maison-mimir\/wp-json\/wp\/v2\/posts\/1660\/revisions"}],"predecessor-version":[{"id":1663,"href":"https:\/\/azqs.com\/maison-mimir\/wp-json\/wp\/v2\/posts\/1660\/revisions\/1663"}],"wp:featuredmedia":[{"embeddable":true,"href":"https:\/\/azqs.com\/maison-mimir\/wp-json\/wp\/v2\/media\/1661"}],"wp:attachment":[{"href":"https:\/\/azqs.com\/maison-mimir\/wp-json\/wp\/v2\/media?parent=1660"}],"wp:term":[{"taxonomy":"category","embeddable":true,"href":"https:\/\/azqs.com\/maison-mimir\/wp-json\/wp\/v2\/categories?post=1660"},{"taxonomy":"post_tag","embeddable":true,"href":"https:\/\/azqs.com\/maison-mimir\/wp-json\/wp\/v2\/tags?post=1660"}],"curies":[{"name":"wp","href":"https:\/\/api.w.org\/{rel}","templated":true}]}}