{"id":852,"date":"2020-11-06T07:29:22","date_gmt":"2020-11-06T06:29:22","guid":{"rendered":"http:\/\/azqs.com\/lespetitsriens\/?p=852"},"modified":"2020-11-06T07:54:06","modified_gmt":"2020-11-06T06:54:06","slug":"de-lhistoire-dune-cuisine-qui-se-transforme-en-toilettes-aux-origines-de-mimir-vu-par-tibtib-2017","status":"publish","type":"post","link":"https:\/\/azqs.com\/lespetitsriens\/de-lhistoire-dune-cuisine-qui-se-transforme-en-toilettes-aux-origines-de-mimir-vu-par-tibtib-2017\/","title":{"rendered":"De l&rsquo;histoire d&rsquo;une cuisine qui se transforme en toilettes aux origines de Mimir vu par Tibtib &#8211; 2017"},"content":{"rendered":"<div id=\"attachment_853\" style=\"width: 505px\" class=\"wp-caption alignnone\"><img loading=\"lazy\" decoding=\"async\" aria-describedby=\"caption-attachment-853\" class=\"wp-image-853 \" src=\"http:\/\/azqs.com\/lespetitsriens\/files\/2020\/11\/Tibtib-20a-300x203.jpg\" alt=\"\" width=\"495\" height=\"335\" srcset=\"https:\/\/azqs.com\/lespetitsriens\/files\/2020\/11\/Tibtib-20a-300x203.jpg 300w, https:\/\/azqs.com\/lespetitsriens\/files\/2020\/11\/Tibtib-20a-1024x692.jpg 1024w, https:\/\/azqs.com\/lespetitsriens\/files\/2020\/11\/Tibtib-20a-768x519.jpg 768w, https:\/\/azqs.com\/lespetitsriens\/files\/2020\/11\/Tibtib-20a-1536x1038.jpg 1536w, https:\/\/azqs.com\/lespetitsriens\/files\/2020\/11\/Tibtib-20a.jpg 1818w\" sizes=\"(max-width: 495px) 100vw, 495px\" \/><p id=\"caption-attachment-853\" class=\"wp-caption-text\">Les toilettes actuels de la maison, par Tibtib, 2017<\/p><\/div>\n<p style=\"text-align: justify\"><strong>Tibtib<\/strong> : L\u00e0, c\u2019\u00e9tait l\u2019ancien bureau, puis c\u2019\u00e9tait une chambre, puis \u00e7a a \u00e9t\u00e9 un mini salon, un mini bar. C\u2019est devenu la cuisine et puis maintenant c\u2019est les toilettes hein.<\/p>\n<p style=\"text-align: justify\"><strong>Oph\u00e9lie<\/strong> : c\u2019est au rez-de-chauss\u00e9e ?<\/p>\n<p style=\"text-align: justify\"><strong>Tibtib<\/strong> : ouais c\u2019est l\u2019ancienne cuisine, au rez-de-chauss\u00e9e, qui sont les toilettes aujourd\u2019hui.<\/p>\n<p style=\"text-align: justify\">Et j\u2019y avais mis vraiment du mien quoi, tu sais, comme on a un peu de mal \u00e0 bosser ensemble parce qu\u2019on n\u2019est pas tous avec les m\u00eames qualit\u00e9s de travail. Je sais pas bosser \u00e0 la Patrique* [<em>ndlr<\/em> : le pr\u00e9nom a \u00e9t\u00e9 modifi\u00e9] par exemple, ou \u00e0 la Jo : fff fff fff. Tu sais, vite fait bien fait. Mais je suis assez autodidacte et j\u2019aime bien commencer limite par les finitions avant le gros \u0153uvre (&#8230;) et comme je commen\u00e7ais \u00e0 Mimir, \u00e0 avoir pas mal d\u2019exp\u00e9rience sur le BTP, je me suis dit : \u00ab\u00a0bon, ben, au lieu qu\u2019on bosse tous ensemble sur une pi\u00e8ce pour qu\u2019elle soit bonne, puis apr\u00e8s tous ensemble sur une autre (toute fa\u00e7on \u00e7a marchait pas hein, Mimir c\u2019est encore en travaux aujourd\u2019hui et \u00e7a remonte\u2026), je me suis dit : au pire on prend chacun une pi\u00e8ce et tout le monde se d\u00e9merde. On demande un coup de main au voisin si besoin pour les trucs un peu plus sp\u00e9cifiques et moi, je me suis dit : \u00ab\u00a0bon, ok, je prends la cuisine.\u00a0\u00bb<\/p>\n<p style=\"text-align: justify\">Puisque j\u2019avais commenc\u00e9 aussi \u00e0 g\u00e9rer les r\u00e9cup&rsquo; et tout, j\u2019ai boss\u00e9 en cuisine collective, je connais les normes d\u2019hygi\u00e8ne (le chaud ne croise pas le froid ; le propre ne croise pas le sale <em>et cetera<\/em>). Et donc je me suis attaqu\u00e9 \u00e0 la cuisine. Ok, ben je la fais tout seul, je ne veux pas d\u2019aide. Et puis \u00e7a m\u2019a pris peut-\u00eatre un an, un an et demi pour la faire tranquillement, tous les jours un petit peu&#8230;<\/p>\n<p style=\"text-align: justify\">Mais voil\u00e0, en fait, c\u2019est faire et d\u00e9faire et refaire et d\u00e9faire. \u00c7a c\u2019est un truc aussi qui m\u2019est pass\u00e9 par dessus la t\u00eate \u00e0 la maison et je me suis dit : \u00ab\u00a0bon ben on fait une bonne chose une fois pour toute et moi je m\u2019occupe de la cuisine. Chacun fait son truc.\u00a0\u00bb Je ne m\u2019en occupais plus. J\u2019\u00e9tais dans ma petite bulle. C\u2019est ma cuisine et voil\u00e0. Et puis j\u2019ai pris vraiment du temps et de l\u2019\u00e9nergie pour que \u00e7a soit nickel-nickel ! Je ne sais pas si tu te rappelles de la cuisine avant les travaux des toilettes ?<\/p>\n<p style=\"text-align: justify\"><strong>Oph\u00e9lie<\/strong> : je ne connaissais pas.<\/p>\n<p style=\"text-align: justify\"><strong>Tibtib<\/strong> : Avant que je parte en voyage, avec Jo justement, en Inde, il y a quatre ans. (&#8230;) Je l\u2019avais faite toute bien. J\u2019avais fait l\u2019eau, l\u2019\u00e9lectricit\u00e9. J\u2019avais refait l\u2019isolation, le plafond, les tomettes partout, ressortir les vieilles pierres autour des fen\u00eatres, les linteaux, la hotte&#8230; (&#8230;) tout bien nickel, des grands plans de travail, rien qui ne touche le sol, avec tout fix\u00e9 au mur, le gros lavabo fix\u00e9 au mur aussi, les plaques de marbre sur les petites fen\u00eatres&#8230; Je m\u2019\u00e9tais r\u00e9gal\u00e9 \u00e0 me faire chier, bien-bien et qu&rsquo;une fois que je suis parti, que je reviens quelques mois apr\u00e8s mon voyage d\u2019Inde, ben c\u2019est plus une cuisine (&#8230;), ils ont d\u00e9cid\u00e9 que ce serait la toilette.<\/p>\n<p style=\"text-align: justify\">(&#8230;) Je trouvais \u00e7a dommage qu\u2019on soit tous ensemble \u00e0 faire en travaux, ce qui est le cas dans la maison en g\u00e9n\u00e9ral hein, ou qu\u2019on soit chacun dans son coin \u00e0 \u00e9voluer, des petits bouts de maison par-ci par-l\u00e0, tant que le travail avance, on s\u2019en fout, tant que c\u2019est bien fait, aux normes quasiment (enfin il manque encore quelques \u00e9l\u00e9ments, \u00e9videmment, des rangements, des \u00e9tag\u00e8res mais sinon c\u2019\u00e9tait relativement aux normes) et (&#8230;) tout le monde\u00a0: \u00ab woua\u00a0 ! C\u2019est beau ! C\u2019est bien ! C\u2019est super ! \u00bb Tant mieux. Je me suis dit : \u00ab\u00a0bon, mais c\u2019est cool. Elle est partie c\u2019te cuisine. Elle est faite pour durer.\u00a0\u00bb Je l\u2019ai faite pour que, dans vingt ans, elle soit encore l\u00e0. Et ben non.<\/p>\n<p style=\"text-align: justify\">\u00c7a a du prendre autant de temps pour la d\u00e9monter mais moi je trouve \u00e7a dommage ! Pour garder quelques m\u00e8tres carr\u00e9s sur la pi\u00e8ce d\u2019\u00e0 c\u00f4t\u00e9, qui \u00e9tait d\u00e9j\u00e0 pr\u00eate \u00e0 recevoir la main dans le bac, \u00e0 l\u2019\u00e9poque, et puis de tout devoir refaire&#8230; (&#8230;) La cuisine, je la trouvais bien au milieu, dans le sens o\u00f9 on pouvait servir directement par la fen\u00eatre. M\u00eame cette fen\u00eatre l\u00e0 [<em>ndlr<\/em> : voir photo], tu vois, pour la r\u00e9cup\u2019 qu\u2019on prenait dehors, on n\u2019avait pas \u00e0 faire tout le tour ou machin, on l\u2019a passait par l\u00e0 direct. J\u2019avais [fait] un espace libre expr\u00e8s et je trouve qu\u2019une cuisine au milieu de la maison, c\u2019est normal. On pouvait servir c\u00f4t\u00e9 cour, on pouvait ramener c\u00f4t\u00e9 cour. J\u2019avais rouvert l\u2019ancien four \u00e0 pain qui donne dans le prix libre. (&#8230;) Et, du coup, il y avait de quoi faire passer une assiette, un verre, la caisse tranquillement, puis discret. enfin voil\u00e0 (&#8230;), j\u2019ai pas compris pourquoi on vire tout, on met la toilette l\u00e0. Alors que la toilette \u00e7a ne se met pas au milieu. La toilette, elle ne se met pas pile-poil au milieu, entre la cuisine le prix libre, la cour, l\u2019escalier et l\u2019entr\u00e9e du bar et du salon. \u00c7a ne se met pas en plein milieu, enfin dans ma t\u00eate hein, dans ma logique.<\/p>\n<p style=\"text-align: justify\"><strong>Oph\u00e9lie<\/strong> : Mais t\u2019as pos\u00e9 la question ?<\/p>\n<p style=\"text-align: justify\"><strong>Tibtib<\/strong> : Ben dans leur logique \u00e0 eux, c\u2019est mieux. Donc voil\u00e0 et puis de toute fa\u00e7on j\u2019ai toujours un probl\u00e8me avec \u00e7a, avec la communication \u00e0 la maison. J\u2019essaie pas de faire porter ma voix. Aux AG, je ne parlais pas beaucoup et de moins en moins. Plus je voyais comment \u00e7a se passait, moins je parlais. Apr\u00e8s, je participais, et puis de moins en moins. \u00c0 la fin, je ne venais plus : c\u2019est une AG ? Bon ben je sors hein. Je vais faire un tour&#8230; Tellement il y avait beaucoup de communication mais pour ne rien dire finalement.<\/p>\n<p style=\"text-align: justify\">Et puis moi, le peu de communication que je donnais, j\u2019ai l\u2019impression qu\u2019il n\u2019y avait aucun poids \u00e0 mes paroles. (&#8230;) Je dis pas que ma logique, elle est un petit peu d\u00e9cal\u00e9e. J\u2019ai un esprit un peu en psychologie invers\u00e9e. \u00c7a m\u2019arrive souvent, on me le dit mais apr\u00e8s, c\u2019est comme Starmania quoi : \u00ab\u00a0j\u2019sais pas si c\u2019est la terre qui tourne \u00e0 l\u2019envers ou bien si c\u2019est moi qui m\u2019fait mon cin\u00e9ma&#8230;\u00a0\u00bb Et ben c\u2019\u00e9tait vraiment \u00e7a : gros cin\u00e9ma Mimir. \u00c7a m\u2019a un peu frustr\u00e9 enfin pas mal d\u2019ailleurs. Et m\u00eame JP il m\u2019avait dit : \u00ab\u00a0oh ! C\u2019est beau ! Prends une photo, parce que tu verras, \u00e7a va pas durer.\u00a0\u00bb Et je sais bien qu\u2019\u00e0 Mimir les choses durent pas mais changer de pi\u00e8ce comme de chemise c\u2019est un peu\u2026 et effectivement le temps que je parte et que je revienne c\u2019\u00e9tait d\u00e9j\u00e0 plus \u00e7a. (&#8230;) Mais bon apr\u00e8s c\u2019est pour \u00e7a que j&rsquo;ai (&#8230;) arr\u00eat\u00e9 de comprendre et que je voyais que, de toute fa\u00e7on, \u00e7a marchait pas et que ma voix ne portait pas beaucoup. J\u2019\u00e9tais finalement dans l\u2019acceptation, surtout en revenant d\u2019Inde o\u00f9 j\u2019ai appris un peu plus l\u2019abn\u00e9gation et l\u2019acceptation de ce que peuvent \u00eatre les choses dans l\u2019\u00e9tat. Et laisser comme \u00e7a et se dire : \u00ab\u00a0bon ben si \u00e7a change, \u00e7a change et ok puis tant pis.\u00a0\u00bb C\u2019\u00e9tait plus pour me d\u00e9fendre aussi parce que quand t\u2019aimes le b\u00e9b\u00e9, le projet, tu gueules.<\/p>\n<p style=\"text-align: justify\">(\u2026)<\/p>\n<p style=\"text-align: justify\"><strong>Oph\u00e9lie<\/strong> : Je fais une petite chronologie des habitants chez Mimir. Est ce que tu peux me dire quand est ce que tu es arriv\u00e9 \u00e0 la maison ? C\u2019\u00e9tait au tout d\u00e9but ?<\/p>\n<p style=\"text-align: justify\"><strong>Thibaut<\/strong> : Alors moi, je suis arriv\u00e9 au tout d\u00e9but. C\u2019\u00e9tait en d\u00e9cembre 2009 et il y avait d\u00e9j\u00e0 Stoof et Renaud sur le projet. Ils \u00e9taient \u00e0 l\u2019\u00e9cole d\u2019\u00e9duc&rsquo; ensemble et ils en ont discut\u00e9. Et moi, en fait, c\u2019\u00e9tait le moment o\u00f9 j\u2019\u00e9tais en train de me sevrer dans les bois, \u00e0 mon arriv\u00e9e et j&rsquo;ai pris mon v\u00e9lo, comme d\u2019hab&rsquo;, je m\u2019enfuis parce que \u00e7a me va tr\u00e8s bien. (&#8230;) Surtout, pour arr\u00eater la came, rien de mieux qu\u2019un tour en v\u00e9lo dans la nature.<\/p>\n<p style=\"text-align: justify\">Et je suis parti en Allemagne. Avant \u00e7a, je m\u2019\u00e9tais arr\u00eat\u00e9 sur la fronti\u00e8re pour prendre un peu des nouvelles du pays voisin (comment \u00e7a marchait) et je tombe sur Espace Ind\u00e9pendance, Espace I quoi, l\u00e0 o\u00f9 bossait Renaud \u00e0 l\u2019\u00e9poque. J\u2019avais laiss\u00e9 une valise, une guitare, je fais mon petit tour, \u00e7a ne s\u2019est pas trop bien pass\u00e9 l\u00e0-bas et je reviens.<\/p>\n<p style=\"text-align: justify\">Et en revenant, je voulais r\u00e9cup\u00e9rer mes affaires donc je retourne voir Renaud \u00e0 Espace I et il me dit : \u00ab\u00a0ah (&#8230;) \u00e7a faisait longtemps ! Tu vas bien ? Content de te voir ! Viens, on va discuter en apart\u00e9 dehors.\u00a0\u00bb Il me paye une clope, un caf\u00e9, on discute et l\u00e0 il me dit : \u00ab\u00a0\u00e9coute, moi je suis travailleur social et j\u2019en ai marre du social conventionnel (&#8230;) et j\u2019ai envie d\u2019ouvrir un squat, de faire du social un peu plus engag\u00e9. Et j\u2019ai besoin de gars comme toi. Je vois que tu te d\u00e9brouilles bien en squat et machin. Est-ce que tu as envie de venir filer un coup de main quoi ? \u00bb<\/p>\n<p style=\"text-align: justify\">En g\u00e9n\u00e9ral, c\u2019est pas que je dis toujours oui mais bon, je suis plut\u00f4t du genre \u00e0 accepter ce genre d\u2019action. Je n\u2019aurais jamais imagin\u00e9 que \u00e7a partirait aussi loin. Ouvrir un squat, oui. Les flics arrivent apr\u00e8s, oui, comme d\u2019hab&rsquo;. Je n\u2019aurais jamais imagin\u00e9\u2026 J\u2019aurais pu dire non et continuer ma route mais bon, le hasard a fait que j\u2019ai dit oui et je suis arriv\u00e9.<\/p>\n<p style=\"text-align: justify\">Donc Renaud m\u2019a pr\u00e9sent\u00e9 Stoof et y\u2019avait aussi le fr\u00e8re \u00e0 P***. Et il s\u2019\u00e9tait investi il avait voulu ouvrir un truc. apr\u00e8s lui il avait pens\u00e9 vraiment ouvrir ce lieu dans un autre d\u00e9lire qu&rsquo;eux donc il a pas vraiment \u00e9t\u00e9 compatible avec ce lieu il a pr\u00e9f\u00e9r\u00e9 partir, enfin repartir (il a toujours un pied dedans bien s\u00fbr mais il a pr\u00e9f\u00e9r\u00e9 quitter vraiment le projet et faire un truc \u00e0 c\u00f4t\u00e9). Donc, du coup, on s\u2019est vraiment retrouv\u00e9 Stoof, Renaud et moi au tout d\u00e9but. Et puis Stoof, il finissait son \u00e9cole d\u2019\u00e9duc&rsquo;. il avait son dipl\u00f4me \u00e0 passer. Donc, il habitait encore chez lui, il travaillait sur son m\u00e9moire. Et Stoof et Renaud \u00e9taient d\u00e9j\u00e0 plut\u00f4t sur le stylo alors que moi j\u2019\u00e9tais plus sur le tournevis, comme on dit, chacun ses outils et il y avait deux stylos pour un tournevis. Je me suis dit : \u00ab\u00a0c\u2019est un peu limite\u00a0\u00bb. Et bon, \u00e7a faisait deux-trois semaines, pas plus, on a commenc\u00e9 \u00e0 faire le squat en tant que tel, vraiment la taupe et officiellement on a ouvert en janvier 2010. Mais on \u00e9tait d\u00e9j\u00e0 l\u00e0 un mois avant, le temps des pr\u00e9paratifs. J\u2019ai dormi chez Renaud, il avait toute confiance. Il m\u2019avait laiss\u00e9 les clefs de chez lui. Le matin, on partait de chez lui, (&#8230;) on s\u2019arr\u00eatait \u00e0 la gare, il prenait cinq minutes d\u2019avance pour entrer, puis moi j\u2019arrivais cinq minutes apr\u00e8s, du genre : \u00ab\u00a0oh ! Bonjour Renaud. \u00c7a va ? \u00bb C\u2019\u00e9tait assez dr\u00f4le de jouer un double jeu comme \u00e7a parce qu\u2019apparemment ils n&rsquo;ont pas le droit. (&#8230;) Si t\u2019\u00e9tais ami avant, oui. Si t\u2019\u00e9tais ami apr\u00e8s, t\u2019as pas le droit d\u2019\u00eatre ami apr\u00e8s avec quelqu\u2019un avec qui tu bosses&#8230; Enfin, tout ce genre de r\u00e8gle que Renaud avait envie de casser aussi de ce c\u00f4t\u00e9 l\u00e0.<\/p>\n<p style=\"text-align: justify\">Et tr\u00e8s vite apr\u00e8s, j\u2019avais un ami \u00e0 Lyon, de squat, des copains, donc je leur ai dit : \u00ab oh ben j\u2019appelle F***, un de mes bons potes de Lyon, je lui dis : \u00ab viens voir on va ouvrir un truc \u00e0 Strasbourg, \u00e7a va pas tarder, comme les squats, \u00e7a va pas tarder \u00e0 fermer. C\u2019est un beau truc. \u00c7a vaut le coup, viens jeter un \u0153il puis passer un week-end \u00e0 Stras. \u00bb Il m\u2019a fait : \u00ab\u00a0ok, j\u2019arrive\u00a0\u00bb et puis il est venu avec Jo. Et je ne le connaissais pas du tout. (&#8230;) Et puis au bout du weekend F**** a d\u00fb repartir pour rentrer lundi au boulot et Jo, il n&rsquo;avait rien \u00e0 faire et puis finalement, au bout de trois jours on a dit : \u00ab \u00e9coute reste, t\u2019es super ! \u00bb En plus, il y avait pas mal de BTP, de boulot. Il avait pas mal bosser dedans, il avait de l\u2019exp\u00e9rience.<\/p>\n<p style=\"text-align: justify\">Donc voil\u00e0 quoi, finalement, on se retrouve avec deux stylos et deux tournevis avec Jo. \u00c7a commen\u00e7ait \u00e0 s\u2019\u00e9quilibrer&#8230; (&#8230;) Apr\u00e8s, il y a chacun qui est venu rapporter son \u00ab\u00a0instrument\u00a0\u00bb, entre guillemets, sa capacit\u00e9.<\/p>\n<p style=\"text-align: justify\">C\u2019est comme \u00e7a que j\u2019ai rencontr\u00e9 Jo qui est devenu par la suite un super copain.<\/p>\n","protected":false},"excerpt":{"rendered":"<p>Tibtib : L\u00e0, c\u2019\u00e9tait l\u2019ancien bureau, puis c\u2019\u00e9tait une chambre, puis \u00e7a a \u00e9t\u00e9 un mini salon, un mini bar. C\u2019est devenu la cuisine et puis maintenant c\u2019est les toilettes hein. Oph\u00e9lie : c\u2019est au rez-de-chauss\u00e9e ? Tibtib : ouais &hellip; <a href=\"https:\/\/azqs.com\/lespetitsriens\/de-lhistoire-dune-cuisine-qui-se-transforme-en-toilettes-aux-origines-de-mimir-vu-par-tibtib-2017\/\">Continuer la lecture <span class=\"meta-nav\">&rarr;<\/span><\/a><\/p>\n","protected":false},"author":347,"featured_media":853,"comment_status":"open","ping_status":"open","sticky":false,"template":"","format":"gallery","meta":{"footnotes":""},"categories":[6],"tags":[50,38,42,45,63,28,44,36,21,24,23,25],"class_list":["post-852","post","type-post","status-publish","format-gallery","has-post-thumbnail","hentry","category-temoignages-photos","tag-accueil","tag-apprendre","tag-chantier","tag-collectif","tag-cuisine","tag-drogue","tag-histoire","tag-militantisme","tag-recup","tag-rencontre","tag-squat","tag-subversif","post_format-post-format-gallery"],"_links":{"self":[{"href":"https:\/\/azqs.com\/lespetitsriens\/wp-json\/wp\/v2\/posts\/852"}],"collection":[{"href":"https:\/\/azqs.com\/lespetitsriens\/wp-json\/wp\/v2\/posts"}],"about":[{"href":"https:\/\/azqs.com\/lespetitsriens\/wp-json\/wp\/v2\/types\/post"}],"author":[{"embeddable":true,"href":"https:\/\/azqs.com\/lespetitsriens\/wp-json\/wp\/v2\/users\/347"}],"replies":[{"embeddable":true,"href":"https:\/\/azqs.com\/lespetitsriens\/wp-json\/wp\/v2\/comments?post=852"}],"version-history":[{"count":4,"href":"https:\/\/azqs.com\/lespetitsriens\/wp-json\/wp\/v2\/posts\/852\/revisions"}],"predecessor-version":[{"id":868,"href":"https:\/\/azqs.com\/lespetitsriens\/wp-json\/wp\/v2\/posts\/852\/revisions\/868"}],"wp:featuredmedia":[{"embeddable":true,"href":"https:\/\/azqs.com\/lespetitsriens\/wp-json\/wp\/v2\/media\/853"}],"wp:attachment":[{"href":"https:\/\/azqs.com\/lespetitsriens\/wp-json\/wp\/v2\/media?parent=852"}],"wp:term":[{"taxonomy":"category","embeddable":true,"href":"https:\/\/azqs.com\/lespetitsriens\/wp-json\/wp\/v2\/categories?post=852"},{"taxonomy":"post_tag","embeddable":true,"href":"https:\/\/azqs.com\/lespetitsriens\/wp-json\/wp\/v2\/tags?post=852"}],"curies":[{"name":"wp","href":"https:\/\/api.w.org\/{rel}","templated":true}]}}