{"id":828,"date":"2020-11-01T11:30:49","date_gmt":"2020-11-01T10:30:49","guid":{"rendered":"http:\/\/azqs.com\/lespetitsriens\/?p=828"},"modified":"2020-11-01T11:30:34","modified_gmt":"2020-11-01T10:30:34","slug":"la-lumiere-cest-comme-la-flamme-du-fn-il-faut-leteindre-merci-guillaume-2016","status":"publish","type":"post","link":"https:\/\/azqs.com\/lespetitsriens\/la-lumiere-cest-comme-la-flamme-du-fn-il-faut-leteindre-merci-guillaume-2016\/","title":{"rendered":"\u00ab\u00a0La lumi\u00e8re, c&rsquo;est comme la flamme du FN, il faut l&rsquo;\u00e9teindre. Merci\u00a0\u00bb &#8211; Guillaume &#8211; 2016"},"content":{"rendered":"<div id=\"attachment_829\" style=\"width: 310px\" class=\"wp-caption aligncenter\"><img loading=\"lazy\" decoding=\"async\" aria-describedby=\"caption-attachment-829\" class=\"wp-image-829 size-medium\" src=\"http:\/\/azqs.com\/lespetitsriens\/files\/2020\/10\/Guillaume-21a-300x194.jpg\" alt=\"\" width=\"300\" height=\"194\" \/><p id=\"caption-attachment-829\" class=\"wp-caption-text\">La porte de la salle de bain, Guillaume, 2016<\/p><\/div>\n<p style=\"text-align: justify\"><strong>Guillaume<\/strong> : Aaaah ! On dirait qu&rsquo;il y a une chauve-souris l\u00e0 ! \u00c7a, c&rsquo;est le fant\u00f4me de la chauve-souris. J&rsquo;ai photographi\u00e9 \u00e7a, parce que j&rsquo;aimais beaucoup ce qu\u2019il y avait \u00e9crit : \u00a0\u00bb La lumi\u00e8re, c&rsquo;est comme la flamme du FN, faut l&rsquo;\u00e9teindre ! \u00a0\u00bb \u00c7a, j&rsquo;ai vraiment trouv\u00e9 que c&rsquo;\u00e9tait cool !<\/p>\n<p style=\"text-align: justify\"><strong>Oph\u00e9lie<\/strong> : Pourquoi ?<\/p>\n<p style=\"text-align: justify\"><strong>Guillaume<\/strong> : C&rsquo;est un bon slogan ! C&rsquo;est joli ! Il faut \u00e9teindre la lumi\u00e8re ! Il faut \u00e9teindre la flamme du FN ! En mode, c&rsquo;est une \u00e9vidence. Tous les deux. \u00c7a sort comme une \u00e9vidence, quand c&rsquo;est \u00e9crit comme \u00e7a. \u00c7a ne parle pas du tout de la m\u00eame chose. La flamme du FN, c&rsquo;est un truc politique. Tu ne peux pas \u00e9teindre la flamme du FN, ce n\u2019est pas du feu. C&rsquo;est de l&rsquo;imaginaire. La lumi\u00e8re, c&rsquo;est concret. Mais \u00e7a relie deux mondes. C&rsquo;est une m\u00e9taphore&#8230;<\/p>\n<p style=\"text-align: justify\">(&#8230;)<\/p>\n<p style=\"text-align: justify\"><strong>Oph\u00e9lie<\/strong> : Est-ce qu\u2019on peut dire que c&rsquo;est embl\u00e9matique de Mimir ?<\/p>\n<p style=\"text-align: justify\"><strong>Guillaume<\/strong> : Ah oui ! Que Mimir soit anti-fa, ouais, Mimir, c&rsquo;est contre le FN ! Pour moi, il n\u2019y a pas de doute l\u00e0-dessus ! (&#8230;) T&rsquo;es pas en mode politis\u00e9, mais quelqu&rsquo;un qui dirait des grosses conneries, \u00e0 mon avis, il se fait virer vite fait. Oui, bien s\u00fbr Mimir, c&rsquo;est plus de gauche que de droite. (&#8230;) Je dirais qu\u2019il y a pas mal quand m\u00eame [un] c\u00f4t\u00e9 un peu anarchiste dedans ! (&#8230;) Tu n\u2019auras pas cet extr\u00eame l\u00e0, de droite. (&#8230;) Ici, Mimir, c&rsquo;est profond\u00e9ment anti-pouvoir, anti-syst\u00e8me <em>et cetera<\/em>&#8230;<\/p>\n","protected":false},"excerpt":{"rendered":"<p>Guillaume : Aaaah ! On dirait qu&rsquo;il y a une chauve-souris l\u00e0 ! \u00c7a, c&rsquo;est le fant\u00f4me de la chauve-souris. J&rsquo;ai photographi\u00e9 \u00e7a, parce que j&rsquo;aimais beaucoup ce qu\u2019il y avait \u00e9crit : \u00a0\u00bb La lumi\u00e8re, c&rsquo;est comme la flamme &hellip; <a href=\"https:\/\/azqs.com\/lespetitsriens\/la-lumiere-cest-comme-la-flamme-du-fn-il-faut-leteindre-merci-guillaume-2016\/\">Continuer la lecture <span class=\"meta-nav\">&rarr;<\/span><\/a><\/p>\n","protected":false},"author":347,"featured_media":832,"comment_status":"open","ping_status":"open","sticky":false,"template":"","format":"gallery","meta":{"footnotes":""},"categories":[6],"tags":[20,55,37,80,30,47,49],"class_list":["post-828","post","type-post","status-publish","format-gallery","has-post-thumbnail","hentry","category-temoignages-photos","tag-anarchisme","tag-esthetique","tag-graffiti","tag-imaginaire","tag-politique","tag-pouvoir","tag-precarite","post_format-post-format-gallery"],"_links":{"self":[{"href":"https:\/\/azqs.com\/lespetitsriens\/wp-json\/wp\/v2\/posts\/828"}],"collection":[{"href":"https:\/\/azqs.com\/lespetitsriens\/wp-json\/wp\/v2\/posts"}],"about":[{"href":"https:\/\/azqs.com\/lespetitsriens\/wp-json\/wp\/v2\/types\/post"}],"author":[{"embeddable":true,"href":"https:\/\/azqs.com\/lespetitsriens\/wp-json\/wp\/v2\/users\/347"}],"replies":[{"embeddable":true,"href":"https:\/\/azqs.com\/lespetitsriens\/wp-json\/wp\/v2\/comments?post=828"}],"version-history":[{"count":4,"href":"https:\/\/azqs.com\/lespetitsriens\/wp-json\/wp\/v2\/posts\/828\/revisions"}],"predecessor-version":[{"id":843,"href":"https:\/\/azqs.com\/lespetitsriens\/wp-json\/wp\/v2\/posts\/828\/revisions\/843"}],"wp:featuredmedia":[{"embeddable":true,"href":"https:\/\/azqs.com\/lespetitsriens\/wp-json\/wp\/v2\/media\/832"}],"wp:attachment":[{"href":"https:\/\/azqs.com\/lespetitsriens\/wp-json\/wp\/v2\/media?parent=828"}],"wp:term":[{"taxonomy":"category","embeddable":true,"href":"https:\/\/azqs.com\/lespetitsriens\/wp-json\/wp\/v2\/categories?post=828"},{"taxonomy":"post_tag","embeddable":true,"href":"https:\/\/azqs.com\/lespetitsriens\/wp-json\/wp\/v2\/tags?post=828"}],"curies":[{"name":"wp","href":"https:\/\/api.w.org\/{rel}","templated":true}]}}