{"id":652,"date":"2020-06-25T11:16:45","date_gmt":"2020-06-25T09:16:45","guid":{"rendered":"http:\/\/azqs.com\/lespetitsriens\/?p=652"},"modified":"2020-06-25T11:17:14","modified_gmt":"2020-06-25T09:17:14","slug":"et-la-tu-respire-et-tapprecie-strasbourg-differemment-olivier-et-eugenie-2016","status":"publish","type":"post","link":"https:\/\/azqs.com\/lespetitsriens\/et-la-tu-respire-et-tapprecie-strasbourg-differemment-olivier-et-eugenie-2016\/","title":{"rendered":"\u00ab\u00a0Et l\u00e0 tu respires et t&rsquo;appr\u00e9cies Strasbourg diff\u00e9remment\u00a0\u00bb &#8211; Olivier et Eug\u00e9nie &#8211; 2016"},"content":{"rendered":"<div id=\"attachment_653\" style=\"width: 411px\" class=\"wp-caption aligncenter\"><img loading=\"lazy\" decoding=\"async\" aria-describedby=\"caption-attachment-653\" class=\"wp-image-653 \" src=\"http:\/\/azqs.com\/lespetitsriens\/files\/2020\/06\/Olivier-5a-300x200.jpg\" alt=\"\" width=\"401\" height=\"267\" srcset=\"https:\/\/azqs.com\/lespetitsriens\/files\/2020\/06\/Olivier-5a-300x200.jpg 300w, https:\/\/azqs.com\/lespetitsriens\/files\/2020\/06\/Olivier-5a-1024x683.jpg 1024w, https:\/\/azqs.com\/lespetitsriens\/files\/2020\/06\/Olivier-5a-768x512.jpg 768w, https:\/\/azqs.com\/lespetitsriens\/files\/2020\/06\/Olivier-5a.jpg 1536w\" sizes=\"(max-width: 401px) 100vw, 401px\" \/><p id=\"caption-attachment-653\" class=\"wp-caption-text\">\u00ab\u00a0C&rsquo;est cette grande table, avec plein de bordel dessus, qui nous sert de centre nerveux de l&rsquo;asso&rsquo; et du lieu\u00a0\u00bb, par Olivier, 2016<\/p><\/div>\n<p style=\"text-align: justify\"><strong>Olivier<\/strong> : Photo prise de la fen\u00eatre du deuxi\u00e8me \u00e9tage. Pour moi, Mimir c&rsquo;\u00e9tait beaucoup cette grande cour int\u00e9rieure, avec une grande table au milieu. Un lieu o\u00f9 on se rencontre, o\u00f9 on faisait toutes nos r\u00e9unions. En g\u00e9n\u00e9ral, quand il ne pleuvait pas, on pr\u00e9f\u00e9rait les faire l\u00e0. C&rsquo;est cette grande table, avec plein de bordel dessus, qui nous sert de centre nerveux de l&rsquo;asso&rsquo; et du lieu et, accessoirement, quand il fait beau, tu te mets \u00e0 la fen\u00eatre, tranquille, tu regardes les gens en bas. Le point de vue d&rsquo;o\u00f9 je suis et l&rsquo;endroit que je photographie, pour moi, sont deux endroits importants autant l&rsquo;un que l&rsquo;autre.<\/p>\n<p style=\"text-align: justify\"><strong>Oph\u00e9lie<\/strong> : L&rsquo;endroit o\u00f9 tu photographie, c&rsquo;est quoi ?<\/p>\n<p style=\"text-align: justify\"><strong>Olivier<\/strong> : C&rsquo;est de la cage d&rsquo;escalier, quand tu regardes un peu d&rsquo;au-dessus. Comme c&rsquo;est un lieu o\u00f9 il se passe souvent plein de trucs et il y a toujours cette impression un peu grisante d&rsquo;\u00eatre au-dessus et de voir toute l&rsquo;activit\u00e9 en bas, alors que toi, t&rsquo;\u00e9tais en haut, tranquillement, en train de fumer une cigarette, ou de boire un coup et de faire une petite pause en regardant ce qui se passe. C&rsquo;est pour \u00e7a que j&rsquo;ai pris cette photo.<\/p>\n<div id=\"attachment_654\" style=\"width: 376px\" class=\"wp-caption aligncenter\"><img loading=\"lazy\" decoding=\"async\" aria-describedby=\"caption-attachment-654\" class=\"wp-image-654 \" src=\"http:\/\/azqs.com\/lespetitsriens\/files\/2020\/06\/Eug-12a-300x200.jpg\" alt=\"\" width=\"366\" height=\"244\" \/><p id=\"caption-attachment-654\" class=\"wp-caption-text\">\u00ab Et l\u00e0 tu respires et t&rsquo;appr\u00e9cies Strasbourg diff\u00e9remment \u00bb, par Eug\u00e9nie, 2016<\/p><\/div>\n<p style=\"text-align: justify\"><strong>Eug\u00e9nie<\/strong> : On a pris de la hauteur. Oh ! Le cadrage, il est joli hein ! Wouh punaise ! L\u00e0 j&rsquo;ai r\u00e9ussit hein ! Oh, quand m\u00eame je trouve que \u00e7a va.<\/p>\n<p style=\"text-align: justify\">On est dans la cage d&rsquo;escalier. On est au premier \u00e9tage, dans la cage d&rsquo;escalier, \u00e0 travers la fen\u00eatre et on prend une photographie de la cour. Et encore de cette table qui est au coin de la poutch et avec cet \u0153il qui est toujours encore l\u00e0. En fait, c&rsquo;est marrant parce que quand on vit \u00e0 la maison, aujourd&rsquo;hui encore, j&rsquo;ai pas du tout fait attention \u00e0 cet \u0153il et c&rsquo;est en regardant les photographies que, quand m\u00eame, un \u0153il qui est l\u00e0 et que quoiqu&rsquo;il se passe \u00e7a va te fixer comme \u00e7a et te dire : \u00ab Ah ! On est l\u00e0 ! \u00bb<\/p>\n<p style=\"text-align: justify\">(&#8230;) Je voulais illustrer la cour et je crois que cette photo illustre pas mal la vie de la cour et de tous les <em>brainstorming<\/em> qui s&rsquo;y passent. Parce qu&rsquo;il y a qu&rsquo;une seule personne qui semble avoir la main contre le front en train de r\u00e9fl\u00e9chir. La cour, c&rsquo;est le premier endroit pour les r\u00e9unions et pour se retrouver tous, en hiver comme en \u00e9t\u00e9. La cour de Mimir, elle a toujours \u00e9t\u00e9 pleine de personnes surmontant tout quoi.<\/p>\n<p style=\"text-align: justify\">C&rsquo;est un des meilleurs endroits dans la maison ! Je sais que souvent quand j&rsquo;arrive \u00e0 la maison, surtout quand je n\u2019y habite plus, je vais dans la cour. Il y a beau avoir peut-\u00eatre des bons amis en haut Florian, ou \u00eatre seul avec Daniel et Daniel est en haut&#8230;<\/p>\n<p style=\"text-align: justify\">Non, moi, l&rsquo;endroit o\u00f9 je pr\u00e9f\u00e9rais \u00eatre, c&rsquo;est l\u00e0, ce petit coin l\u00e0 dans la cour, \u00e0 l&rsquo;air pur. Et l\u00e0 tu respires et t&rsquo;appr\u00e9cies Strasbourg diff\u00e9remment. Je me suis rendue compte aussi, que c&rsquo;est l\u00e0 que j&rsquo;avais le plus d&rsquo;inspiration aussi, ce petit endroit l\u00e0, \u00e0 c\u00f4t\u00e9 de l\u2019\u0153il. Le petit coin l\u00e0, comme \u00e7a, j&rsquo;suis bien et je dessine.<\/p>\n<p style=\"text-align: justify\">c&rsquo;est \u00e7a Mimir quoi&#8230;<\/p>\n","protected":false},"excerpt":{"rendered":"<p>Olivier : Photo prise de la fen\u00eatre du deuxi\u00e8me \u00e9tage. Pour moi, Mimir c&rsquo;\u00e9tait beaucoup cette grande cour int\u00e9rieure, avec une grande table au milieu. Un lieu o\u00f9 on se rencontre, o\u00f9 on faisait toutes nos r\u00e9unions. En g\u00e9n\u00e9ral, quand &hellip; <a href=\"https:\/\/azqs.com\/lespetitsriens\/et-la-tu-respire-et-tapprecie-strasbourg-differemment-olivier-et-eugenie-2016\/\">Continuer la lecture <span class=\"meta-nav\">&rarr;<\/span><\/a><\/p>\n","protected":false},"author":347,"featured_media":654,"comment_status":"open","ping_status":"open","sticky":false,"template":"","format":"gallery","meta":{"footnotes":""},"categories":[6],"tags":[71,80,70,97],"class_list":["post-652","post","type-post","status-publish","format-gallery","has-post-thumbnail","hentry","category-temoignages-photos","tag-cour","tag-imaginaire","tag-joyeux-bordel","tag-reunion","post_format-post-format-gallery"],"_links":{"self":[{"href":"https:\/\/azqs.com\/lespetitsriens\/wp-json\/wp\/v2\/posts\/652"}],"collection":[{"href":"https:\/\/azqs.com\/lespetitsriens\/wp-json\/wp\/v2\/posts"}],"about":[{"href":"https:\/\/azqs.com\/lespetitsriens\/wp-json\/wp\/v2\/types\/post"}],"author":[{"embeddable":true,"href":"https:\/\/azqs.com\/lespetitsriens\/wp-json\/wp\/v2\/users\/347"}],"replies":[{"embeddable":true,"href":"https:\/\/azqs.com\/lespetitsriens\/wp-json\/wp\/v2\/comments?post=652"}],"version-history":[{"count":4,"href":"https:\/\/azqs.com\/lespetitsriens\/wp-json\/wp\/v2\/posts\/652\/revisions"}],"predecessor-version":[{"id":680,"href":"https:\/\/azqs.com\/lespetitsriens\/wp-json\/wp\/v2\/posts\/652\/revisions\/680"}],"wp:featuredmedia":[{"embeddable":true,"href":"https:\/\/azqs.com\/lespetitsriens\/wp-json\/wp\/v2\/media\/654"}],"wp:attachment":[{"href":"https:\/\/azqs.com\/lespetitsriens\/wp-json\/wp\/v2\/media?parent=652"}],"wp:term":[{"taxonomy":"category","embeddable":true,"href":"https:\/\/azqs.com\/lespetitsriens\/wp-json\/wp\/v2\/categories?post=652"},{"taxonomy":"post_tag","embeddable":true,"href":"https:\/\/azqs.com\/lespetitsriens\/wp-json\/wp\/v2\/tags?post=652"}],"curies":[{"name":"wp","href":"https:\/\/api.w.org\/{rel}","templated":true}]}}