{"id":321,"date":"2020-04-11T16:40:07","date_gmt":"2020-04-11T14:40:07","guid":{"rendered":"http:\/\/azqs.com\/lespetitsriens\/?p=321"},"modified":"2020-06-05T17:04:47","modified_gmt":"2020-06-05T15:04:47","slug":"nos-voisins-les-bains-municipaux-eugenie-flo-olivier-et-tibtib-2016-2017","status":"publish","type":"post","link":"https:\/\/azqs.com\/lespetitsriens\/nos-voisins-les-bains-municipaux-eugenie-flo-olivier-et-tibtib-2016-2017\/","title":{"rendered":"\u00ab\u00a0Nos voisins, les bains municipaux\u00a0\u00bb &#8211; Eug\u00e9nie, Flo, Olivier et Tibtib &#8211; 2016-2017"},"content":{"rendered":"<h1>Eug\u00e9nie :<br \/>\n\u00ab\u00a0Mimir, c&rsquo;est au cul des bains municipaux\u00a0\u00bb<\/h1>\n<p style=\"text-align: justify\"><img loading=\"lazy\" decoding=\"async\" class=\"size-medium wp-image-323 aligncenter\" src=\"http:\/\/azqs.com\/lespetitsriens\/files\/2020\/04\/Eug-13a-300x200.jpg\" alt=\"\" width=\"300\" height=\"200\" srcset=\"https:\/\/azqs.com\/lespetitsriens\/files\/2020\/04\/Eug-13a-300x200.jpg 300w, https:\/\/azqs.com\/lespetitsriens\/files\/2020\/04\/Eug-13a-1024x683.jpg 1024w, https:\/\/azqs.com\/lespetitsriens\/files\/2020\/04\/Eug-13a-768x512.jpg 768w, https:\/\/azqs.com\/lespetitsriens\/files\/2020\/04\/Eug-13a-600x400.jpg 600w, https:\/\/azqs.com\/lespetitsriens\/files\/2020\/04\/Eug-13a.jpg 1536w\" sizes=\"(max-width: 300px) 100vw, 300px\" \/><\/p>\n<p style=\"text-align: justify\"><strong>Eug\u00e9nie<\/strong> : C&rsquo;est le cul des bains municipaux de Strasbourg.<br \/>\nC&rsquo;est des trucs que j&rsquo;aime toujours dire quand on me dit (&#8230;) : \u00ab Mimir, c&rsquo;est o\u00f9 ? \u00bb<br \/>\nJe r\u00e9ponds : \u00ab C&rsquo;est au cul des bains municipaux. \u00bb<\/p>\n<p style=\"text-align: justify\">Je me suis dit : il faut une photo du cul des bains municipaux, pour dire o\u00f9 c&rsquo;est Mimir. Parce que Mimir, c&rsquo;est \u00e7a, c&rsquo;est au cul des bains municipaux : \u00ab Tu vois, le bain municipal l\u00e0 ? L\u00e0 o\u00f9 tu te laves dans la municipalit\u00e9 ? Ben, tu vas au fond, l\u00e0 derri\u00e8re. Tu vas gratter, gratter l\u00e0, mais ce que tu vas trouver, c&rsquo;est Maison Mimir. \u00bb<br \/>\nEt \u00e7a, c&rsquo;est pas n&rsquo;importe qui qui chie n&rsquo;importe o\u00f9 hein !<br \/>\n(&#8230;)<br \/>\nLes bains municipaux, c&rsquo;est des p&rsquo;tits jeunes. \u00c7a a \u00e9t\u00e9 fait au XXme si\u00e8cle, 1910, 1915. On \u00e9tait allemand. C&rsquo;est les allemands qui ont construit les Bains Municipaux \u00e0 Strasbourg, dans une des annexions de l&rsquo;Alsace.<br \/>\nAvant \u00e7a, dans la rue Prechter, donc \u00ab\u00a0la rue Neuve\u00a0\u00bb, il y avait toute une flop\u00e9e de maisons qui ont \u00e9t\u00e9 d\u00e9truites pour l&rsquo;occasion. Mimir est un des vestiges de \u00e7a.<br \/>\nC\u2019\u00e9tait juste \u00e0 c\u00f4t\u00e9 de la Neuestatd, avec le palais universitaire, l&rsquo;Universit\u00e9, le jardin botanique qui englobent tout \u00e7a. Parce qu&rsquo;avant, le jardin botanique, en fait, c&rsquo;\u00e9tait les beaux arts. Les beaux arts, c&rsquo;\u00e9tait le jardin botanique. Apr\u00e8s, les allemands, bouh, bouh, bouh, ils ont tout d\u00e9cal\u00e9.<br \/>\n(&#8230;)<br \/>\nJe voulais prendre cette photo du cul des bains municipaux, sans la tourelle, parce que l&rsquo;architecture, quand m\u00eame, de cet endroit est magnifique ! Si tu regardes bien, tous les vitraux, c&rsquo;est que du \u00ab art d\u00e9co nouveau \u00bb et cetera. Ce sont des nymphes. C&rsquo;est vraiment un tr\u00e8s beau b\u00e2timent ! Je ne suis jamais rentr\u00e9e dedans. On rentrera alors dedans&#8230;<\/p>\n<p>&nbsp;<\/p>\n<h1>Flo :<br \/>\n\u00ab\u00a0Pourquoi s\u2019emb\u00eater alors qu\u2019on a les plus belles douches disponibles \u00e0 c\u00f4t\u00e9 ?\u00a0\u00bb<\/h1>\n<p class=\"western\" style=\"text-align: justify\" align=\"justify\"><span style=\"font-family: Times New Roman, serif\"><span style=\"font-size: medium\"><u><b><img loading=\"lazy\" decoding=\"async\" class=\"size-medium wp-image-324 aligncenter\" src=\"http:\/\/azqs.com\/lespetitsriens\/files\/2020\/04\/Flo-9a-300x200.jpg\" alt=\"\" width=\"300\" height=\"200\" srcset=\"https:\/\/azqs.com\/lespetitsriens\/files\/2020\/04\/Flo-9a-300x200.jpg 300w, https:\/\/azqs.com\/lespetitsriens\/files\/2020\/04\/Flo-9a-1024x683.jpg 1024w, https:\/\/azqs.com\/lespetitsriens\/files\/2020\/04\/Flo-9a-768x512.jpg 768w, https:\/\/azqs.com\/lespetitsriens\/files\/2020\/04\/Flo-9a-600x400.jpg 600w, https:\/\/azqs.com\/lespetitsriens\/files\/2020\/04\/Flo-9a-1536x1024.jpg 1536w, https:\/\/azqs.com\/lespetitsriens\/files\/2020\/04\/Flo-9a-2048x1365.jpg 2048w\" sizes=\"(max-width: 300px) 100vw, 300px\" \/><\/b><\/u><\/span><\/span><\/p>\n<p class=\"western\" style=\"text-align: justify\" align=\"justify\"><span style=\"font-family: Times New Roman, serif\"><span style=\"font-size: medium\"><u><b><br \/>\nFlo\u00a0<\/b><\/u><\/span><\/span><span style=\"font-family: Times New Roman, serif\"><span style=\"font-size: medium\">: Aaah\u00a0! L\u2019endroit o\u00f9 j\u2019aimerais bien habiter\u00a0! Nos voisins les Bains Municipaux de Strasbourg. Architecture imp\u00e9riale de l\u2019\u00e9poque allemande, puisque \u00e7a a \u00e9t\u00e9 construit par les allemands entre 1880 et 19\u2026 <\/span><\/span><span style=\"font-family: Times New Roman, serif\"><span style=\"font-size: medium\"><i>[ndlr\u00a0: Les Bains Municipaux ont \u00e9t\u00e9 construits entre 1905 et 1908]<\/i><\/span><\/span><span style=\"font-family: Times New Roman, serif\"><span style=\"font-size: medium\"> Je crois que \u00e7a date du d\u00e9but du XXme si\u00e8cle&#8230;<\/span><\/span><\/p>\n<p class=\"western\" style=\"text-align: justify\" align=\"justify\"><span style=\"font-family: Ubuntu, serif\"><span style=\"font-size: medium\">\u00c7<\/span><\/span><span style=\"font-family: Times New Roman, serif\"><span style=\"font-size: medium\">a a \u00e9t\u00e9 construit \u00e0 cette \u00e9poque. On a encore les vitraux. Magnifique b\u00e2timent imposant\u00a0! <\/span><\/span><\/p>\n<p class=\"western\" style=\"text-align: justify\" align=\"justify\"><span style=\"font-family: Times New Roman, serif\"><span style=\"font-size: medium\">Un des rares services sociaux de la ville, qui est encore debout. Et ce service de douches permanentes est en face de Mimir, o\u00f9 on a toujours eu un probl\u00e8me avec la douche, dans le sens : l\u2019eau chaude. Les gens se sont install\u00e9s \u00e0 Mimir en 2010. L\u2019eau chaude est arriv\u00e9e en 2013, je crois, si je me rappelle bien, voire 2014. <\/span><\/span><span style=\"font-family: Times New Roman, serif\"><span style=\"font-size: medium\">Donc pendant trois ans, il n\u2019y avait pas d\u2019eau chaude \u00e0 Mimir. Chacun devait se d\u00e9brouiller. La douche \u00e0 la japonaise avec les bouilloires d\u2019eau ou aller, comme je faisais moi, aux Bains Municipaux.<\/span><\/span><\/p>\n<p class=\"western\" style=\"text-align: justify\" align=\"justify\"><span style=\"font-family: Times New Roman, serif\"><span style=\"font-size: medium\">Pourquoi s\u2019emb\u00eater alors qu\u2019on a les plus belles douches disponibles \u00e0 c\u00f4t\u00e9 ?<\/span><\/span><\/p>\n<p class=\"western\" style=\"text-align: justify\" align=\"justify\"><span style=\"font-family: Times New Roman, serif\"><span style=\"font-size: medium\">Voil\u00e0, [un] service social qui r\u00e9pond \u00e0 un service social, l\u2019institution qui r\u00e9pond \u00e0 la non-institution, alors qu\u2019ils sont voisins ! Je trouve \u00e7a assez beau !<\/span><\/span><\/p>\n<p class=\"western\" style=\"text-align: justify\" align=\"justify\"><span style=\"font-family: Times New Roman, serif\"><span style=\"font-size: medium\"><u><b>Oph\u00e9lie\u00a0<\/b><\/u><\/span><\/span><span style=\"font-family: Times New Roman, serif\"><span style=\"font-size: medium\">: La \u00ab non-institution \u00bb, c\u2019est Mimir ?<\/span><\/span><\/p>\n<p class=\"western\" style=\"text-align: justify\" align=\"justify\"><span style=\"font-family: Times New Roman, serif\"><span style=\"font-size: medium\"><u><b>Flo\u00a0<\/b><\/u><\/span><\/span><span style=\"font-family: Times New Roman, serif\"><span style=\"font-size: medium\">: Ouais Mimir, c\u2019est une institution qui n\u2019est pas institutionnelle. Je veux dire, une association est une institution de fait. Quand je dis \u00ab\u00a0institution\u00a0\u00bb, moi je pense \u00e0 institution Politique : l\u2019administration, les services sociaux de la ville, des trucs comme \u00e7a. C\u2019est institutionnalis\u00e9. Le fait que tu prennes tes douches, t\u2019as une carte, c\u2019est comptabilis\u00e9 : le nombre de douches par semaine, nombre de jours, machin bidule nin nin nin&#8230; rentabilit\u00e9, machin, <\/span><\/span><span style=\"font-family: Times New Roman, serif\"><span style=\"font-size: medium\">comptabilit\u00e9 du service, des questions qu\u2019on ne se pose pas \u00e0 Mimir : \u00ab Est-ce que le service de bagagerie est rentable ? Est-ce que ce qu\u2019on fait c\u2019est rentable ? \u00bb On ne se pose pas du tout la question. Donc, il y a l\u2019institution qui a ses financeurs et puis il y a la non-institution qui fonctionne \u00e0 l\u2019autogestion, \u00e0 l\u2019autofinancement, \u00e0 la \u00ab va comme j\u2019te pousse \u00bb.<\/span><\/span><\/p>\n<p class=\"western\" style=\"text-align: justify\" align=\"justify\"><span style=\"font-family: Times New Roman, serif\"><span style=\"font-size: medium\">Voil\u00e0-voil\u00e0-voil\u00e0&#8230; Tr\u00e8s, tr\u00e8s beau b\u00e2timent ! Je voudrais bien habiter dedans un jour.<\/span><\/span><\/p>\n<h1 align=\"justify\">Olivier :<br \/>\n\u00ab\u00a0Une esp\u00e8ce de piscine sociale\u00a0\u00bb<\/h1>\n<p style=\"text-align: justify\"><img loading=\"lazy\" decoding=\"async\" class=\"size-medium wp-image-325 aligncenter\" src=\"http:\/\/azqs.com\/lespetitsriens\/files\/2020\/04\/Olivier-7a-300x200.jpg\" alt=\"\" width=\"300\" height=\"200\" srcset=\"https:\/\/azqs.com\/lespetitsriens\/files\/2020\/04\/Olivier-7a-300x200.jpg 300w, https:\/\/azqs.com\/lespetitsriens\/files\/2020\/04\/Olivier-7a-1024x683.jpg 1024w, https:\/\/azqs.com\/lespetitsriens\/files\/2020\/04\/Olivier-7a-768x512.jpg 768w, https:\/\/azqs.com\/lespetitsriens\/files\/2020\/04\/Olivier-7a-600x400.jpg 600w, https:\/\/azqs.com\/lespetitsriens\/files\/2020\/04\/Olivier-7a.jpg 1536w\" sizes=\"(max-width: 300px) 100vw, 300px\" \/><strong>Olivier<\/strong> : Une jolie vue de la fen\u00eatre sur les bains municipaux. (&#8230;)<\/p>\n<p style=\"text-align: justify\">D&rsquo;un c\u00f4t\u00e9, du c\u00f4t\u00e9 de la fen\u00eatre, tu contemples cet esp\u00e8ce de microcosme mimirien et l\u00e0, par contre, c&rsquo;est la r\u00e9alit\u00e9 : \u00ab\u00a0Ah oui ! C&rsquo;est vrai, \u00e0 c\u00f4t\u00e9 de nous, il y a le monde normal, les gens qui vaquent \u00e0 leurs activit\u00e9s quotidiennes et qui ont leur gal\u00e8re du quotidien.\u00a0\u00bb<\/p>\n<p style=\"text-align: justify\">Et puis ce b\u00e2timent des bains municipaux, finalement pour Mimir, il est tr\u00e8s important ! Il y a la grande chemin\u00e9e l\u00e0, \u00e0 gauche qui est un point de rep\u00e8re dans la ville, facile pour retrouver l&rsquo;endroit.<\/p>\n<p style=\"text-align: justify\">Les bains municipaux, o\u00f9 beaucoup de gens qui passaient \u00e0 Mimir \u00e9taient usagers \u00e9galement, puisqu&rsquo;ils allaient souvent prendre leur douche l\u00e0 bas. Pareil pour le public qu&rsquo;on accueillait dans le cadre de l&rsquo;accueil social de Mimir, c&rsquo;est un endroit vers lequel on les orientait. On avait les horaires affich\u00e9es chez nous, donc on pouvait leur dire tr\u00e8s rapidement. (&#8230;)<\/p>\n<p style=\"text-align: justify\">Ce b\u00e2timent il a quelque chose de sp\u00e9cial (&#8230;) et puis sa fonction aussi, d&rsquo;\u00eatre une esp\u00e8ce de piscine sociale, avec une forme sympa. Je ne vais pas \u00e9piloguer sur le fait qu&rsquo;il y a un projet pour compl\u00e8tement le reconstruire et que \u00e7a va beaucoup changer&#8230; (&#8230;) Il y a un appel d&rsquo;offre en ce moment pour, je crois, le d\u00e9molir, parce qu&rsquo;il est compl\u00e8tement obsol\u00e8te. Il consomme trop d&rsquo;\u00e9nergie et du coup faire autre chose. On avait \u00e9t\u00e9 inform\u00e9 parce que, comme nous, on est juste en vis-\u00e0-vis, \u00e7a veut dire de gros travaux en face de chez nous. Donc on a le droit d&rsquo;\u00eatre au courant de ce genre de truc. [ndlr : <a href=\"http:\/\/azqs.com\/lavictoirepourtous\/\" target=\"_blank\" rel=\"noopener noreferrer\">en savoir davantage sur le projet de r\u00e9novation des bains municipaux<\/a>]<\/p>\n<p>&nbsp;<\/p>\n<h1>Tibtib :<br \/>\nSymbolique de la tour<\/h1>\n<p style=\"text-align: justify\"><strong><img loading=\"lazy\" decoding=\"async\" class=\"size-medium wp-image-322 alignleft\" src=\"http:\/\/azqs.com\/lespetitsriens\/files\/2020\/04\/Tibtib-17b-203x300.jpg\" alt=\"\" width=\"203\" height=\"300\" srcset=\"https:\/\/azqs.com\/lespetitsriens\/files\/2020\/04\/Tibtib-17b-203x300.jpg 203w, https:\/\/azqs.com\/lespetitsriens\/files\/2020\/04\/Tibtib-17b-692x1024.jpg 692w, https:\/\/azqs.com\/lespetitsriens\/files\/2020\/04\/Tibtib-17b-768x1137.jpg 768w, https:\/\/azqs.com\/lespetitsriens\/files\/2020\/04\/Tibtib-17b-600x888.jpg 600w, https:\/\/azqs.com\/lespetitsriens\/files\/2020\/04\/Tibtib-17b-1038x1536.jpg 1038w, https:\/\/azqs.com\/lespetitsriens\/files\/2020\/04\/Tibtib-17b.jpg 1228w\" sizes=\"(max-width: 203px) 100vw, 203px\" \/>Thibaut<\/strong> : le grande tour. C\u2019est la tour de chauffage des bains romains qui sont juste derri\u00e8re. Elle venait juste d\u2019\u00eatre refaite, elle a 103 ans, 104 ans. (&#8230;)<\/p>\n<p style=\"text-align: justify\">Il y a deux symboliques :<\/p>\n<p style=\"text-align: justify\">d\u00e9j\u00e0 c\u2019est un gros point de rep\u00e8re, c\u2019est un phare. Quand t\u2019es \u00e0 Strasbourg et que tu cherche Mimir, si tu l\u00e8ves les yeux, tu vois bien la tour. \u00c0 part les deux trois cath\u00e9drales autour tu reconnais vite la tour, donc c\u2019est comme un poteau, un point de rep\u00e8re pour le lieu.<\/p>\n<p style=\"text-align: justify\">J\u2019ai toujours aim\u00e9 c&rsquo;te tour. Elle a une force c\u2019est une vieille tour en pierres avec de gros cerclages en m\u00e9tal.<\/p>\n<p style=\"text-align: justify\">Elle est l\u00e0 depuis plus de 100 ans, un peu comme la maison qui est l\u00e0 et qui tient le coup.<\/p>\n<p style=\"text-align: justify\">Sauf que ben c\u2019est comme une ascension c\u2019est comme si on cherchait, nous, en reconstruisant la maison, d\u2019\u00eatre \u00e0 \u00e9galit\u00e9 avec la tour.<\/p>\n<p style=\"text-align: justify\">Nous on ira pas aussi haut, bien s\u00fbr, mais on vise le ciel et depuis le d\u00e9part c\u2019est bisounours.<br \/>\nOn vise le ciel, on l\u2019a.<br \/>\nOn veut une maison, on l\u2019a.<br \/>\nOn veut un petit chat, on l\u2019a.<br \/>\nOn veut des meubles et des chaises, on les a.<br \/>\nOn veut r\u00e9nover, on peut.<br \/>\nOn veut faire des soir\u00e9es\u2026<br \/>\nEnfin tout est rose.<\/p>\n<p style=\"text-align: justify\">D\u00e8s le d\u00e9part \u00e7a a vraiment \u00e9t\u00e9 bisounours land \u00e0 Mimir.<\/p>\n<p style=\"text-align: justify\">Enfin tr\u00e8s vite \u00e7a a d\u00e9chant\u00e9, mais les six premiers mois, la premi\u00e8re ann\u00e9e, c\u2019\u00e9tait quand m\u00eame magique.<\/p>\n<p style=\"text-align: justify\">Qu\u2019on ait un ciel bleu ou un ciel gris, t\u2019essayes tout de m\u00eame de viser les \u00e9toiles, m\u00eame \u00e0 travers le ciel&#8230;<\/p>\n","protected":false},"excerpt":{"rendered":"<p>Eug\u00e9nie : \u00ab\u00a0Mimir, c&rsquo;est au cul des bains municipaux\u00a0\u00bb Eug\u00e9nie : C&rsquo;est le cul des bains municipaux de Strasbourg. C&rsquo;est des trucs que j&rsquo;aime toujours dire quand on me dit (&#8230;) : \u00ab Mimir, c&rsquo;est o\u00f9 ? \u00bb Je r\u00e9ponds &hellip; <a href=\"https:\/\/azqs.com\/lespetitsriens\/nos-voisins-les-bains-municipaux-eugenie-flo-olivier-et-tibtib-2016-2017\/\">Continuer la lecture <span class=\"meta-nav\">&rarr;<\/span><\/a><\/p>\n","protected":false},"author":347,"featured_media":323,"comment_status":"open","ping_status":"open","sticky":false,"template":"","format":"gallery","meta":{"footnotes":""},"categories":[6],"tags":[15,44,40,29,13,39,79],"class_list":["post-321","post","type-post","status-publish","format-gallery","has-post-thumbnail","hentry","category-temoignages-photos","tag-bains-municipaux","tag-histoire","tag-institution","tag-reve","tag-rue-prechter","tag-social","tag-symbolique","post_format-post-format-gallery"],"_links":{"self":[{"href":"https:\/\/azqs.com\/lespetitsriens\/wp-json\/wp\/v2\/posts\/321"}],"collection":[{"href":"https:\/\/azqs.com\/lespetitsriens\/wp-json\/wp\/v2\/posts"}],"about":[{"href":"https:\/\/azqs.com\/lespetitsriens\/wp-json\/wp\/v2\/types\/post"}],"author":[{"embeddable":true,"href":"https:\/\/azqs.com\/lespetitsriens\/wp-json\/wp\/v2\/users\/347"}],"replies":[{"embeddable":true,"href":"https:\/\/azqs.com\/lespetitsriens\/wp-json\/wp\/v2\/comments?post=321"}],"version-history":[{"count":4,"href":"https:\/\/azqs.com\/lespetitsriens\/wp-json\/wp\/v2\/posts\/321\/revisions"}],"predecessor-version":[{"id":333,"href":"https:\/\/azqs.com\/lespetitsriens\/wp-json\/wp\/v2\/posts\/321\/revisions\/333"}],"wp:featuredmedia":[{"embeddable":true,"href":"https:\/\/azqs.com\/lespetitsriens\/wp-json\/wp\/v2\/media\/323"}],"wp:attachment":[{"href":"https:\/\/azqs.com\/lespetitsriens\/wp-json\/wp\/v2\/media?parent=321"}],"wp:term":[{"taxonomy":"category","embeddable":true,"href":"https:\/\/azqs.com\/lespetitsriens\/wp-json\/wp\/v2\/categories?post=321"},{"taxonomy":"post_tag","embeddable":true,"href":"https:\/\/azqs.com\/lespetitsriens\/wp-json\/wp\/v2\/tags?post=321"}],"curies":[{"name":"wp","href":"https:\/\/api.w.org\/{rel}","templated":true}]}}