{"id":1144,"date":"2026-01-27T15:27:49","date_gmt":"2026-01-27T14:27:49","guid":{"rendered":"https:\/\/azqs.com\/lespetitsriens\/?p=1144"},"modified":"2026-02-26T11:47:30","modified_gmt":"2026-02-26T10:47:30","slug":"ma-pratique-de-psychologue-clinicienne","status":"publish","type":"post","link":"https:\/\/azqs.com\/lespetitsriens\/ma-pratique-de-psychologue-clinicienne\/","title":{"rendered":"Ma pratique de psychologue clinicienne"},"content":{"rendered":"<p>Je suis dipl\u00f4m\u00e9e d\u2019un Master en <em>Psychologie clinique et psychopathologie d\u2019orientation psychanalytique <\/em>de l\u2019Universit\u00e9 de Strasbourg. J\u2019ai compl\u00e9t\u00e9 ce cursus avec un <em>Master en Anthropologie sociale et culturelle et Ethnologie <\/em>pour consid\u00e9rer la place de l\u2019humain dans sa culture. Ce double cursus m\u2019aide \u00e0 penser la pratique de soin en tenant compte de la soci\u00e9t\u00e9 qui entoure l\u2019individu.<\/p>\n<p><img loading=\"lazy\" decoding=\"async\" class=\"size-medium wp-image-1161 alignleft\" src=\"http:\/\/azqs.com\/lespetitsriens\/files\/2026\/01\/Ophe\u0301lie-M-T-photo-Pierre-13bis-200x300.jpg\" alt=\"\" width=\"200\" height=\"300\" srcset=\"https:\/\/azqs.com\/lespetitsriens\/files\/2026\/01\/Ophe\u0301lie-M-T-photo-Pierre-13bis-200x300.jpg 200w, https:\/\/azqs.com\/lespetitsriens\/files\/2026\/01\/Ophe\u0301lie-M-T-photo-Pierre-13bis.jpg 666w\" sizes=\"(max-width: 200px) 100vw, 200px\" \/>Sur les hauteurs de la Vall\u00e9e de la Bruche, Wildersbach, qui baigne dans la for\u00eat, se situe \u00e0 quelques kilom\u00e8tres de Schirmeck &#8211; La Broque. Je vous y accueillerai au sein d\u2019une ambiance chaleureuse, confidentielle et sans jugement. Vous pourrez y parler librement de ce qui vous motive \u00e0 consulter.<\/p>\n<p><img loading=\"lazy\" decoding=\"async\" class=\"size-medium wp-image-1146 alignright\" src=\"http:\/\/azqs.com\/lespetitsriens\/files\/2026\/01\/Ophe\u0301lie-M-T-photo-Pierre-1bis-300x200.jpg\" alt=\"\" width=\"300\" height=\"200\" srcset=\"https:\/\/azqs.com\/lespetitsriens\/files\/2026\/01\/Ophe\u0301lie-M-T-photo-Pierre-1bis-300x200.jpg 300w, https:\/\/azqs.com\/lespetitsriens\/files\/2026\/01\/Ophe\u0301lie-M-T-photo-Pierre-1bis-768x511.jpg 768w, https:\/\/azqs.com\/lespetitsriens\/files\/2026\/01\/Ophe\u0301lie-M-T-photo-Pierre-1bis.jpg 1000w\" sizes=\"(max-width: 300px) 100vw, 300px\" \/><img loading=\"lazy\" decoding=\"async\" class=\"size-medium wp-image-1148 aligncenter\" src=\"http:\/\/azqs.com\/lespetitsriens\/files\/2026\/01\/Ophe\u0301lie-M-T-photo-Pierre-2bis-300x200.jpg\" alt=\"\" width=\"300\" height=\"200\" srcset=\"https:\/\/azqs.com\/lespetitsriens\/files\/2026\/01\/Ophe\u0301lie-M-T-photo-Pierre-2bis-300x200.jpg 300w, https:\/\/azqs.com\/lespetitsriens\/files\/2026\/01\/Ophe\u0301lie-M-T-photo-Pierre-2bis-768x511.jpg 768w, https:\/\/azqs.com\/lespetitsriens\/files\/2026\/01\/Ophe\u0301lie-M-T-photo-Pierre-2bis.jpg 1000w\" sizes=\"(max-width: 300px) 100vw, 300px\" \/><\/p>\n<p>Mon travail se situe dans l\u2019\u00e9coute de votre histoire. Ces r\u00e9cits pr\u00e9sentent la mani\u00e8re dont vous vous \u00eates construit. Ils sont la mati\u00e8re premi\u00e8re pour analyser les pr\u00e9occupations dans lesquelles vous vous situez au moment de votre venue. Ce que vous dites m\u2019aide \u00e0 vous accompagner \u00e0 comprendre ce qui vous arrive.<\/p>\n<p>Nous partirons des \u00e9l\u00e9ments que vous amenez et nous construirons ensemble les s\u00e9ances th\u00e9rapeutiques pour que vous soyez acteur-actrice du travail que nous ferons. Je veillerai \u00e0 vous sentir suffisamment en confiance pour apporter une parole libre. En d\u00e9nouant vos probl\u00e9matiques, vous pourrez en comprendre les ficelles cach\u00e9es pour que vous repreniez peu \u00e0 peu une capacit\u00e9 d\u2019\u00eatre et d\u2019agir dans votre quotidien.<\/p>\n<p>Lors de la premi\u00e8re s\u00e9ance, je vous proposerai de m\u2019expliquer vos motivations \u00e0 consulter un psychologue. J\u2019accueillerai vos questions afin de saisir au plus juste votre demande. Nous d\u00e9finirons ensemble le travail selon vos besoins, vos envies et vos doutes. Les s\u00e9ances pourront \u00eatre r\u00e9ajust\u00e9es au cours de l\u2019\u00e9volution du travail.<\/p>\n<p><img loading=\"lazy\" decoding=\"async\" class=\"size-medium wp-image-1147 aligncenter\" src=\"http:\/\/azqs.com\/lespetitsriens\/files\/2026\/01\/Ophe\u0301lie-M-T-photo-Pierre-3-300x200.jpg\" alt=\"\" width=\"300\" height=\"200\" srcset=\"https:\/\/azqs.com\/lespetitsriens\/files\/2026\/01\/Ophe\u0301lie-M-T-photo-Pierre-3-300x200.jpg 300w, https:\/\/azqs.com\/lespetitsriens\/files\/2026\/01\/Ophe\u0301lie-M-T-photo-Pierre-3-1024x682.jpg 1024w, https:\/\/azqs.com\/lespetitsriens\/files\/2026\/01\/Ophe\u0301lie-M-T-photo-Pierre-3-768x512.jpg 768w, https:\/\/azqs.com\/lespetitsriens\/files\/2026\/01\/Ophe\u0301lie-M-T-photo-Pierre-3-1536x1023.jpg 1536w, https:\/\/azqs.com\/lespetitsriens\/files\/2026\/01\/Ophe\u0301lie-M-T-photo-Pierre-3-2048x1364.jpg 2048w\" sizes=\"(max-width: 300px) 100vw, 300px\" \/><\/p>\n<p>Il est parfois difficile de mettre des mots sur un v\u00e9cu. Je propose des moyens pour vous aider l\u00e0 o\u00f9 votre parole peut \u00eatre bloqu\u00e9e. En fonction de votre demande, je vous proposerai des outils qui permettent d\u2019analyser votre histoire, votre fonctionnement, les liens avec votre entourage (familial, amical ou professionnel). Tout outil permettant de laisser libre cours \u00e0 l\u2019expression est possible\u00a0: images, jeu, \u00e9criture, art, marche\u2026 Nous choisirons ensemble ce qui vous convient le mieux.<\/p>\n<p><img loading=\"lazy\" decoding=\"async\" class=\"size-medium wp-image-1156 alignleft\" src=\"http:\/\/azqs.com\/lespetitsriens\/files\/2026\/01\/Ophe\u0301lie-M-T-photo-Pierre-8bis-200x300.jpg\" alt=\"\" width=\"200\" height=\"300\" srcset=\"https:\/\/azqs.com\/lespetitsriens\/files\/2026\/01\/Ophe\u0301lie-M-T-photo-Pierre-8bis-200x300.jpg 200w, https:\/\/azqs.com\/lespetitsriens\/files\/2026\/01\/Ophe\u0301lie-M-T-photo-Pierre-8bis-683x1024.jpg 683w, https:\/\/azqs.com\/lespetitsriens\/files\/2026\/01\/Ophe\u0301lie-M-T-photo-Pierre-8bis-768x1152.jpg 768w, https:\/\/azqs.com\/lespetitsriens\/files\/2026\/01\/Ophe\u0301lie-M-T-photo-Pierre-8bis.jpg 1000w\" sizes=\"(max-width: 200px) 100vw, 200px\" \/>Je ne donne pas de conseils, j\u2019\u00e9coute. Seul vous avez une connaissance sur votre vie, vous \u00eates expert de votre histoire, vous savez ce que vous ressentez. Mes propositions th\u00e9rapeutiques ne sont donc pas protocolaires\u00a0; elles ne peuvent \u00eatre plaqu\u00e9es sur une souffrance qui est la v\u00f4tre. J\u2019adapte mon travail en fonction de la rencontre qui se tisse autour de votre probl\u00e9matique. Je vous accompagne \u00e0 comprendre ce qui se passe pour vous. Nous travaillons donc \u00e0 votre rythme, dans votre temporalit\u00e9. Je suis tourn\u00e9e vers votre parole et je vous accompagnerai sur les chemins que vous d\u00e9cidez d\u2019emprunter durant la th\u00e9rapie.<\/p>\n<p>Les courants de pens\u00e9e auxquels je me r\u00e9f\u00e8re dans ma pratique sont la psychanalyse, la psychoth\u00e9rapie institutionnelle et la socio-anthropologie. Je les ai mises en pratique dans l\u2019accompagn<img loading=\"lazy\" decoding=\"async\" class=\"wp-image-1159 alignright\" src=\"http:\/\/azqs.com\/lespetitsriens\/files\/2026\/01\/Ophe\u0301lie-M-T-photo-Pierre-11bis-e1769523741334-288x300.jpg\" alt=\"\" width=\"176\" height=\"183\" srcset=\"https:\/\/azqs.com\/lespetitsriens\/files\/2026\/01\/Ophe\u0301lie-M-T-photo-Pierre-11bis-e1769523741334-288x300.jpg 288w, https:\/\/azqs.com\/lespetitsriens\/files\/2026\/01\/Ophe\u0301lie-M-T-photo-Pierre-11bis-e1769523741334-768x799.jpg 768w, https:\/\/azqs.com\/lespetitsriens\/files\/2026\/01\/Ophe\u0301lie-M-T-photo-Pierre-11bis-e1769523741334.jpg 800w\" sizes=\"(max-width: 176px) 100vw, 176px\" \/>ement d\u2019adolescents et de jeunes adultes en construisant un projet de remobilisation articulant ces mouvements avec l\u2019\u00e9ducation populaire. En \u00e9tant au plus proche de l\u2019envie de ces jeunes, j\u2019ai essay\u00e9 de les accompagner avec justesse en leur permettant de s\u2019exprimer librement. Tout cela a contribu\u00e9 \u00e0 penser ma posture professionnelle. J\u2019axe mon travail dans l\u2019analyse th\u00e9orique et l\u2019invitation \u00e0 la r\u00e9flexion sur des consid\u00e9rations de l\u2019humain au sein de la soci\u00e9t\u00e9, en accordant\u00a0de l\u2019importance au cadre de l\u2019accueil.<\/p>\n<p><img loading=\"lazy\" decoding=\"async\" class=\"wp-image-1160 alignright\" src=\"http:\/\/azqs.com\/lespetitsriens\/files\/2026\/01\/Ophe\u0301lie-M-T-photo-Pierre-12bis-300x200.jpg\" alt=\"\" width=\"165\" height=\"110\" srcset=\"https:\/\/azqs.com\/lespetitsriens\/files\/2026\/01\/Ophe\u0301lie-M-T-photo-Pierre-12bis-300x200.jpg 300w, https:\/\/azqs.com\/lespetitsriens\/files\/2026\/01\/Ophe\u0301lie-M-T-photo-Pierre-12bis-768x512.jpg 768w, https:\/\/azqs.com\/lespetitsriens\/files\/2026\/01\/Ophe\u0301lie-M-T-photo-Pierre-12bis.jpg 1000w\" sizes=\"(max-width: 165px) 100vw, 165px\" \/> \u00a0<img loading=\"lazy\" decoding=\"async\" class=\"wp-image-1153 alignright\" src=\"http:\/\/azqs.com\/lespetitsriens\/files\/2026\/01\/Ophe\u0301lie-M-T-photo-Pierre-5bis.jpg\" alt=\"\" width=\"71\" height=\"107\" \/>\u00a0\u00a0<img loading=\"lazy\" decoding=\"async\" class=\"wp-image-1157 alignright\" src=\"http:\/\/azqs.com\/lespetitsriens\/files\/2026\/01\/Ophe\u0301lie-M-T-photo-Pierre-9bis-e1769523707397-300x236.jpg\" alt=\"\" width=\"165\" height=\"130\" srcset=\"https:\/\/azqs.com\/lespetitsriens\/files\/2026\/01\/Ophe\u0301lie-M-T-photo-Pierre-9bis-e1769523707397-300x236.jpg 300w, https:\/\/azqs.com\/lespetitsriens\/files\/2026\/01\/Ophe\u0301lie-M-T-photo-Pierre-9bis-e1769523707397-768x604.jpg 768w, https:\/\/azqs.com\/lespetitsriens\/files\/2026\/01\/Ophe\u0301lie-M-T-photo-Pierre-9bis-e1769523707397.jpg 1000w\" sizes=\"(max-width: 165px) 100vw, 165px\" \/><\/p>\n<p>Je propose \u00e9galement de l\u2019analyse des pratiques, individuelle ou en groupe, pour les professionnels du m\u00e9dico-social. La co-construction sera \u00e9galement la m\u00e9thode de travail propos\u00e9e pour \u00e9laborer autour des pratiques de terrain et des dynamiques institutionnelles.<\/p>\n<p>&nbsp;<\/p>\n","protected":false},"excerpt":{"rendered":"<p>Je suis dipl\u00f4m\u00e9e d\u2019un Master en Psychologie clinique et psychopathologie d\u2019orientation psychanalytique de l\u2019Universit\u00e9 de Strasbourg. J\u2019ai compl\u00e9t\u00e9 ce cursus avec un Master en Anthropologie sociale et culturelle et Ethnologie pour consid\u00e9rer la place de l\u2019humain dans sa culture. Ce &hellip; <a href=\"https:\/\/azqs.com\/lespetitsriens\/ma-pratique-de-psychologue-clinicienne\/\">Continuer la lecture <span class=\"meta-nav\">&rarr;<\/span><\/a><\/p>\n","protected":false},"author":347,"featured_media":1155,"comment_status":"open","ping_status":"open","sticky":false,"template":"","format":"gallery","meta":{"footnotes":""},"categories":[116,114],"tags":[50,80,43,115,24,29,48],"class_list":["post-1144","post","type-post","status-publish","format-gallery","has-post-thumbnail","hentry","category-cabinet_de_psychologie_clinique","category-cabinet-psychologue","tag-accueil","tag-imaginaire","tag-jeu","tag-psychologie-clinique","tag-rencontre","tag-reve","tag-sens","post_format-post-format-gallery"],"_links":{"self":[{"href":"https:\/\/azqs.com\/lespetitsriens\/wp-json\/wp\/v2\/posts\/1144"}],"collection":[{"href":"https:\/\/azqs.com\/lespetitsriens\/wp-json\/wp\/v2\/posts"}],"about":[{"href":"https:\/\/azqs.com\/lespetitsriens\/wp-json\/wp\/v2\/types\/post"}],"author":[{"embeddable":true,"href":"https:\/\/azqs.com\/lespetitsriens\/wp-json\/wp\/v2\/users\/347"}],"replies":[{"embeddable":true,"href":"https:\/\/azqs.com\/lespetitsriens\/wp-json\/wp\/v2\/comments?post=1144"}],"version-history":[{"count":4,"href":"https:\/\/azqs.com\/lespetitsriens\/wp-json\/wp\/v2\/posts\/1144\/revisions"}],"predecessor-version":[{"id":1188,"href":"https:\/\/azqs.com\/lespetitsriens\/wp-json\/wp\/v2\/posts\/1144\/revisions\/1188"}],"wp:featuredmedia":[{"embeddable":true,"href":"https:\/\/azqs.com\/lespetitsriens\/wp-json\/wp\/v2\/media\/1155"}],"wp:attachment":[{"href":"https:\/\/azqs.com\/lespetitsriens\/wp-json\/wp\/v2\/media?parent=1144"}],"wp:term":[{"taxonomy":"category","embeddable":true,"href":"https:\/\/azqs.com\/lespetitsriens\/wp-json\/wp\/v2\/categories?post=1144"},{"taxonomy":"post_tag","embeddable":true,"href":"https:\/\/azqs.com\/lespetitsriens\/wp-json\/wp\/v2\/tags?post=1144"}],"curies":[{"name":"wp","href":"https:\/\/api.w.org\/{rel}","templated":true}]}}