{"id":961,"date":"2015-07-06T18:54:03","date_gmt":"2015-07-06T17:54:03","guid":{"rendered":"http:\/\/azqs.com\/lavictoirepourtous\/?p=961"},"modified":"2015-07-07T19:06:59","modified_gmt":"2015-07-07T18:06:59","slug":"rue89-en-2009-on-parlait-dune-piscine-publique-exterieure-a-la-victoire-06072015","status":"publish","type":"post","link":"https:\/\/azqs.com\/lavictoirepourtous\/2015\/07\/06\/rue89-en-2009-on-parlait-dune-piscine-publique-exterieure-a-la-victoire-06072015\/","title":{"rendered":"Rue89 &#8211; En 2009, on parlait d\u2019une piscine publique ext\u00e9rieure \u00e0 la Victoire &#8211; 06\/07\/2015"},"content":{"rendered":"<p><em><strong><span style=\"color: #ff0000\">Aujourd&rsquo;hui, Rue89 fait r\u00e9f\u00e9rence\u00a0\u00e0\u00a0l&rsquo;article publi\u00e9 samedi dans les DNA&#8230;\u00a0<\/span><\/strong><\/em><\/p>\n<p><strong>Lien vers l&rsquo;article :\u00a0<span style=\"color: #000080\"><a style=\"color: #000080\" href=\"http:\/\/www.rue89strasbourg.com\/index.php\/2015\/07\/06\/vigie\/2009-piscine-exterieur-victoire-krutenau\/\" target=\"_blank\">w<span style=\"color: #0000ff\">ww.rue89strasbourg.com\/2009-piscine-exterieur-victoire<\/span><\/a><\/span><\/strong><\/p>\n<p>Que vont devenir les Bains municipaux de Strasbourg ? La municipalit\u00e9 promet un d\u00e9bat pour l\u2019automne, mais il semble d\u00e9j\u00e0 clair qu\u2019elle ne souhaite plus s\u2019occuper des bains romains, tandis que la piscine et quelques douches seraient maintenues. Elle a aussi confi\u00e9 \u00e0 sa soci\u00e9t\u00e9 d\u2019architectes et d\u2019urbanistes, la soci\u00e9t\u00e9 publique locale (SPL) des Deux-Rives, une \u00e9tude pour \u00e9valuer le co\u00fbt de cette restructuration (pour 162 000 euros). La SPL doit aussi trouver des soci\u00e9t\u00e9s \u00e0 qui confier la r\u00e9novation, comme l\u2019exploitation du site.<\/p>\n<p>Pourtant des \u00e9tudes avaient \u00e9t\u00e9 r\u00e9alis\u00e9es en 2009 par cinq\u00a0entreprises (265 000 euros alors vot\u00e9s au conseil CUS) pour r\u00e9habiliter les parties abandonn\u00e9es, soit environ la moiti\u00e9 de la surface.\u00a0La\u00a0publication de ces travaux a maintes fois \u00e9t\u00e9 demand\u00e9e par l\u2019opposition comme des associations, mais la majorit\u00e9 s\u2019y est toujours refus\u00e9. Elle explique qu\u2019il faudrait anonymiser certains des t\u00e9moignages et qu\u2019elle y travaille. Les coups de gommes semblent prendre du temps.<\/p>\n<h4>Des travaux jamais publi\u00e9s, qui doivent servir de base de travail<\/h4>\n<p>Autre reproche aux cabinets d\u2019\u00e9tude, ils n\u2019auraient pas \u00e9t\u00e9 capables d\u2019identifier des prestataires int\u00e9ress\u00e9s.\u00a0Les <a href=\"http:\/\/www.dna.fr\/sports\/2015\/07\/04\/caracalla-a-la-krutenau\" target=\"_blank\">DNA ont cependant r\u00e9ussi \u00e0 se procurer les conclusions de ces \u00ab\u00a0impubliables\u00a0\u00bb recherches<\/a>\u00a0et en livrent le contenu dans leur \u00e9dition de samedi. Ces \u00e9tudes\u00a0doivent d\u2019ailleurs servir de base de travail pour celles\u00a0de la SPL.<\/p>\n<p>Les deux sc\u00e9narios proposent \u00ab\u00a0une piscine publique d\u2019exception\u00a0\u00bb, avec des bassins ext\u00e9rieurs suppl\u00e9mentaires, o\u00f9 se trouve un parking pour employ\u00e9s aujourd\u2019hui. \u00c0 l\u2019\u00e9poque, seule une petite partie du site devait \u00eatre externalis\u00e9e (encercl\u00e9e en rouge). Pour l\u2019ext\u00e9rieur, trois hypoth\u00e8ses sont formul\u00e9es :\u00a0ligne de nage, hydroth\u00e9rapie et jeux d\u2019eau ou bassin \u00e9cologique (avec de la v\u00e9g\u00e9tation).<\/p>\n<h4>Projet de r\u00e9habilitation du la piscine de la victoire en 2009<\/h4>\n<p><a class=\"fancybox\" href=\"http:\/\/www.rue89strasbourg.com\/wp-content\/uploads\/2015\/07\/scenario-1.jpg\" rel=\"fancybox\"><img loading=\"lazy\" decoding=\"async\" class=\"size-large wp-image-89661\" src=\"http:\/\/www.rue89strasbourg.com\/wp-content\/uploads\/2015\/07\/scenario-1-514x420.jpg\" alt=\"Ce projet propose des bains de d\u00e9tente en ext\u00e9rieur (document DNA)\" width=\"514\" height=\"420\" \/><\/a><\/p>\n<h4>Tarifs attrayants<\/h4>\n<p>Malheureusement, il n\u2019y a pas de sch\u00e9ma similaire pour le sc\u00e9nario 2. L\u2019article d\u00e9crit qu\u2019en plus, des bains chauds (saunas, hammams, bains turcs)\u00a0seraient install\u00e9s dans l\u2019actuel accueil, soit un \u00ab\u00a0Caracalla\u00a0\u00bb \u00e0 la strasbourgeoise, en r\u00e9f\u00e9rence aux <a href=\"http:\/\/www.carasana.de\/de\/caracalla-therme\/\" target=\"_blank\">thermes de\u00a0Baden-Baden en Allemagne<\/a>. Les tarifs sont attrayants\u00a0:\u00a03\u20ac pour la piscine, 9\u20ac pour la partie bien-\u00eatre et sant\u00e9, 7\u20ac pour les activit\u00e9s aquatiques, 7\u20ac pour la \u00ab\u00a0remise en forme s\u00e8che\u00a0\u00bb (massages\u2026).<\/p>\n<h4>Les\u00a0nouvelles pistes diff\u00e9rentes<\/h4>\n<p>Les hypoth\u00e8ses du travail de <a href=\"http:\/\/www.rue89strasbourg.com\/index.php\/2015\/05\/07\/politique\/bains-municipaux-olivier-bitz-charge-de-deminer-le-dossier\/\" target=\"_blank\">l\u2019adjoint au maire de Strasbourg, en charge du dossier, Olivier Bitz<\/a>\u00a0(PS) et\u00a0encore moins les d\u00e9clarations du pr\u00e9sident de l\u2019Eurom\u00e9tropole Robert Herrmann (PS) ne laissent penser que\u00a0de nouveaux services seront g\u00e9r\u00e9s par la collectivit\u00e9. Il est officiellement question de confier ces extensions et les bains\u00a0\u00e0 des entreprises. Elles participeraient en \u00e9change aux travaux de r\u00e9novation. En revanche, il est toujours question d\u2019utiliser la cour pour des activit\u00e9s de loisirs.<\/p>\n<p>Membre du collectif \u00ab\u00a0La Victoire pour tous\u00a0\u00bb, l\u2019architecte Liane Zoppas pense que ces projections de l\u2019\u00e9poque peuvent faire r\u00eaver, mais ne risquent pas de se r\u00e9aliser\u00a0:<\/p>\n<blockquote><p>\u00ab\u00a0Il est s\u00fbr qu\u2019en pleine canicule, on se dit que cette piscine ext\u00e9rieure ferait le plus grand bien, mais avec ces tarifs annonc\u00e9s, jamais une entreprise ne voudra investir un tel projet. Pour rentrer dans ses frais, il lui faudra pratiquer des prix bien plus \u00e9lev\u00e9s\u00a0et donc non\u00a0accessibles \u00e0 tous. Les r\u00e9sultats de l\u2019enqu\u00eate de la SPL risquent d\u2019\u00eatre tr\u00e8s diff\u00e9rents. Un bassin de natation r\u00e9pondrait davantage aux besoins, il est impossible de nager correctement dans le centre-ville de Strasbourg. Le maire a indiqu\u00e9 que se serait avec un <a href=\"https:\/\/fr.wikipedia.org\/wiki\/Bail_emphyt%C3%A9otique\" target=\"_blank\">bail emphyt\u00e9otique<\/a>, donc tr\u00e8s long, mais que se passera-t-il si une soci\u00e9t\u00e9 veut s\u2019arr\u00eater au bout de quelques ann\u00e9es ?\u00a0\u00bb<\/p><\/blockquote>\n<p>Liane Zoppas s\u2019\u00e9tonne aussi que dans le programme du maire Roland Ries,\u00a0la r\u00e9novation de la Victoire s\u2019inscrivait dans <a href=\"https:\/\/www.strasbourg.eu\/vie-quotidienne\/sport\/piscines\/plan-piscines-2010-2020;jsessionid=F9A02776FADAEBF67FF91A57B32AD432\" target=\"_blank\">le plan piscines 2010-2020<\/a>. Il n\u2019en est plus question aujourd\u2019hui. Comme le rel\u00e8vent les DNA, dans ces \u00e9tudes les frais d\u2019investissement \u00e9taient alors de 22 ou 23,6 millions d\u2019euros selon le sc\u00e9nario, alors que les \u00e9lus annoncent depuis\u00a0un co\u00fbt \u00ab\u00a0entre 30 et 40 millions d\u2019euros\u00a0\u00bb, sans plus de pr\u00e9cisions. Leurs d\u00e9tracteurs les accusait de gonfler la facture r\u00e9elle.<\/p>\n<p>&nbsp;<\/p>\n","protected":false},"excerpt":{"rendered":"<p>Aujourd&rsquo;hui, Rue89 fait r\u00e9f\u00e9rence\u00a0\u00e0\u00a0l&rsquo;article publi\u00e9 samedi dans les DNA&#8230;\u00a0 Lien vers l&rsquo;article :\u00a0www.rue89strasbourg.com\/2009-piscine-exterieur-victoire Que vont devenir les Bains municipaux de Strasbourg ? La municipalit\u00e9 promet un d\u00e9bat pour l\u2019automne, mais il semble d\u00e9j\u00e0 clair qu\u2019elle ne souhaite plus s\u2019occuper des bains romains, tandis que la piscine et quelques douches seraient maintenues. Elle a aussi confi\u00e9 [&hellip;]<\/p>\n","protected":false},"author":293,"featured_media":0,"comment_status":"closed","ping_status":"closed","sticky":false,"template":"","format":"standard","meta":{"footnotes":""},"categories":[100,93],"tags":[101,102,122,95,130,134,123,108],"class_list":["post-961","post","type-post","status-publish","format-standard","hentry","category-actualite","category-revue-de-presse","tag-bains-municipaux","tag-bitz","tag-collectif","tag-dna","tag-liane-zoppas","tag-privatisation","tag-rue89","tag-spl"],"_links":{"self":[{"href":"https:\/\/azqs.com\/lavictoirepourtous\/wp-json\/wp\/v2\/posts\/961"}],"collection":[{"href":"https:\/\/azqs.com\/lavictoirepourtous\/wp-json\/wp\/v2\/posts"}],"about":[{"href":"https:\/\/azqs.com\/lavictoirepourtous\/wp-json\/wp\/v2\/types\/post"}],"author":[{"embeddable":true,"href":"https:\/\/azqs.com\/lavictoirepourtous\/wp-json\/wp\/v2\/users\/293"}],"replies":[{"embeddable":true,"href":"https:\/\/azqs.com\/lavictoirepourtous\/wp-json\/wp\/v2\/comments?post=961"}],"version-history":[{"count":1,"href":"https:\/\/azqs.com\/lavictoirepourtous\/wp-json\/wp\/v2\/posts\/961\/revisions"}],"predecessor-version":[{"id":962,"href":"https:\/\/azqs.com\/lavictoirepourtous\/wp-json\/wp\/v2\/posts\/961\/revisions\/962"}],"wp:attachment":[{"href":"https:\/\/azqs.com\/lavictoirepourtous\/wp-json\/wp\/v2\/media?parent=961"}],"wp:term":[{"taxonomy":"category","embeddable":true,"href":"https:\/\/azqs.com\/lavictoirepourtous\/wp-json\/wp\/v2\/categories?post=961"},{"taxonomy":"post_tag","embeddable":true,"href":"https:\/\/azqs.com\/lavictoirepourtous\/wp-json\/wp\/v2\/tags?post=961"}],"curies":[{"name":"wp","href":"https:\/\/api.w.org\/{rel}","templated":true}]}}