{"id":948,"date":"2015-06-22T07:28:51","date_gmt":"2015-06-22T06:28:51","guid":{"rendered":"http:\/\/azqs.com\/lavictoirepourtous\/?p=948"},"modified":"2015-07-05T07:41:46","modified_gmt":"2015-07-05T06:41:46","slug":"piscines-pour-tous-une-charte-pour-leurrer-lelecteur-21062015","status":"publish","type":"post","link":"https:\/\/azqs.com\/lavictoirepourtous\/2015\/06\/22\/piscines-pour-tous-une-charte-pour-leurrer-lelecteur-21062015\/","title":{"rendered":"Piscines pour tous &#8211; Une charte pour leurrer l&rsquo;\u00e9lecteur &#8211; 21\/06\/2015"},"content":{"rendered":"<div class=\"posttitle\">\n<h3>Edito du 21 juin 2015 :<\/h3>\n<h3><span style=\"color: #911e16\">UNE CHARTE POUR LEURRER L\u2019\u00c9LECTEUR<\/span><\/h3>\n<p><img loading=\"lazy\" decoding=\"async\" class=\" size-full wp-image-949 alignnone\" src=\"http:\/\/azqs.com\/lavictoirepourtous\/files\/2015\/07\/32299.jpg\" alt=\"32299\" width=\"440\" height=\"240\" srcset=\"https:\/\/azqs.com\/lavictoirepourtous\/files\/2015\/07\/32299.jpg 440w, https:\/\/azqs.com\/lavictoirepourtous\/files\/2015\/07\/32299-300x164.jpg 300w\" sizes=\"(max-width: 440px) 100vw, 440px\" \/><\/p>\n<\/div>\n<p><em>La ville de Strasbourg persiste et signe dans la mauvaise foi et montre un peu plus son fond r\u00e9actionnaire.<\/em><\/p>\n<p><em>Le collectif \u00ab\u00a0La Victoire pour tous\u00a0\u00bb appara\u00eet comme le seul interlocuteur digne de ce nom face \u00e0 la machinerie municipale qui poursuit son travail d\u2019enfumage, indigne d\u2019une ville qui se veut progressiste.<\/em><br \/>\n<em>Son dernier coup ? Proposer une \u00ab\u00a0charte\u00a0\u00bb, soumise au vote lors du prochain conseil municipal, qui va mettre l\u2019\u00e9lu devant le choix d\u2019ent\u00e9riner ce qui a \u00e9t\u00e9 d\u00e9cid\u00e9 en haut lieu ou de passer pour un obstacle au \u00ab\u00a0progr\u00e8s\u00a0\u00bb. Cette charte veut garantir qu\u2019une partie des bains municipaux sera destin\u00e9e au grand public. Foutaises quand on sait que cette charte n\u2019est l\u00e0 que pour donner un verni d\u00e9mocratique \u00e0 une d\u00e9cision inique. Que l\u2019on relise l\u2019article des DNA du 20 juin dernier, \u00ab\u00a0Exit le Marriott, place au Radisson blu\u00a0\u00bb.<\/em><\/p>\n<p><em>Qu\u2019on ne se leurre pas. Tout est en place, tout est pratiquement d\u00e9cid\u00e9. La plus grande partie des bains sera privatis\u00e9e. Le collectif a demand\u00e9 que lui soit adress\u00e9 les \u00e9tudes demand\u00e9es par la ville en vue de cette privatisation. Silence de la ville, qui, en revanche, envoie maintenant la police surveiller de pr\u00e8s les pique-niques du jeudi organis\u00e9s devant les bains municipaux.<\/em><\/p>\n<p><em>Monsieur Bitz, qui a soigneusement ignor\u00e9 le collectif, d\u00e9clarait sur Rue 89 (le 19 juin), \u00ab\u00a0nous voulons un vrai d\u00e9bat public et non qu\u2019il soit monopolis\u00e9 par une minorit\u00e9\u00a0\u00bb. Le d\u00e9bat est donc monopolis\u00e9 par une soi-disant majorit\u00e9, celle qui pr\u00e9tend diriger la ville dans l\u2019int\u00e9r\u00eat commun. Monopolis\u00e9 ou confisqu\u00e9 ? Comme toujours, la ville oppose \u00e0 ceux qui agissent, en l\u2019occurrence le collectif, la majorit\u00e9 silencieuse. Celle que seuls les \u00e9lus entendent les voix lui dire qu\u2019il faut privatiser. Est-ce Jeanne d\u2019Arc qui nous dirige ?<\/em><\/p>\n<p><em>Il n\u2019y a donc aucun dialogue possible, aucune concertation n\u2019est engag\u00e9e. Seules les forces du capital trouvent l\u2019oreille d\u2019une municipalit\u00e9 qui ose encore se dire de gauche. La gauche des r\u00e9actionnaires, sans aucun doute.<\/em><\/p>\n<p><em>Pour conclure, dans Le Monde de ce dimanche, un article intitul\u00e9 \u00ab\u00a0A B\u00e2le, la soupe \u00e0 l\u2019art se d\u00e9guste froide\u00a0\u00bb, avec cette belle m\u00e9taphore tout \u00e0 fait applicable \u00e0 l\u2019affaire des bains municipaux : \u00ab\u00a0quelques collectionneurs assez na\u00effs pour \u00e9couter leurs conseillers artistiques, dont un vieux de la vieille dit : \u00ab\u00a0ils ont trois noms d\u2019artistes en t\u00eate, quand ils ont une t\u00eate\u00a0\u00bb. C\u2019est bien de cela qu\u2019il s\u2019agit : la ville a cess\u00e9 de penser.\u00a0<\/em><\/p>\n<p><strong>Pour acc\u00e9der au site de l&rsquo;association :<\/strong>\u00a0<strong><span style=\"color: #0000ff\"><a style=\"color: #0000ff\" href=\"https:\/\/piscinespourtous.wordpress.com\/2015\/06\/21\/edito-du-21-juin-2015-une-charte-pour-leurrer-lelecteur\/\" target=\"_blank\">www.piscinespourtous.wordpress.com<\/a><\/span><\/strong><\/p>\n<p>&nbsp;<\/p>\n","protected":false},"excerpt":{"rendered":"<p>Edito du 21 juin 2015 : UNE CHARTE POUR LEURRER L\u2019\u00c9LECTEUR La ville de Strasbourg persiste et signe dans la mauvaise foi et montre un peu plus son fond r\u00e9actionnaire. Le collectif \u00ab\u00a0La Victoire pour tous\u00a0\u00bb appara\u00eet comme le seul interlocuteur digne de ce nom face \u00e0 la machinerie municipale qui poursuit son travail d\u2019enfumage, [&hellip;]<\/p>\n","protected":false},"author":293,"featured_media":0,"comment_status":"closed","ping_status":"closed","sticky":false,"template":"","format":"standard","meta":{"footnotes":""},"categories":[100],"tags":[101,122,109,206,134],"class_list":["post-948","post","type-post","status-publish","format-standard","hentry","category-actualite","tag-bains-municipaux","tag-collectif","tag-conseil-municipal","tag-piscines-pour-tous","tag-privatisation"],"_links":{"self":[{"href":"https:\/\/azqs.com\/lavictoirepourtous\/wp-json\/wp\/v2\/posts\/948"}],"collection":[{"href":"https:\/\/azqs.com\/lavictoirepourtous\/wp-json\/wp\/v2\/posts"}],"about":[{"href":"https:\/\/azqs.com\/lavictoirepourtous\/wp-json\/wp\/v2\/types\/post"}],"author":[{"embeddable":true,"href":"https:\/\/azqs.com\/lavictoirepourtous\/wp-json\/wp\/v2\/users\/293"}],"replies":[{"embeddable":true,"href":"https:\/\/azqs.com\/lavictoirepourtous\/wp-json\/wp\/v2\/comments?post=948"}],"version-history":[{"count":2,"href":"https:\/\/azqs.com\/lavictoirepourtous\/wp-json\/wp\/v2\/posts\/948\/revisions"}],"predecessor-version":[{"id":951,"href":"https:\/\/azqs.com\/lavictoirepourtous\/wp-json\/wp\/v2\/posts\/948\/revisions\/951"}],"wp:attachment":[{"href":"https:\/\/azqs.com\/lavictoirepourtous\/wp-json\/wp\/v2\/media?parent=948"}],"wp:term":[{"taxonomy":"category","embeddable":true,"href":"https:\/\/azqs.com\/lavictoirepourtous\/wp-json\/wp\/v2\/categories?post=948"},{"taxonomy":"post_tag","embeddable":true,"href":"https:\/\/azqs.com\/lavictoirepourtous\/wp-json\/wp\/v2\/tags?post=948"}],"curies":[{"name":"wp","href":"https:\/\/api.w.org\/{rel}","templated":true}]}}