{"id":938,"date":"2015-07-04T11:54:41","date_gmt":"2015-07-04T10:54:41","guid":{"rendered":"http:\/\/azqs.com\/lavictoirepourtous\/?p=938"},"modified":"2015-07-04T12:09:19","modified_gmt":"2015-07-04T11:09:19","slug":"dna-caracalla-a-la-krutenau-04072015","status":"publish","type":"post","link":"https:\/\/azqs.com\/lavictoirepourtous\/2015\/07\/04\/dna-caracalla-a-la-krutenau-04072015\/","title":{"rendered":"DNA &#8211; \u00ab\u00a0Caracalla\u00a0\u00bb, \u00e0 la Krutenau ? &#8211; 04\/07\/2015"},"content":{"rendered":"<p><span style=\"color: #ff0000\"><em><strong>Dans les DNA, ce matin&#8230;\u00a0<\/strong><\/em><\/span><\/p>\n<blockquote><p><em>La journaliste\u00a0d\u00e9voile en partie les sc\u00e9narios \u00e0 l&rsquo;\u00e9tude, mais en ne montrant que le \u00ab\u00a0plus acceptable\u00a0\u00bb. On attend toujours la communication sur l&rsquo;ensembl<span class=\"text_exposed_show\">e des \u00e9tudes et non une communication partielle cibl\u00e9e pour faire passer, \u00e9t\u00e9 et canicule obligent, l&rsquo;id\u00e9e de privatisation par parties. En parlant de \u00ab\u00a0Caracalla\u00a0\u00bb, au moins a-t-on compris quel public est vis\u00e9 pour occuper ce b\u00e2timent dans les ann\u00e9es \u00e0 venir. Exit le \u00ab\u00a0temple de l&rsquo;hygi\u00e8ne\u00a0\u00bb populaire ! Par ailleurs,\u00a0<\/span><\/em>\u00ab\u00a0Piscine publique d&rsquo;exception\u00a0\u00bb, celle de la Victoire en est une et nous aimerions que sa r\u00e9novation en tienne compte !<\/p>\n<p><em>Certes, le deuxi\u00e8me sc\u00e9nario, si retenu par l&rsquo;article, aurait pu donner comme titre \u00ab\u00a0Molitor\u00a0\u00bb \u00e0 Strasbourg ?&#8230; Mais ce ne serait pas dans le droit chemin de la strat\u00e9gie de communication de la Ville&#8230;\u00a0<\/em><\/p><\/blockquote>\n<p><strong><span style=\"color: #0000ff\">Cliquez sur les images, pour les enregister et lire en format r\u00e9el :\u00a0<\/span><\/strong><\/p>\n<p><a href=\"http:\/\/azqs.com\/lavictoirepourtous\/files\/2015\/07\/DNA-2015-4-juillet-P1.jpg\"><img loading=\"lazy\" decoding=\"async\" class=\"alignleft size-full wp-image-940\" src=\"http:\/\/azqs.com\/lavictoirepourtous\/files\/2015\/07\/DNA-2015-4-juillet-P1.jpg\" alt=\"DNA 2015 4 juillet P1\" width=\"562\" height=\"512\" srcset=\"https:\/\/azqs.com\/lavictoirepourtous\/files\/2015\/07\/DNA-2015-4-juillet-P1.jpg 562w, https:\/\/azqs.com\/lavictoirepourtous\/files\/2015\/07\/DNA-2015-4-juillet-P1-300x273.jpg 300w\" sizes=\"(max-width: 562px) 100vw, 562px\" \/><\/a><\/p>\n<p><a href=\"http:\/\/azqs.com\/lavictoirepourtous\/files\/2015\/07\/DNA-4-juillet-P37.jpg\"><img loading=\"lazy\" decoding=\"async\" class=\"alignleft size-full wp-image-939\" src=\"http:\/\/azqs.com\/lavictoirepourtous\/files\/2015\/07\/DNA-4-juillet-P37.jpg\" alt=\"DNA 4 juillet P37\" width=\"1281\" height=\"1612\" srcset=\"https:\/\/azqs.com\/lavictoirepourtous\/files\/2015\/07\/DNA-4-juillet-P37.jpg 1281w, https:\/\/azqs.com\/lavictoirepourtous\/files\/2015\/07\/DNA-4-juillet-P37-238x300.jpg 238w, https:\/\/azqs.com\/lavictoirepourtous\/files\/2015\/07\/DNA-4-juillet-P37-814x1024.jpg 814w, https:\/\/azqs.com\/lavictoirepourtous\/files\/2015\/07\/DNA-4-juillet-P37-619x779.jpg 619w\" sizes=\"(max-width: 1281px) 100vw, 1281px\" \/><\/a><\/p>\n","protected":false},"excerpt":{"rendered":"<p>Dans les DNA, ce matin&#8230;\u00a0 La journaliste\u00a0d\u00e9voile en partie les sc\u00e9narios \u00e0 l&rsquo;\u00e9tude, mais en ne montrant que le \u00ab\u00a0plus acceptable\u00a0\u00bb. On attend toujours la communication sur l&rsquo;ensemble des \u00e9tudes et non une communication partielle cibl\u00e9e pour faire passer, \u00e9t\u00e9 et canicule obligent, l&rsquo;id\u00e9e de privatisation par parties. En parlant de \u00ab\u00a0Caracalla\u00a0\u00bb, au moins a-t-on [&hellip;]<\/p>\n","protected":false},"author":293,"featured_media":0,"comment_status":"closed","ping_status":"closed","sticky":false,"template":"","format":"standard","meta":{"footnotes":""},"categories":[100,93],"tags":[103,101,122,204,109,95,175,110,134],"class_list":["post-938","post","type-post","status-publish","format-standard","hentry","category-actualite","category-revue-de-presse","tag-ait-sidhoum","tag-bains-municipaux","tag-collectif","tag-conseil-eurometropole","tag-conseil-municipal","tag-dna","tag-jean-philippe-vetter","tag-petition","tag-privatisation"],"_links":{"self":[{"href":"https:\/\/azqs.com\/lavictoirepourtous\/wp-json\/wp\/v2\/posts\/938"}],"collection":[{"href":"https:\/\/azqs.com\/lavictoirepourtous\/wp-json\/wp\/v2\/posts"}],"about":[{"href":"https:\/\/azqs.com\/lavictoirepourtous\/wp-json\/wp\/v2\/types\/post"}],"author":[{"embeddable":true,"href":"https:\/\/azqs.com\/lavictoirepourtous\/wp-json\/wp\/v2\/users\/293"}],"replies":[{"embeddable":true,"href":"https:\/\/azqs.com\/lavictoirepourtous\/wp-json\/wp\/v2\/comments?post=938"}],"version-history":[{"count":5,"href":"https:\/\/azqs.com\/lavictoirepourtous\/wp-json\/wp\/v2\/posts\/938\/revisions"}],"predecessor-version":[{"id":945,"href":"https:\/\/azqs.com\/lavictoirepourtous\/wp-json\/wp\/v2\/posts\/938\/revisions\/945"}],"wp:attachment":[{"href":"https:\/\/azqs.com\/lavictoirepourtous\/wp-json\/wp\/v2\/media?parent=938"}],"wp:term":[{"taxonomy":"category","embeddable":true,"href":"https:\/\/azqs.com\/lavictoirepourtous\/wp-json\/wp\/v2\/categories?post=938"},{"taxonomy":"post_tag","embeddable":true,"href":"https:\/\/azqs.com\/lavictoirepourtous\/wp-json\/wp\/v2\/tags?post=938"}],"curies":[{"name":"wp","href":"https:\/\/api.w.org\/{rel}","templated":true}]}}