{"id":932,"date":"2015-07-02T16:11:20","date_gmt":"2015-07-02T15:11:20","guid":{"rendered":"http:\/\/azqs.com\/lavictoirepourtous\/?p=932"},"modified":"2015-07-02T16:20:03","modified_gmt":"2015-07-02T15:20:03","slug":"fr3-dans-les-coulisses-des-bains-municipaux-de-strasbourg-01072015","status":"publish","type":"post","link":"https:\/\/azqs.com\/lavictoirepourtous\/2015\/07\/02\/fr3-dans-les-coulisses-des-bains-municipaux-de-strasbourg-01072015\/","title":{"rendered":"FR3 &#8211; Dans les coulisses des Bains municipaux de Strasbourg &#8211; 01\/07\/2015"},"content":{"rendered":"<p>En replay, ces quelques minutes sur les Bains, hier soir sur FR3&#8230;<\/p>\n<p><span style=\"color: #d92929\"><strong><em>La communication commence : c&rsquo;est un joyau de la Neustadt, mais c&rsquo;est d\u00e9labr\u00e9&#8230; 32 millions \u20ac (de 30 a 40 millions, les chiffres dansent, toujours sans explication, dans le discours de la municipalit\u00e9 &#8211; pourquoi donc tant de pr\u00e9cision?)\u00a0:\u00a0\u00ab\u00a0Un co\u00fbt\u00a0si \u00e9lev\u00e9 que la municipalit\u00e9 songe \u00e0 privatiser une partie de l&rsquo;\u00e9difice, au grand dam des usagers.\u00a0\u00bb<\/em><\/strong><\/span><\/p>\n<p><span style=\"color: #d92929\"><strong><em>Et le verbe \u00ab\u00a0privatiser\u00a0\u00bb appara\u00eet, enfin\u00a0!<\/em><\/strong><\/span><\/p>\n<p><span style=\"color: #d92929\"><strong><em>Depuis le mois de mars, quand le maire avait pourtant annonc\u00e9 l\u2019appel \u00e0 un \u00ab\u00a0partenariat avec le secteur priv\u00e9\u00a0\u00bb (sic), pour la r\u00e9novation des Bains, les \u00e9lus \u00e9vitent syst\u00e9matiquement ce mot\u00a0: \u00ab\u00a0il n\u2019y a pas de privatisation\u00a0!\u00a0\u00bb, r\u00e9p\u00e8tent-ils. \u00a0<\/em><\/strong><\/span><\/p>\n<p><span style=\"color: #d92929\"><strong><em>Alors, une gaffe de FR3\u2026 ou un d\u00e9sir d\u2019assumer le terme (piq\u00fbre de d\u00e9sensibilisation)\u00a0?<\/em><\/strong><\/span><\/p>\n<p><span style=\"color: #d92929\"><strong><em>A suivre\u2026<\/em><\/strong><\/span><\/p>\n<p><span style=\"color: #000000\"><strong>Voir le reportage :<\/strong><\/span>\u00a0<strong><span style=\"color: #0000ff\"><a style=\"color: #0000ff\" href=\"http:\/\/france3-regions.francetvinfo.fr\/alsace\/emissions\/route-67\/actu\/dans-les-coulisses-des-bains-municipaux-de-strasbourg.html\" target=\"_blank\">france3-regions\/alsace\/route-67\/dans-les-coulisses-des-bains-municipaux-de-strasbourg<\/a><\/span><\/strong><\/p>\n","protected":false},"excerpt":{"rendered":"<p>En replay, ces quelques minutes sur les Bains, hier soir sur FR3&#8230; La communication commence : c&rsquo;est un joyau de la Neustadt, mais c&rsquo;est d\u00e9labr\u00e9&#8230; 32 millions \u20ac (de 30 a 40 millions, les chiffres dansent, toujours sans explication, dans le discours de la municipalit\u00e9 &#8211; pourquoi donc tant de pr\u00e9cision?)\u00a0:\u00a0\u00ab\u00a0Un co\u00fbt\u00a0si \u00e9lev\u00e9 que la [&hellip;]<\/p>\n","protected":false},"author":293,"featured_media":0,"comment_status":"closed","ping_status":"closed","sticky":false,"template":"","format":"standard","meta":{"footnotes":""},"categories":[100,93],"tags":[101,97,134],"class_list":["post-932","post","type-post","status-publish","format-standard","hentry","category-actualite","category-revue-de-presse","tag-bains-municipaux","tag-fr3-alsace","tag-privatisation"],"_links":{"self":[{"href":"https:\/\/azqs.com\/lavictoirepourtous\/wp-json\/wp\/v2\/posts\/932"}],"collection":[{"href":"https:\/\/azqs.com\/lavictoirepourtous\/wp-json\/wp\/v2\/posts"}],"about":[{"href":"https:\/\/azqs.com\/lavictoirepourtous\/wp-json\/wp\/v2\/types\/post"}],"author":[{"embeddable":true,"href":"https:\/\/azqs.com\/lavictoirepourtous\/wp-json\/wp\/v2\/users\/293"}],"replies":[{"embeddable":true,"href":"https:\/\/azqs.com\/lavictoirepourtous\/wp-json\/wp\/v2\/comments?post=932"}],"version-history":[{"count":2,"href":"https:\/\/azqs.com\/lavictoirepourtous\/wp-json\/wp\/v2\/posts\/932\/revisions"}],"predecessor-version":[{"id":934,"href":"https:\/\/azqs.com\/lavictoirepourtous\/wp-json\/wp\/v2\/posts\/932\/revisions\/934"}],"wp:attachment":[{"href":"https:\/\/azqs.com\/lavictoirepourtous\/wp-json\/wp\/v2\/media?parent=932"}],"wp:term":[{"taxonomy":"category","embeddable":true,"href":"https:\/\/azqs.com\/lavictoirepourtous\/wp-json\/wp\/v2\/categories?post=932"},{"taxonomy":"post_tag","embeddable":true,"href":"https:\/\/azqs.com\/lavictoirepourtous\/wp-json\/wp\/v2\/tags?post=932"}],"curies":[{"name":"wp","href":"https:\/\/api.w.org\/{rel}","templated":true}]}}