{"id":852,"date":"2015-06-22T08:37:38","date_gmt":"2015-06-22T07:37:38","guid":{"rendered":"http:\/\/azqs.com\/lavictoirepourtous\/?p=852"},"modified":"2015-07-14T14:20:18","modified_gmt":"2015-07-14T13:20:18","slug":"le-22-juin-les-bains-au-conseil-municipal","status":"publish","type":"post","link":"https:\/\/azqs.com\/lavictoirepourtous\/2015\/06\/22\/le-22-juin-les-bains-au-conseil-municipal\/","title":{"rendered":"Le 22 juin : les Bains au Conseil municipal !"},"content":{"rendered":"<h1><span style=\"color: #c4102b\"><em><strong>Le<\/strong><\/em><em><strong>ttre ouverte aux Conseillers municipaux de Strasbourg \u00e0 propos des Bains municipaux :\u00a0<\/strong><\/em><\/span><\/h1>\n<p><em><strong>Mesdames, Messieurs les Conseillers municipaux,\u00a0<\/strong><\/em><\/p>\n<p><em><strong>Vous vous appr\u00eatez \u00e0 voter pour, voter contre ou vous abstenir, ce lundi 22 juin, lors de la\u00a0pr\u00e9sentation du projet de d\u00e9lib\u00e9ration 26 \u2013 attribution d&rsquo;une \u00e9tude sur les Bains municipaux \u00e0 la SPL\u00a0des Deux Rives \u2013 et nous apprenions hier que, sans attendre votre d\u00e9cision, la SPL des Deux Rives\u00a0a d\u00e9j\u00e0 lanc\u00e9, le 17 juin, un appel d\u2019offres concernant cette m\u00eame mission (voir l\u2019avis, en pi\u00e8ce jointe).<\/strong><\/em><\/p>\n<p><em><strong>En plus d&rsquo;\u00eatre surprenante, une telle anticipation est-elle l\u00e9gale ? En mettant ainsi \u00ab\u00a0la charrue avant\u00a0les boeufs\u00a0\u00bb, la municipalit\u00e9 n&rsquo;enfreint-elle pas les r\u00e8gles de la d\u00e9mocratie locale ? Peut-on faire\u00a0semblant de consulter les \u00e9lus, alors que les choix ont d\u00e9j\u00e0 \u00e9t\u00e9 faits, que les d\u00e9marches sont en\u00a0cours ? En tout cas, ceci d\u00e9montre :\u00a0<\/strong><\/em><\/p>\n<blockquote><p><em><strong>1\/ que l&rsquo;ex\u00e9cutif municipal se moque bien de votre avis ;<\/strong><\/em><\/p>\n<p><em><strong>2\/ que la SPL n&rsquo;a aucun moyen ni comp\u00e9tence propres pour s&rsquo;occuper de ce dossier puisqu&rsquo;elle doit,\u00a0elle-m\u00eame, solliciter un autre bureau d&rsquo;\u00e9tudes ;<\/strong><\/em><\/p>\n<p><em><strong>3\/ que cette d\u00e9lib\u00e9ration porte en r\u00e9alit\u00e9 sur un mandat \u00e0 la SPL pour s&rsquo;occuper de l\u2019avenir des Bains\u00a0et non sur une simple \u00e9tude comme il y est \u00e9crit. Pourquoi les services de la Ville ne peuvent-ils se\u00a0charger de cette \u00e9tude (35 personnes au service Etudes Construction) ?<\/strong><\/em><\/p><\/blockquote>\n<p><em><strong>Au passage nous d\u00e9couvrons, dans les pi\u00e8ces jointes \u00e0 cet appel d&rsquo;offres, l&rsquo;\u00e9tude programmatique\u00a0ISC de 2009 que nous demandons en vain depuis des semaines et qu&rsquo;on ne vous a probablement\u00a0jamais communiqu\u00e9e. Un rapide survol montre qu&rsquo;elle est tr\u00e8s compl\u00e8te et on se demande bien ce\u00a0qu&rsquo;il \u00e9tait si n\u00e9cessaire de cacher\u2026 en dehors du d\u00e9sir de conserver en petit comit\u00e9 le diagnostic et\u00a0l&rsquo;information sur les Bains \u2013 le savoir, c&rsquo;est le Pouvoir !<\/strong><\/em><\/p>\n<h3><span style=\"color: #c4102b\"><em><strong>LA CHARTE<\/strong><\/em><\/span><\/h3>\n<blockquote><p><em><strong>Une charte, d\u00e9finie par le dictionnaire : \u00ab\u00a0un \u00e9crit solennel destin\u00e9 \u00e0 consigner des droits ou r\u00e9gler\u00a0des int\u00e9r\u00eats\u00a0\u00bb<\/strong><\/em><\/p><\/blockquote>\n<p><em><strong>Accompagnant la d\u00e9lib\u00e9ration proprement dite pour confier l&rsquo;\u00e9tude a la SPL, on vous\u00a0demande aussi de voter une \u00ab\u00a0charte\u00a0\u00bb pour la r\u00e9novation des Bains. Il y aurait beaucoup \u00e0\u00a0dire, mais l\u2019essentiel est que ce document, bien loin de garantir un bon projet, ent\u00e9rine de fait\u00a0l&rsquo;abandon \u00e0 venir de la majeure partie des Bains au secteur priv\u00e9, puisqu&rsquo;il limite l&rsquo;acc\u00e8s\u00a0public \u00e0 une piscine et quelques douches\u2026<\/strong><\/em><\/p>\n<h3><span style=\"color: #c4102b\"><em><strong>LE PROJET DE DELIBERATION<\/strong><\/em><\/span><\/h3>\n<p><em><strong>Le rapport de pr\u00e9sentation de la d\u00e9lib\u00e9ration, \u00e9voque tant de probl\u00e8mes relatifs \u00e0 la \u00ab v\u00e9tust\u00e9 \u00bb des\u00a0Bains municipaux, puis \u00ab l\u2019urgence des travaux \u00bb&#8230; Or, il faut rappeler que, si l\u2019on consid\u00e8re les 25\u00a0derni\u00e8res ann\u00e9es (1\/4 de si\u00e8cle, quand m\u00eame !) de gestion municipale \u00e0 Strasbourg, 19 ans durant\u00a0sous la gouvernance des Socialistes, dont 10 ans sous celle de Roland Ries, aucune initiative n\u2019a \u00e9t\u00e9\u00a0prise pour faire \u00e9voluer l\u2019\u00e9tablissement de Bains\u2026 !<\/strong><\/em><\/p>\n<p><em><strong>De plus \u2013 et de fa\u00e7on tout \u00e0 fait contradictoire &#8211; il affirme que le co\u00fbt d\u2019exploitation de cet \u00e9quipement\u00a0(3 millions d\u2019euros\/an ?) est beaucoup plus important que celui d\u2019un \u00ab \u00e9quipement aquatique\u00a0traditionnel \u00bb ; en d\u00e9but du rapport, il est indiqu\u00e9 qu\u2019il \u00ab s\u2019agit d\u2019un \u00ab ensemble architectural de grande\u00a0qualit\u00e9, t\u00e9moin remarquable du courant Jugendstil (\u2026) inscrit \u00e0 l&rsquo;inventaire suppl\u00e9mentaire des\u00a0monuments historiques. Les baignoires en fa\u00efence, la robinetterie en cuivre et laiton, les carrelages\u00a0en marbre, les boiseries ainsi que beaucoup d\u2019installations sont ainsi prot\u00e9g\u00e9es \u00bb\u2026<\/strong><\/em><\/p>\n<p><em><strong>Or, si les mots ont encore un sens il faut savoir d\u00e9finir les Bains municipaux : sont-ils\u00a0un \u00ab\u00e9quipement aquatique traditionnel \u00bb ou bien un \u00ab \u00e9quipement exceptionnel \u00bb ?<\/strong><\/em><\/p>\n<blockquote><p><em><strong>Le collectif \u00ab\u00a0La Victoire pour tous\u00a0\u00bb consid\u00e8re qu\u2019il s\u2019agit d\u2019un \u00e9quipement exceptionnel,\u00a0sans \u00e9quivalent en France et que sa vocation est celle de rester dans sa totalit\u00e9 un lieu\u00a0de bain public. Patrimoine de tous les Strasbourgeois, son avenir ne peut pas\u00a0r\u00e9sulter\u2026 d\u2019un non-dit ou d\u2019une confusion verbale !\u00a0<\/strong><\/em><\/p><\/blockquote>\n<h3><span style=\"color: #c4102b\"><em><strong>PROPRIETE DE LA VILLE\u2026 OU PATRIMOINE IMMOBILIER DE L\u2019EUROMETROPOLE ?<\/strong><\/em><\/span><\/h3>\n<p><em><strong>Il ne peut \u00eatre question d\u2019un d\u00e9membrement ou de cession \u00e0 une autre entit\u00e9 publique et, \u00e0 fortiori, \u00e0\u00a0un op\u00e9rateur priv\u00e9. Or, dans le rapport de pr\u00e9sentation, il est question de \u00ab conserver ce b\u00e2timent\u00a0d\u2019exception dans le patrimoine immobilier des collectivit\u00e9s Ville de Strasbourg et Eurom\u00e9tropole \u00bb ;\u00a0dans la charte propos\u00e9e, l\u2019on consid\u00e8re que le projet de r\u00e9novation devra <\/strong><\/em><em><strong>\u00abvaloriser la dimension\u00a0patrimoniale exceptionnelle du b\u00e2timent, dont la Ville et l\u2019Eurom\u00e9tropole de Strasbourg garderont la\u00a0propri\u00e9t\u00e9 \u00bb. Formulations plut\u00f4t \u00e9tonnantes, car le propri\u00e9taire unique de ce patrimoine immobilier\u00a0est la Ville de Strasbourg.\u00a0<\/strong><\/em><\/p>\n<blockquote><p><em><strong>Une cession \u00e0 l\u2019Eurom\u00e9tropole serait-elle envisag\u00e9e ?<\/strong><\/em><\/p><\/blockquote>\n<h3><span style=\"color: #c4102b\"><em><strong>LE DIALOGUE\u2026<\/strong><\/em><\/span><\/h3>\n<p><em><strong>Notre Collectif a toujours \u00e9t\u00e9 ouvert \u00e0 la discussion sur l\u2019avenir des bains. Et c\u2019est pourquoi nous\u00a0avons tout fait pour que le d\u00e9bat soit port\u00e9 dans la cit\u00e9 \u2013 ce qui est aujourd\u2018hui le cas. Nous\u00a0souhaitons, bien entendu, que la municipalit\u00e9 engage un dialogue avec tous les acteurs sociaux de la\u00a0ville et les repr\u00e9sentants du personnel, ainsi que mentionn\u00e9 dans la charte propos\u00e9e.<\/strong><\/em><\/p>\n<blockquote><p><em><strong>Or, malgr\u00e9 des demandes r\u00e9it\u00e9r\u00e9es et au m\u00e9pris de ses obligations l\u00e9gales, la Mairie\u00a0ne nous a toujours pas permis de prendre connaissance des nombreuses et\u00a0pr\u00e9c\u00e9dentes \u00e9tudes r\u00e9alis\u00e9es.<\/strong><\/em><\/p>\n<p><em><strong>De m\u00eame, si \u00e0 ce jour notre p\u00e9tition a d\u00e9j\u00e0 r\u00e9colt\u00e9 plus de 5000 signatures, nous\u00a0n\u2019avons jamais obtenu l\u2019autorisation de la d\u00e9poser, pour \u00eatre sign\u00e9e, \u00e0 l\u2019int\u00e9rieur de\u00a0l\u2019\u00e9tablissement.<\/strong><\/em><\/p>\n<p><em><strong>Nos relevons \u00e9galement le fait que l\u2019acc\u00e8s \u00e0 l\u2019\u00e9tablissement, pour une visite en\u00a0compagnie du collectif, a \u00e9t\u00e9 r\u00e9cemment refus\u00e9 \u00e0 un media local, sous pr\u00e9texte que\u00a0nous n\u2019avons pas le m\u00eame avis que l\u2019autorit\u00e9 municipale !<\/strong><\/em><\/p><\/blockquote>\n<p><em><strong>Il faudra donc que la municipalit\u00e9 commence par mettre ses actes en coh\u00e9rence avec son discours\u00a0sur la \u00ab d\u00e9mocratie participative \u00bb ! Et le dialogue pourra se faire.<\/strong><\/em><\/p>\n<p><em><strong>L\u2019engagement de ce dialogue public est n\u00e9cessaire non seulement parce que les Bains municipaux\u00a0sont le patrimoine commun des Strasbourgeois, mais aussi pour mettre fin aux rumeurs circulant sur\u00a0l\u2019adossement de cet \u00e9quipement \u00e0 des \u00e9tablissements h\u00f4teliers et autres\u2026<\/strong><\/em><\/p>\n<h3><span style=\"color: #c4102b\"><em><strong>ET VOUS ?<\/strong><\/em><\/span><\/h3>\n<p><em><strong>Si la spoliation qui leur est faite de l\u2019un des \u00e9quipements embl\u00e9matiques de l\u2019Histoire sociale de notre\u00a0ville n\u2019\u00e9chappe pas aux citoyens, il est clair que tout cela ne saurait \u00eatre ignor\u00e9 par les \u00e9lus \u2013 et\u00a0notamment ceux appartenant \u00e0 la majorit\u00e9 municipale, socialistes et\/ou \u00e9cologistes.<\/strong><\/em><\/p>\n<p><em><strong>Bien de Socialistes (des \u00e9lus, mais aussi des militants) ont manifest\u00e9 leur d\u00e9saccord en 2010, lorsque\u00a0la privatisation des Bains \u00e9tait annonc\u00e9e par un bail emphyt\u00e9otique, puis par un PPP. Des\u00a0\u00e9cologistes, moins nombreux qu\u2019aujourd\u2019hui dans l\u2019\u00e9quipe municipale, certes, mais pouss\u00e9s par des\u00a0militants clairement contraires \u00e0 la privatisation de ces lieux, avaient \u00e9galement manifest\u00e9 leur\u00a0d\u00e9saccord. En plus de la mobilisation des Strasbourgeois, ces d\u00e9bats au sein de la majorit\u00e9 ont\u00a0s\u00fbrement compt\u00e9 pour que, en 2011, Roland Ries renonce finalement \u00e0 ce projet.<\/strong><\/em><\/p>\n<blockquote><p><em><strong>Or, certains de ces \u00e9lus sont encore pr\u00e9sents dans cette assembl\u00e9e \u2013 et s\u2019appr\u00eatent \u00e0\u00a0voter une d\u00e9lib\u00e9ration qui conduit, in\u00e9vitablement, \u00e0 la privatisation de l\u2019\u00e9tablissement !<\/strong><\/em><\/p><\/blockquote>\n<h3><span style=\"color: #c4102b\"><em><strong>ENFIN\u2026<\/strong><\/em><\/span><\/h3>\n<p><em><strong>Si cette privatisation se confirme \u2013 et malgr\u00e9 l&rsquo;engagement \u00ab \u00e0 co\u00fbt constant \u00bb qui est annonc\u00e9 \u2013\u00a0ceux qui b\u00e9n\u00e9ficieront des nouvelles conditions d&rsquo;exploitation des services r\u00e9nov\u00e9s des Bains ne\u00a0seront clairement pas les Strasbourgeois : on ne pourra plus parler d&rsquo;un patrimoine municipal mais\u00a0d&rsquo;un \u00ab \u00e9quipement de prestige \u00bb, \u00e0 l\u2019usage d\u2019une minorit\u00e9.<\/strong><\/em><\/p>\n<blockquote><p><em><strong>Est-ce bien cela, le projet que vous voulez cautionner aujourd&rsquo;hui ?<\/strong><\/em><\/p><\/blockquote>\n<p><em><strong>Tout en restant \u00e0 l\u2019\u00e9coute de vos commentaires et \u00e0 votre disposition pour en d\u00e9battre,<\/strong><\/em><\/p>\n<p><em><strong>Avec nos respectueuses salutations.<\/strong><\/em><br \/>\n<span style=\"color: #c4102b\"><em><strong>Le Collectif \u00ab\u00a0La Victoire pour tous\u00a0\u00bb<\/strong><\/em><\/span><\/p>\n<p style=\"text-align: center\">_________________________________________<\/p>\n<p><strong><em>Pour voir les documents joints :\u00a0<\/em><\/strong><\/p>\n<p><span style=\"color: #0000ff\"><strong><em><a style=\"color: #0000ff\" href=\"http:\/\/azqs.com\/lavictoirepourtous\/2015\/07\/14\/lettre-recommandee-a-r-ries-et-r-herrmann-06062015\/\">Lettre recommand\u00e9e \u00e0 R. Ries et R. Herrmann &#8211; 06\/06\/2015<\/a><\/em><\/strong><\/span><\/p>\n","protected":false},"excerpt":{"rendered":"<p>Lettre ouverte aux Conseillers municipaux de Strasbourg \u00e0 propos des Bains municipaux :\u00a0 Mesdames, Messieurs les Conseillers municipaux,\u00a0 Vous vous appr\u00eatez \u00e0 voter pour, voter contre ou vous abstenir, ce lundi 22 juin, lors de la\u00a0pr\u00e9sentation du projet de d\u00e9lib\u00e9ration 26 \u2013 attribution d&rsquo;une \u00e9tude sur les Bains municipaux \u00e0 la SPL\u00a0des Deux Rives \u2013 [&hellip;]<\/p>\n","protected":false},"author":293,"featured_media":0,"comment_status":"closed","ping_status":"closed","sticky":false,"template":"","format":"standard","meta":{"footnotes":""},"categories":[100,171,94],"tags":[101,122,109,110,134,112,108],"class_list":["post-852","post","type-post","status-publish","format-standard","hentry","category-actualite","category-les-affiches","category-communique","tag-bains-municipaux","tag-collectif","tag-conseil-municipal","tag-petition","tag-privatisation","tag-roland-ries","tag-spl"],"_links":{"self":[{"href":"https:\/\/azqs.com\/lavictoirepourtous\/wp-json\/wp\/v2\/posts\/852"}],"collection":[{"href":"https:\/\/azqs.com\/lavictoirepourtous\/wp-json\/wp\/v2\/posts"}],"about":[{"href":"https:\/\/azqs.com\/lavictoirepourtous\/wp-json\/wp\/v2\/types\/post"}],"author":[{"embeddable":true,"href":"https:\/\/azqs.com\/lavictoirepourtous\/wp-json\/wp\/v2\/users\/293"}],"replies":[{"embeddable":true,"href":"https:\/\/azqs.com\/lavictoirepourtous\/wp-json\/wp\/v2\/comments?post=852"}],"version-history":[{"count":3,"href":"https:\/\/azqs.com\/lavictoirepourtous\/wp-json\/wp\/v2\/posts\/852\/revisions"}],"predecessor-version":[{"id":988,"href":"https:\/\/azqs.com\/lavictoirepourtous\/wp-json\/wp\/v2\/posts\/852\/revisions\/988"}],"wp:attachment":[{"href":"https:\/\/azqs.com\/lavictoirepourtous\/wp-json\/wp\/v2\/media?parent=852"}],"wp:term":[{"taxonomy":"category","embeddable":true,"href":"https:\/\/azqs.com\/lavictoirepourtous\/wp-json\/wp\/v2\/categories?post=852"},{"taxonomy":"post_tag","embeddable":true,"href":"https:\/\/azqs.com\/lavictoirepourtous\/wp-json\/wp\/v2\/tags?post=852"}],"curies":[{"name":"wp","href":"https:\/\/api.w.org\/{rel}","templated":true}]}}