{"id":836,"date":"2015-06-16T07:58:34","date_gmt":"2015-06-16T06:58:34","guid":{"rendered":"http:\/\/azqs.com\/lavictoirepourtous\/?p=836"},"modified":"2015-06-23T08:09:33","modified_gmt":"2015-06-23T07:09:33","slug":"aperopluie-soit","status":"publish","type":"post","link":"https:\/\/azqs.com\/lavictoirepourtous\/2015\/06\/16\/aperopluie-soit\/","title":{"rendered":"APEROPLUIE ? Soit&#8230;"},"content":{"rendered":"<h3><span style=\"color: #ff0000\"><strong>Parapluie ou pas<\/strong><\/span>, le collectif\u00a0<strong>LA VICTOIRE POUR TOUS<\/strong>\u00a0vous attend\u00a0<span style=\"color: #ff0000\"><strong>le 18 juin \u00e0 18h30<\/strong><\/span>, sur les marches des Bains Municipaux, pour un\u00a0<strong>ap\u00e9ro<\/strong>\u00a0de plein-air.\u00a0Moment convivial, occasion d\u2019\u00e9changer et de s\u2019informer sur l\u2019avancement\u00a0d\u2019un dossier qui devient de plus en plus inqui\u00e9tant\u00a0:<\/h3>\n<blockquote>\n<h2><em><strong><span style=\"color: #ff0000\">Le Conseil Municipal s\u2019appr\u00eate \u00e0 voter, lundi prochain, une \u00ab\u00a0charte\u00a0\u00bb qui d\u00e9termine le petit p\u00e9rim\u00e8tre conc\u00e9d\u00e9 aux Strasbourgeois dans les Bains de demain\u00a0!\u00a0<\/span><\/strong><\/em><\/h2>\n<\/blockquote>\n<h3><strong>Nos Bains<\/strong>\u00a0sont un tout : les deux piscines\u00a0<strong>ET<\/strong>\u00a0les douches\u00a0<strong>ET<\/strong>\u00a0le sauna\u00a0<strong>ET<\/strong>\u00a0les bains\u00a0romains\u2026 mais aussi les locaux vides ou \u00e0 r\u00e9affecter\u00a0<strong>ET<\/strong>\u00a0toute l\u2019extension possible dans la cour arri\u00e8re.<\/h3>\n<blockquote>\n<h2><span style=\"color: #ff0000\"><em><strong>Nous voulons la beaut\u00e9 des lieux et les plaisirs de l\u2019eau\u2026 pour tous\u00a0!<\/strong><\/em><\/span><\/h2>\n<\/blockquote>\n<h2><em><span style=\"color: #ff0000\"><strong><a href=\"http:\/\/azqs.com\/lavictoirepourtous\/files\/2015\/06\/apero-jeudi-18.jpg\"><img loading=\"lazy\" decoding=\"async\" class=\"alignleft size-full wp-image-812\" src=\"http:\/\/azqs.com\/lavictoirepourtous\/files\/2015\/06\/apero-jeudi-18.jpg\" alt=\"apero jeudi 18\" width=\"510\" height=\"620\" srcset=\"https:\/\/azqs.com\/lavictoirepourtous\/files\/2015\/06\/apero-jeudi-18.jpg 510w, https:\/\/azqs.com\/lavictoirepourtous\/files\/2015\/06\/apero-jeudi-18-247x300.jpg 247w\" sizes=\"(max-width: 510px) 100vw, 510px\" \/><\/a><\/strong><\/span><\/em><\/h2>\n<h2><\/h2>\n<h2><\/h2>\n<h2><\/h2>\n<h3><\/h3>\n<p>Vos amis, et les amis de vos amis sont aussi cordialement invit\u00e9s.\u00a0Chacun peut apporter une bouteille, deux ou trois gobelets, voire quelques trucs \u00e0 grignoter.<\/p>\n","protected":false},"excerpt":{"rendered":"<p>Parapluie ou pas, le collectif\u00a0LA VICTOIRE POUR TOUS\u00a0vous attend\u00a0le 18 juin \u00e0 18h30, sur les marches des Bains Municipaux, pour un\u00a0ap\u00e9ro\u00a0de plein-air.\u00a0Moment convivial, occasion d\u2019\u00e9changer et de s\u2019informer sur l\u2019avancement\u00a0d\u2019un dossier qui devient de plus en plus inqui\u00e9tant\u00a0: Le Conseil Municipal s\u2019appr\u00eate \u00e0 voter, lundi prochain, une \u00ab\u00a0charte\u00a0\u00bb qui d\u00e9termine le petit p\u00e9rim\u00e8tre conc\u00e9d\u00e9 aux [&hellip;]<\/p>\n","protected":false},"author":293,"featured_media":0,"comment_status":"closed","ping_status":"closed","sticky":false,"template":"","format":"standard","meta":{"footnotes":""},"categories":[100,171],"tags":[107,101,126],"class_list":["post-836","post","type-post","status-publish","format-standard","hentry","category-actualite","category-les-affiches","tag-apero","tag-bains-municipaux","tag-manifestation"],"_links":{"self":[{"href":"https:\/\/azqs.com\/lavictoirepourtous\/wp-json\/wp\/v2\/posts\/836"}],"collection":[{"href":"https:\/\/azqs.com\/lavictoirepourtous\/wp-json\/wp\/v2\/posts"}],"about":[{"href":"https:\/\/azqs.com\/lavictoirepourtous\/wp-json\/wp\/v2\/types\/post"}],"author":[{"embeddable":true,"href":"https:\/\/azqs.com\/lavictoirepourtous\/wp-json\/wp\/v2\/users\/293"}],"replies":[{"embeddable":true,"href":"https:\/\/azqs.com\/lavictoirepourtous\/wp-json\/wp\/v2\/comments?post=836"}],"version-history":[{"count":8,"href":"https:\/\/azqs.com\/lavictoirepourtous\/wp-json\/wp\/v2\/posts\/836\/revisions"}],"predecessor-version":[{"id":844,"href":"https:\/\/azqs.com\/lavictoirepourtous\/wp-json\/wp\/v2\/posts\/836\/revisions\/844"}],"wp:attachment":[{"href":"https:\/\/azqs.com\/lavictoirepourtous\/wp-json\/wp\/v2\/media?parent=836"}],"wp:term":[{"taxonomy":"category","embeddable":true,"href":"https:\/\/azqs.com\/lavictoirepourtous\/wp-json\/wp\/v2\/categories?post=836"},{"taxonomy":"post_tag","embeddable":true,"href":"https:\/\/azqs.com\/lavictoirepourtous\/wp-json\/wp\/v2\/tags?post=836"}],"curies":[{"name":"wp","href":"https:\/\/api.w.org\/{rel}","templated":true}]}}