{"id":832,"date":"2015-06-24T08:29:40","date_gmt":"2015-06-24T07:29:40","guid":{"rendered":"http:\/\/azqs.com\/lavictoirepourtous\/?p=832"},"modified":"2015-06-24T14:31:52","modified_gmt":"2015-06-24T13:31:52","slug":"le-retour-de-la-gymnastique-douce","status":"publish","type":"post","link":"https:\/\/azqs.com\/lavictoirepourtous\/2015\/06\/24\/le-retour-de-la-gymnastique-douce\/","title":{"rendered":"Le retour de la gymnastique douce&#8230;"},"content":{"rendered":"<h3><span style=\"color: #147bba\">La municipalit\u00e9 ne sait que faire de tant de m\u00e8tres carr\u00e9s vides, inoccup\u00e9s, d\u00e9saffect\u00e9s&#8230;\u00a0au point de devoir tout confier au priv\u00e9\u00a0!<\/span><\/h3>\n<h3><span style=\"color: #147bba\">Et pourtant des id\u00e9es ne manquent pas\u2026<\/span><\/h3>\n<p>Des activit\u00e9s qui ont eu lieu dans les locaux des Bains municipaux et qui peuvent revenir, dans le cadre d&rsquo;un projet bien pens\u00e9, qui prenne en compte l&rsquo;int\u00e9r\u00eat des Strasbourgeois&#8230;<\/p>\n<p>M. et Mme\u00a0Parmentier nous font part de leur exp\u00e9rience :<\/p>\n<blockquote><p><span style=\"color: #808080\"><strong><em>\u00c0 la rentr\u00e9e 2013 les Bains Municipaux ont propos\u00e9 de la \u00ab\u00a0gymnastique douce senior\u00a0\u00bb tous les vendredis de 11 \u00e0 12 heures.\u00a0 Ces cours d\u00e9veloppaient \u00e9quilibre, adresse, coordination et permettaient la m\u00e9morisation des mouvements de \u00ab\u00a0survie\u00a0\u00bb\u00a0: se relever, se baisser\u2026.Chaque \u00e9ducateur sportif amenait son style et les cours \u00e9taient tr\u00e8s ludiques et vivants malgr\u00e9 le lieu inappropri\u00e9 (salle du sauna n\u00e9cessitant la bonne volont\u00e9 des agents pour d\u00e9placer les chaises longues de repos).<\/em><\/strong><\/span><\/p>\n<p><span style=\"color: #808080\"><strong><em>L\u2019absence de publicit\u00e9, le lieu, l\u2019horaire ont fait que la fr\u00e9quentation n\u2019\u00e9tait pas au rendez-vous et cette heure de gymnastique a \u00e9t\u00e9 supprim\u00e9e en 2014.<\/em><\/strong><\/span><\/p>\n<p><span style=\"color: #808080\"><strong><em>L\u2019investissement du personnel et la possibilit\u00e9 de salles adapt\u00e9es inutilis\u00e9es des bains pourraient participer, comme la gymnastique aquatique, au d\u00e9veloppement de la sant\u00e9 des \u00ab\u00a0seniors\u00a0\u00bb par le sport doux.\u00a0<\/em><\/strong><\/span><\/p>\n<p><span style=\"color: #808080\"><strong><em>Yves et Monique Parmentier<\/em><\/strong><\/span><\/p><\/blockquote>\n<p>&nbsp;<\/p>\n","protected":false},"excerpt":{"rendered":"<p>La municipalit\u00e9 ne sait que faire de tant de m\u00e8tres carr\u00e9s vides, inoccup\u00e9s, d\u00e9saffect\u00e9s&#8230;\u00a0au point de devoir tout confier au priv\u00e9\u00a0! Et pourtant des id\u00e9es ne manquent pas\u2026 Des activit\u00e9s qui ont eu lieu dans les locaux des Bains municipaux et qui peuvent revenir, dans le cadre d&rsquo;un projet bien pens\u00e9, qui prenne en compte [&hellip;]<\/p>\n","protected":false},"author":293,"featured_media":0,"comment_status":"closed","ping_status":"closed","sticky":false,"template":"","format":"standard","meta":{"footnotes":""},"categories":[100,182],"tags":[101,200,188],"class_list":["post-832","post","type-post","status-publish","format-standard","hentry","category-actualite","category-paroles-dusagers","tag-bains-municipaux","tag-gymnastique","tag-usagers"],"_links":{"self":[{"href":"https:\/\/azqs.com\/lavictoirepourtous\/wp-json\/wp\/v2\/posts\/832"}],"collection":[{"href":"https:\/\/azqs.com\/lavictoirepourtous\/wp-json\/wp\/v2\/posts"}],"about":[{"href":"https:\/\/azqs.com\/lavictoirepourtous\/wp-json\/wp\/v2\/types\/post"}],"author":[{"embeddable":true,"href":"https:\/\/azqs.com\/lavictoirepourtous\/wp-json\/wp\/v2\/users\/293"}],"replies":[{"embeddable":true,"href":"https:\/\/azqs.com\/lavictoirepourtous\/wp-json\/wp\/v2\/comments?post=832"}],"version-history":[{"count":2,"href":"https:\/\/azqs.com\/lavictoirepourtous\/wp-json\/wp\/v2\/posts\/832\/revisions"}],"predecessor-version":[{"id":851,"href":"https:\/\/azqs.com\/lavictoirepourtous\/wp-json\/wp\/v2\/posts\/832\/revisions\/851"}],"wp:attachment":[{"href":"https:\/\/azqs.com\/lavictoirepourtous\/wp-json\/wp\/v2\/media?parent=832"}],"wp:term":[{"taxonomy":"category","embeddable":true,"href":"https:\/\/azqs.com\/lavictoirepourtous\/wp-json\/wp\/v2\/categories?post=832"},{"taxonomy":"post_tag","embeddable":true,"href":"https:\/\/azqs.com\/lavictoirepourtous\/wp-json\/wp\/v2\/tags?post=832"}],"curies":[{"name":"wp","href":"https:\/\/api.w.org\/{rel}","templated":true}]}}