{"id":710,"date":"2015-06-02T14:24:55","date_gmt":"2015-06-02T13:24:55","guid":{"rendered":"http:\/\/azqs.com\/lavictoirepourtous\/?p=710"},"modified":"2015-06-02T14:24:55","modified_gmt":"2015-06-02T13:24:55","slug":"dna-eelv-et-lavenir-des-bains-02062015","status":"publish","type":"post","link":"https:\/\/azqs.com\/lavictoirepourtous\/2015\/06\/02\/dna-eelv-et-lavenir-des-bains-02062015\/","title":{"rendered":"DNA : EELV et l&rsquo;avenir des Bains &#8211; 02\/06\/2015"},"content":{"rendered":"<p><span style=\"color: #339966\"><strong><span style=\"color: #ff0000\">D\u00e9claration du groupe local d&rsquo;Europe \u00c9cologie &#8211; Les Verts (EELV &#8211; Strasbourg), publi\u00e9e\u00a0dans le Courrier des Lecteurs des DNA, ce matin :\u00a0<\/span><a href=\"http:\/\/azqs.com\/lavictoirepourtous\/files\/2015\/06\/DNA-courrier-EELV-2015-2-juin.jpg\"><img loading=\"lazy\" decoding=\"async\" class=\"alignleft size-full wp-image-711\" src=\"http:\/\/azqs.com\/lavictoirepourtous\/files\/2015\/06\/DNA-courrier-EELV-2015-2-juin.jpg\" alt=\"DNA courrier EELV 2015 2 juin\" width=\"960\" height=\"648\" srcset=\"https:\/\/azqs.com\/lavictoirepourtous\/files\/2015\/06\/DNA-courrier-EELV-2015-2-juin.jpg 960w, https:\/\/azqs.com\/lavictoirepourtous\/files\/2015\/06\/DNA-courrier-EELV-2015-2-juin-300x203.jpg 300w, https:\/\/azqs.com\/lavictoirepourtous\/files\/2015\/06\/DNA-courrier-EELV-2015-2-juin-619x418.jpg 619w\" sizes=\"(max-width: 960px) 100vw, 960px\" \/><\/a><\/strong><\/span><\/p>\n<p><strong><span style=\"color: #ff0000\">Pour mieux lire, voici\u00a0le texte de cette d\u00e9claration, dont nous avons pu obtenir le communiqu\u00e9 de presse :<\/span> \u00a0<\/strong><\/p>\n<blockquote>\n<h4><strong><span style=\"color: #1f8217\">Communiqu\u00e9 de presse<\/span><\/strong><\/h4>\n<h3><strong><span style=\"color: #1f8217\">L&rsquo;avenir des Bains Municipaux<\/span><\/strong><\/h3>\n<p><span style=\"color: #1f8217\">Strasbourg, le 27 mai 2015<\/span><\/p>\n<p><span style=\"color: #1f8217\"> Depuis plusieurs semaines, l\u2019avenir des\u00a0<strong>Bains Municipaux<\/strong>, est sur le devant de la sc\u00e8ne et suscite \u00e0 nouveau des r\u00e9actions passionn\u00e9es chez de nombreux-es strasbourgeois-es, signe de leur\u00a0<strong>attachement<\/strong>\u00a0visc\u00e9ral \u00e0 cet \u00e9l\u00e9ment majeur de notre\u00a0<strong>patrimoine<\/strong>\u00a0municipal.\u00a0<\/span><br \/>\n<span style=\"color: #1f8217\"> \u00a0<\/span><br \/>\n<span style=\"color: #1f8217\"> <strong>Les \u00e9cologistes<\/strong>\u00a0consid\u00e8rent les Bains Municipaux comme faisant partie\u00a0de\u00a0ces biens communs inali\u00e9nables qui, par leur histoire comme par leur\u00a0<strong>fonction sociale<\/strong>, appartiennent \u00e0 \u00a0toutes et\u00a0\u00e0\u00a0tous et qu&rsquo;il est\u00a0essentiel de les\u00a0<strong>pr\u00e9server<\/strong>\u00a0pour les g\u00e9n\u00e9rations futures.<\/span><br \/>\n<span style=\"color: #1f8217\"> \u00a0 \u00a0<\/span><br \/>\n<span style=\"color: #1f8217\"> Alors que le conseil municipal s&rsquo;appr\u00eate \u00e0 d\u00e9battre de l&rsquo;avenir des Bains Municipaux, Europe \u00c9cologie &#8211; Les Verts Strasbourg appelle la majorit\u00e9 \u00e0 se ressaisir et \u00e0 garantir\u00a0dans les semaines qui viennent\u00a0la tenue d&rsquo;un\u00a0<strong>d\u00e9bat ouvert et transparent auquel<\/strong>\u00a0seront associ\u00e9s\u00a0<strong>les citoyens\u00a0et les citoyennes<\/strong>\u00a0qui le souhaitent, de mani\u00e8re \u00e0 sortir de l&rsquo;impasse dans laquelle nous sommes depuis 5 ans et \u00e0 engager enfin les travaux qui s&rsquo;imposent.<\/span><br \/>\n<span style=\"color: #1f8217\"> \u00a0<\/span><br \/>\n<span style=\"color: #1f8217\"> Il faut inscrire ce projet dans une v\u00e9ritable\u00a0<strong>d\u00e9mocratie participative<\/strong>, celle-l\u00e0 m\u00eame dont la majorit\u00e9 municipale cherche \u00e0 faire sa\u00a0marque de fabrique depuis 6 ans. Pour autant, le d\u00e9bat d\u00e9mocratique ne se d\u00e9cr\u00e8te pas, pas plus qu&rsquo;il ne se fait tout seul : la collectivit\u00e9 doit donc l\u2019accompagner loyalement et l&rsquo;alimenter par l&rsquo;acc\u00e8s \u00e0 l\u2019information, la plus totale transparence, la communication et une volont\u00e9 sinc\u00e8re de\u00a0<strong>co-construction<\/strong>\u00a0avec l\u2019ensemble de la cit\u00e9.<\/span><br \/>\n<span style=\"color: #1f8217\"> \u00a0<\/span><br \/>\n<span style=\"color: #1f8217\"> Or pour l\u2019instant ces \u00e9l\u00e9ments ne semblent pas r\u00e9unis.<\/span><br \/>\n<span style=\"color: #1f8217\"> \u00a0<\/span><br \/>\n<span style=\"color: #1f8217\"> Nous appelons donc\u00a0les \u00e9lu-e-s de droite comme de gauche \u00e0 faire\u00a0<strong>confiance<\/strong>\u00a0\u00e0 l&rsquo;intelligence des citoyens\u00a0et\u00a0\u00e0 leur\u00a0permettre de\u00a0<strong>participer activement<\/strong>\u00a0\u00e0 la prise de\u00a0<strong>d\u00e9cision<\/strong>\u00a0sur l&rsquo;avenir des Bains Municipaux.<\/span><br \/>\n<span style=\"color: #1f8217\"> \u00a0<\/span><br \/>\n<span style=\"color: #1f8217\"> Personne ne doit\u00a0confisquer un\u00a0<strong>d\u00e9bat public<\/strong>\u00a0qui seul permettra de d\u00e9finir sereinement\u00a0<strong>le futur<\/strong>\u00a0de ce lieu\u00a0qui appartient d&rsquo;abord aux strasbourgeois et strasbourgeoises.<\/span><br \/>\n<span style=\"color: #1f8217\"> \u00a0<\/span><br \/>\n<span style=\"color: #1f8217\"> En effet, quel p\u00e9rim\u00e8tre, quelles activit\u00e9s, quelles missions de service public, quel financement, quel mode de gestion feront les Bains municipaux de demain\u00a0?<\/span><\/p>\n<p><span style=\"color: #1f8217\"> Autant de questions qu&rsquo;il\u00a0est important de\u00a0travailler d\u00e8s \u00e0 pr\u00e9sent avec les\u00a0citoyen-nes, les associations, les collectifs pour permettre un d\u00e9bat serein et apais\u00e9.<\/span><br \/>\n<span style=\"color: #1f8217\"> \u00a0<\/span><br \/>\n<span style=\"color: #339966\"><span style=\"color: #1f8217\"> Les \u00e9cologistes appellent \u00e9galement \u00e0 ne laisser en aucun cas le secteur priv\u00e9 lucratif exploiter \u00e0 loisir cet \u00e9quipement,\u00a0ce qui ferait perdre aux Bains Municipaux leur\u00a0<strong>accessibilit\u00e9<\/strong>\u00a0au plus grand nombre, la\u00a0mise \u00e0 disposition\u00a0<strong>de\u00a0ce patrimoine \u00a0<\/strong>pour\u00a0toutes et tous\u00a0et encouragerait la sp\u00e9culation immobili\u00e8re dans le quartier avoisinant au risque de\u00a0<strong>bouleverser la sociologie<\/strong>\u00a0de la\u00a0Krutenau, un des derniers quartiers garantissant la\u00a0<strong>mixit\u00e9 sociale<\/strong>\u00a0\u00e0 proximit\u00e9 du centre de Strasbourg.<\/span><\/span><br \/>\n<span style=\"color: #1f8217\"> \u00a0<\/span><br \/>\n<span style=\"color: #1f8217\"> Enfin nous appelons chacune et chacun \u00e0 faire preuve d\u2019<strong>audace<\/strong>, et\u00a0surtout d\u2019<strong>imagination<\/strong>.<\/span><br \/>\n<span style=\"color: #1f8217\"> \u00a0<\/span><br \/>\n<span style=\"color: #1f8217\"> Les organismes de\u00a0<strong>l&rsquo;\u00e9conomie\u00a0sociale et solidaire<\/strong>\u00a0trouveront certainement leur\u00a0place dans un\u00a0<strong>projet collectif<\/strong>.\u00a0Les espaces inoccup\u00e9s pourraient ainsi \u00eatre utilis\u00e9s par le\u00a0<strong>secteur associatif<\/strong>, en lien avec le quartier, ou le sport th\u00e9rapeutique, dans la suite logique du sport par ordonnance.<\/span><br \/>\n<span style=\"color: #1f8217\"> \u00a0<\/span><br \/>\n<span style=\"color: #1f8217\"> A nos plumes ! Que les \u00e9lu-e-s\u00a0travaillent et que les\u00a0citoyens et<strong>\u00a0citoyennes\u00a0se mobilisent<\/strong>\u00a0pour faire de ce\u00a0<strong>lieu unique<\/strong>\u00a0un espace\u00a0<strong>ouvert et accueillant, accessible\u00a0<\/strong>\u00e0 toutes et tous\u00a0<strong>sans discriminations<\/strong>\u00a0et r\u00e9solument\u00a0<strong>tourn\u00e9 vers l&rsquo;avenir<\/strong>\u00a0comme il l&rsquo;\u00e9tait d\u00e9j\u00e0 en 1908.<\/span><br \/>\n<span style=\"color: #1f8217\"> \u00a0<\/span><br \/>\n<span style=\"color: #1f8217\"> \u00a0Le groupe local d&rsquo;Europe \u00c9cologie &#8211; Les Verts Strasbourg<\/span><\/p><\/blockquote>\n","protected":false},"excerpt":{"rendered":"<p>D\u00e9claration du groupe local d&rsquo;Europe \u00c9cologie &#8211; Les Verts (EELV &#8211; Strasbourg), publi\u00e9e\u00a0dans le Courrier des Lecteurs des DNA, ce matin :\u00a0 Pour mieux lire, voici\u00a0le texte de cette d\u00e9claration, dont nous avons pu obtenir le communiqu\u00e9 de presse : \u00a0 Communiqu\u00e9 de presse L&rsquo;avenir des Bains Municipaux Strasbourg, le 27 mai 2015 Depuis plusieurs [&hellip;]<\/p>\n","protected":false},"author":293,"featured_media":0,"comment_status":"closed","ping_status":"closed","sticky":false,"template":"","format":"standard","meta":{"footnotes":""},"categories":[100,93],"tags":[101,95,192],"class_list":["post-710","post","type-post","status-publish","format-standard","hentry","category-actualite","category-revue-de-presse","tag-bains-municipaux","tag-dna","tag-eelv"],"_links":{"self":[{"href":"https:\/\/azqs.com\/lavictoirepourtous\/wp-json\/wp\/v2\/posts\/710"}],"collection":[{"href":"https:\/\/azqs.com\/lavictoirepourtous\/wp-json\/wp\/v2\/posts"}],"about":[{"href":"https:\/\/azqs.com\/lavictoirepourtous\/wp-json\/wp\/v2\/types\/post"}],"author":[{"embeddable":true,"href":"https:\/\/azqs.com\/lavictoirepourtous\/wp-json\/wp\/v2\/users\/293"}],"replies":[{"embeddable":true,"href":"https:\/\/azqs.com\/lavictoirepourtous\/wp-json\/wp\/v2\/comments?post=710"}],"version-history":[{"count":5,"href":"https:\/\/azqs.com\/lavictoirepourtous\/wp-json\/wp\/v2\/posts\/710\/revisions"}],"predecessor-version":[{"id":716,"href":"https:\/\/azqs.com\/lavictoirepourtous\/wp-json\/wp\/v2\/posts\/710\/revisions\/716"}],"wp:attachment":[{"href":"https:\/\/azqs.com\/lavictoirepourtous\/wp-json\/wp\/v2\/media?parent=710"}],"wp:term":[{"taxonomy":"category","embeddable":true,"href":"https:\/\/azqs.com\/lavictoirepourtous\/wp-json\/wp\/v2\/categories?post=710"},{"taxonomy":"post_tag","embeddable":true,"href":"https:\/\/azqs.com\/lavictoirepourtous\/wp-json\/wp\/v2\/tags?post=710"}],"curies":[{"name":"wp","href":"https:\/\/api.w.org\/{rel}","templated":true}]}}