{"id":703,"date":"2015-05-29T23:43:55","date_gmt":"2015-05-29T22:43:55","guid":{"rendered":"http:\/\/azqs.com\/lavictoirepourtous\/?p=703"},"modified":"2015-06-11T22:25:50","modified_gmt":"2015-06-11T21:25:50","slug":"largent-ne-fait-pas-le-bonheur-surtout-pas-aux-bains-municipaux","status":"publish","type":"post","link":"https:\/\/azqs.com\/lavictoirepourtous\/2015\/05\/29\/largent-ne-fait-pas-le-bonheur-surtout-pas-aux-bains-municipaux\/","title":{"rendered":"L\u2019argent ne fait pas le bonheur \u2013 surtout pas aux Bains Municipaux"},"content":{"rendered":"<p class=\"meta post-meta\">Dans Eurojournalist, le quotidien franco-allemand du Rhin sup\u00e9rieur <span class=\"updated\">29. Mai 2015<\/span> par Kai Littmann<\/p>\n<p><strong>Les Bains Municipaux situ\u00e9s Boulevard de la Victoire \u00e0 Strasbourg, risquent d\u2019\u00eatre privatis\u00e9s. Le collectif \u00abLa Victoire Pour Tous\u00bb se d\u00e9fend contre ce plan de la ville.<\/strong><a href=\"http:\/\/azqs.com\/lavictoirepourtous\/files\/2015\/05\/Bains-escalier-Lavictoirepourtous-org-OK.jpg\"><img loading=\"lazy\" decoding=\"async\" class=\"alignnone size-medium wp-image-704\" src=\"http:\/\/azqs.com\/lavictoirepourtous\/files\/2015\/05\/Bains-escalier-Lavictoirepourtous-org-OK-300x150.jpg\" alt=\"Bains-escalier-Lavictoirepourtous-org-OK\" width=\"300\" height=\"150\" srcset=\"https:\/\/azqs.com\/lavictoirepourtous\/files\/2015\/05\/Bains-escalier-Lavictoirepourtous-org-OK-300x150.jpg 300w, https:\/\/azqs.com\/lavictoirepourtous\/files\/2015\/05\/Bains-escalier-Lavictoirepourtous-org-OK-619x310.jpg 619w, https:\/\/azqs.com\/lavictoirepourtous\/files\/2015\/05\/Bains-escalier-Lavictoirepourtous-org-OK.jpg 940w\" sizes=\"(max-width: 300px) 100vw, 300px\" \/><\/a><strong>Les Bains Municipaux \u00e0 Strasbourg font partie du patrimoine culturel et social de la ville de Strasbourg. Le vieux b\u00e2timent situ\u00e9 entre l\u2019Universit\u00e9, le Mus\u00e9e Zoologique et les quais de l\u2019Ill, n\u2019est pas seulement un monument architectural, mais un lieu de rencontre des Strasbourgeois qui ne connait pas de fronti\u00e8res sociales \u2013 tout le monde peut y acc\u00e9der et en maillot de bain, plus aucune diff\u00e9rence entre un magistrat et un chercheur d\u2019emploi. Malheureusement, il n\u2019y a que peu d\u2019endroits qui remplissent une telle fonction sociale. Maintenant, la ville veut confier la gestion de ces Bains Municipaux \u00e0 un gestionnaire priv\u00e9, ce qui changera forc\u00e9ment la nature de cet endroit unique qui est cher aux Strasbourgeois.<\/strong><\/p>\n<p>Le collectif \u00abLa Victoire pour tous\u00bb n\u2019entend pas regarder cette \u00e9volution les bras crois\u00e9s. Ameutant partis politiques, associations et syndicats, ce collectif rel\u00e8ve le gant que la municipalit\u00e9 vient de lancer aux Strasbourgeois \u2013 car il y a des valeurs r\u00e9publicaines que l\u2019on ne doit pas brader au plus offrant.<\/p>\n<p>Ainsi, le slogan du collectif est d\u2019une simplicit\u00e9 d\u00e9sarmante : \u00abLes Bains municipaux en danger ! Non \u00e0 leur d\u00e9membrement et leur privatisation ! Oui \u00e0 leur r\u00e9novation dans le cadre du service public !\u00bb Pour appuyer leur demande, le collectif a organis\u00e9 hier, en fin d\u2019apr\u00e8s-midi, un \u00abap\u00e9ro solidaire\u00bb devant les Bains Municipaux, pour mobiliser les Strasbourgeois contre cette privatisation d\u2019un bien commun appartenant aux Strasbourgeois depuis son installation.<\/p>\n<p>Car en confiant la gestion de cet \u00e9tablissement \u00e0 un gestionnaire priv\u00e9, tout en l\u2019enlevant du \u00abPlan Piscines\u00bb de la ville, le pas vers une v\u00e9ritable privatisation sera fait. Logiquement, toute r\u00e9novation, tout investissement dans le maintien de ces Bains, se traduira pour les utilisateurs par une hausse des tarifs, excluant peu \u00e0 peu les populations moins fortun\u00e9es de l\u2019utilisation de ce qui devrait appartenir \u00e0 tout le monde. Mais o\u00f9 allons-nous si la visite des Bains Municipaux devient trop ch\u00e8re pour une bonne partie de la population ? Apprendre \u00e0 nager, ce ne serait plus que pour les riches ?<\/p>\n<p>La ville de Strasbourg m\u00e8ne depuis un certain temps diff\u00e9rentes r\u00e9flexions quant au combat contre l\u2019exclusion sociale, \u00e0 juste titre identifi\u00e9e comme l\u2019une des causes de la radicalisation d\u2019une partie de la jeunesse. Sur la base de cette perspective, il est inconcevable de s\u2019attaquer ainsi aux biens communs, aux rares installations qui permettent d\u2019op\u00e9rer une int\u00e9gration sociale au lieu de faire le contraire.<\/p>\n<p>Il faut que ces Bains Municipaux restent la propri\u00e9t\u00e9 de tous les Strasbourgeois \u2013 vous pourrez signer une p\u00e9tition en ce sens sur le site du collectif et vous informer sur les diff\u00e9rentes manifestations que le collectif entend organiser. Vous y trouverez \u00e9galement des informations sur l\u2019histoire de ces Bains Municipaux. Heureusement qu\u2019il y a encore des citoyens et citoyennes engag\u00e9s qui s\u2019opposent \u00e0 ce que l\u2019argent finissent par dominer de la sorte le monde. Sauvons le Grand Etablissement Municipal de Bains !<\/p>\n<p class=\"meta post-meta\">\n","protected":false},"excerpt":{"rendered":"<p>Dans Eurojournalist, le quotidien franco-allemand du Rhin sup\u00e9rieur 29. Mai 2015 par Kai Littmann Les Bains Municipaux situ\u00e9s Boulevard de la Victoire \u00e0 Strasbourg, risquent d\u2019\u00eatre privatis\u00e9s. Le collectif \u00abLa Victoire Pour Tous\u00bb se d\u00e9fend contre ce plan de la ville.Les Bains Municipaux \u00e0 Strasbourg font partie du patrimoine culturel et social de la ville [&hellip;]<\/p>\n","protected":false},"author":296,"featured_media":0,"comment_status":"closed","ping_status":"closed","sticky":false,"template":"","format":"standard","meta":{"footnotes":""},"categories":[93],"tags":[190,139,101,191,122,189,138,134],"class_list":["post-703","post","type-post","status-publish","format-standard","hentry","category-revue-de-presse","tag-argent","tag-bains","tag-bains-municipaux","tag-bonheur","tag-collectif","tag-eurojournalist","tag-plan-piscine","tag-privatisation"],"_links":{"self":[{"href":"https:\/\/azqs.com\/lavictoirepourtous\/wp-json\/wp\/v2\/posts\/703"}],"collection":[{"href":"https:\/\/azqs.com\/lavictoirepourtous\/wp-json\/wp\/v2\/posts"}],"about":[{"href":"https:\/\/azqs.com\/lavictoirepourtous\/wp-json\/wp\/v2\/types\/post"}],"author":[{"embeddable":true,"href":"https:\/\/azqs.com\/lavictoirepourtous\/wp-json\/wp\/v2\/users\/296"}],"replies":[{"embeddable":true,"href":"https:\/\/azqs.com\/lavictoirepourtous\/wp-json\/wp\/v2\/comments?post=703"}],"version-history":[{"count":3,"href":"https:\/\/azqs.com\/lavictoirepourtous\/wp-json\/wp\/v2\/posts\/703\/revisions"}],"predecessor-version":[{"id":708,"href":"https:\/\/azqs.com\/lavictoirepourtous\/wp-json\/wp\/v2\/posts\/703\/revisions\/708"}],"wp:attachment":[{"href":"https:\/\/azqs.com\/lavictoirepourtous\/wp-json\/wp\/v2\/media?parent=703"}],"wp:term":[{"taxonomy":"category","embeddable":true,"href":"https:\/\/azqs.com\/lavictoirepourtous\/wp-json\/wp\/v2\/categories?post=703"},{"taxonomy":"post_tag","embeddable":true,"href":"https:\/\/azqs.com\/lavictoirepourtous\/wp-json\/wp\/v2\/tags?post=703"}],"curies":[{"name":"wp","href":"https:\/\/api.w.org\/{rel}","templated":true}]}}