{"id":697,"date":"2015-05-31T14:51:20","date_gmt":"2015-05-31T13:51:20","guid":{"rendered":"http:\/\/azqs.com\/lavictoirepourtous\/?p=697"},"modified":"2015-05-31T14:51:20","modified_gmt":"2015-05-31T13:51:20","slug":"regard-denfant","status":"publish","type":"post","link":"https:\/\/azqs.com\/lavictoirepourtous\/2015\/05\/31\/regard-denfant\/","title":{"rendered":"Regard d&rsquo;enfant&#8230;"},"content":{"rendered":"<h3><span style=\"color: #bf471f\"><strong><br \/>\nIsabelle Leroy nous a envoy\u00e9 ce texte :\u00a0<\/strong><\/span><\/h3>\n<p><span style=\"color: #000000\"><em><img loading=\"lazy\" decoding=\"async\" class=\"alignleft size-medium wp-image-698\" src=\"http:\/\/azqs.com\/lavictoirepourtous\/files\/2015\/05\/regard-denfant-211x300.jpg\" alt=\"\" width=\"211\" height=\"300\" srcset=\"https:\/\/azqs.com\/lavictoirepourtous\/files\/2015\/05\/regard-denfant-211x300.jpg 211w, https:\/\/azqs.com\/lavictoirepourtous\/files\/2015\/05\/regard-denfant.jpg 421w\" sizes=\"(max-width: 211px) 100vw, 211px\" \/>Je me souviens de la premi\u00e8re fois que j&rsquo;ai emmen\u00e9 mon petit gar\u00e7on \u00e0 la piscine de la Victoire.\u00a0 Il attendait ce moment de baignade promis avec beaucoup d&rsquo;impatience et en arrivant enfin dans le hall d&rsquo;entr\u00e9e, il m&rsquo;a regard\u00e9e, incr\u00e9dule : mais maman, tu t&rsquo;es tromp\u00e9e, ce n&rsquo;est pas une piscine mais une \u00e9glise, regarde, il y a m\u00eame une coupole&#8230;!<\/em><\/span><\/p>\n<p><span style=\"color: #000000\"><em>Une fois \u00e0 l&rsquo;int\u00e9rieur, il s&rsquo;est \u00e9merveill\u00e9 et amus\u00e9 des motifs \u00ab\u00a0r\u00e9tro\u00a0\u00bb, imitant les grimaces des lions qui crachent de l&rsquo;eau dans les bassins&#8230;<\/em><\/span><br \/>\n<span style=\"color: #000000\"><em>La piscine de la Victoire fait partie de nos souvenirs familiaux&#8230; \u00a0<\/em><\/span><\/p>\n<p><span style=\"color: #000000\"><em>Isabelle Leroy, 31 mai 2015<\/em><\/span><\/p>\n<blockquote><p>&nbsp;<\/p><\/blockquote>\n","protected":false},"excerpt":{"rendered":"<p>Isabelle Leroy nous a envoy\u00e9 ce texte :\u00a0 Je me souviens de la premi\u00e8re fois que j&rsquo;ai emmen\u00e9 mon petit gar\u00e7on \u00e0 la piscine de la Victoire.\u00a0 Il attendait ce moment de baignade promis avec beaucoup d&rsquo;impatience et en arrivant enfin dans le hall d&rsquo;entr\u00e9e, il m&rsquo;a regard\u00e9e, incr\u00e9dule : mais maman, tu t&rsquo;es tromp\u00e9e, [&hellip;]<\/p>\n","protected":false},"author":293,"featured_media":0,"comment_status":"closed","ping_status":"closed","sticky":false,"template":"","format":"standard","meta":{"footnotes":""},"categories":[182],"tags":[101,117,188],"class_list":["post-697","post","type-post","status-publish","format-standard","hentry","category-paroles-dusagers","tag-bains-municipaux","tag-piscine","tag-usagers"],"_links":{"self":[{"href":"https:\/\/azqs.com\/lavictoirepourtous\/wp-json\/wp\/v2\/posts\/697"}],"collection":[{"href":"https:\/\/azqs.com\/lavictoirepourtous\/wp-json\/wp\/v2\/posts"}],"about":[{"href":"https:\/\/azqs.com\/lavictoirepourtous\/wp-json\/wp\/v2\/types\/post"}],"author":[{"embeddable":true,"href":"https:\/\/azqs.com\/lavictoirepourtous\/wp-json\/wp\/v2\/users\/293"}],"replies":[{"embeddable":true,"href":"https:\/\/azqs.com\/lavictoirepourtous\/wp-json\/wp\/v2\/comments?post=697"}],"version-history":[{"count":3,"href":"https:\/\/azqs.com\/lavictoirepourtous\/wp-json\/wp\/v2\/posts\/697\/revisions"}],"predecessor-version":[{"id":701,"href":"https:\/\/azqs.com\/lavictoirepourtous\/wp-json\/wp\/v2\/posts\/697\/revisions\/701"}],"wp:attachment":[{"href":"https:\/\/azqs.com\/lavictoirepourtous\/wp-json\/wp\/v2\/media?parent=697"}],"wp:term":[{"taxonomy":"category","embeddable":true,"href":"https:\/\/azqs.com\/lavictoirepourtous\/wp-json\/wp\/v2\/categories?post=697"},{"taxonomy":"post_tag","embeddable":true,"href":"https:\/\/azqs.com\/lavictoirepourtous\/wp-json\/wp\/v2\/tags?post=697"}],"curies":[{"name":"wp","href":"https:\/\/api.w.org\/{rel}","templated":true}]}}