{"id":635,"date":"2015-05-29T23:18:29","date_gmt":"2015-05-29T22:18:29","guid":{"rendered":"http:\/\/azqs.com\/lavictoirepourtous\/?p=635"},"modified":"2015-05-30T10:33:57","modified_gmt":"2015-05-30T09:33:57","slug":"le-sauna-et-les-bains-romains-une-culture-et-une-tradition-tres-populaires","status":"publish","type":"post","link":"https:\/\/azqs.com\/lavictoirepourtous\/2015\/05\/29\/le-sauna-et-les-bains-romains-une-culture-et-une-tradition-tres-populaires\/","title":{"rendered":"Le sauna et les bains romains : une culture et une tradition tr\u00e8s populaires"},"content":{"rendered":"<p><strong><span style=\"color: #993366\"><em>Usagers des bains romains et du sauna, des membres du collectif La Victoire pour tous ont r\u00e9alis\u00e9 une s\u00e9rie de sondages sur la fr\u00e9quentation du sauna et des bains romains.\u00a0 En voici quelques r\u00e9sultats anonymis\u00e9s.<\/em><\/span><\/strong><\/p>\n<h3><span style=\"color: #3615a3\"><strong><a href=\"http:\/\/azqs.com\/lavictoirepourtous\/files\/2015\/05\/Sauna-bassin.jpg\"><img loading=\"lazy\" decoding=\"async\" class=\"alignleft size-thumbnail wp-image-640\" src=\"http:\/\/azqs.com\/lavictoirepourtous\/files\/2015\/05\/Sauna-bassin-150x150.jpg\" alt=\"Sauna bassin\" width=\"150\" height=\"150\" \/><\/a><\/strong><\/span><span style=\"color: #1888b8\"><strong>Au sauna Femmes des Bains municipaux, \u00a0un mardi apr\u00e8s-midi comme un autre\u2026<\/strong><\/span><\/h3>\n<p><strong>\u00a0<\/strong><\/p>\n<p>&nbsp;<\/p>\n<p><span style=\"color: #1c1c94\"><strong>Un mardi du mois de mars\u00a0: <\/strong><\/span><\/p>\n<p>A.B.: 57 ans, vient depuis 16 ans 1 \u00e0 2 fois par semaine, infirmi\u00e8re<br \/>\nC.D.: 63 ans, vient depuis 40 ans 1 fois par semaine, \u00e9ducatrice sp\u00e9cialis\u00e9e<br \/>\nE.F.: 53 ans, vient depuis 10 ans 1 fois par semaine, sans profession<br \/>\nG.H.: 75 ans, vient depuis 50 ans 1 fois par semaine, agent d\u2019entretien<br \/>\nI.J.: 67 ans, vient depuis 30 ans 1 fois par semaine, responsable administrative \u00e0 l\u2019universit\u00e9<br \/>\nK.L.: 45 ans, vient depuis 2 ans 1 fois par semaine, agent immobilier<br \/>\nM.N.: 69 ans, vient depuis 38 ans 2\u00a0fois par semaine, commis de cuisine<br \/>\nO.P.: 65 ans, vient depuis 30 ans 2 fois par semaine, ling\u00e8re de cr\u00e8che<br \/>\nR.S.: 69 ans, vient depuis 30 ans 2 fois par semaine, conseill\u00e8re d\u2019orientation<br \/>\nT.U.: 64 ans, vient depuis 20 ans 1 fois par semaine, agent immobilier<br \/>\nV.W.: 38 ans, vient depuis 1 an 1 \u00e0 2 fois par semaine, serveuse<br \/>\nX.Y:: 36 ans, vient pour la premi\u00e8re fois, en recherche de travail \u00e0 P\u00f4le Emploi<br \/>\nZ.A.: 22 ans, vient depuis 4 ans 1 \u00e0 2 fois par semaine, \u00e9tudiante<br \/>\nA.C.: 25 ans, vient depuis 1 an 1 fois par semaine, en recherche d\u2019emploi<br \/>\nB.C.: 19 ans, vient pour la premi\u00e8re fois, \u00e9tudiante<br \/>\nD.E.: 66 ans, vient depuis 10 ans 1 fois par semaine, universitaire<\/p>\n<p><span style=\"color: #1c1c94\"><strong>\u00a0 \u00a0 \u00a0 \u00a0 \u00a0 \u00a0 \u00a0 \u00a0 \u00a0 \u00a0 \u00a0 \u00a0 \u00a0 \u00a0 \u00a0 \u00a0 \u00a0 \u00a0 \u00a0 \u00a0 \u00a0 \u00a0 \u00a0 \u00a0 \u00a0 \u00a0 Un mardi d\u2019avril\u2026<\/strong><\/span><\/p>\n<p>C.F.: 62 ans, vient depuis 35 ans, 1 \u00e0 2 fois par semaine, relations publiques<br \/>\nF.H.: 37 ans, vient pour la premi\u00e8re fois, r\u00e9dactrice en chef de magazine<br \/>\nH.I.: 33 ans, vient pour la premi\u00e8re fois, fleuriste<br \/>\nG.J.: 57 ans, vient pour la premi\u00e8re fois, chef de projet<br \/>\nJ.K.: 24 ans, vient pour la premi\u00e8re fois, \u00e9tudiante<br \/>\nK.N.: 67 ans, vient depuis 20 ans, 2 fois par semaine, n\u00e9gociatrice<br \/>\nP.R.: 54 ans, vient depuis 25 ans, 1 fois par semaine, professeur<br \/>\nU.W.: 38 ans, vient 1 fois par mois, enseignante<br \/>\nY.V.: 72 ans, vient depuis 40 ans 2\u00a0fois par semaine, artiste<br \/>\nB.E.: 62 ans, vient depuis 40 ans, 2 fois par semaine, professeur<br \/>\nN.T.: 59 ans, vient depuis 40 ans 1 \u00e0 2 fois par semaine, anesth\u00e9siste<br \/>\nT.A.: 55 ans, vient depuis 37 ans 1 fois par semaine, employ\u00e9e<br \/>\nB.T.: 44 ans, vient depuis 24 ans 2 fois par mois, assistante m\u00e9dicale<br \/>\nB.H.: 52 ans, vient depuis 10 ans 2 fois par mois, technicienne administrative<br \/>\nF.Z : 62 ans, vient depuis 10 ans 1 fois par mois, femme de m\u00e9nage<\/p>\n<blockquote><p><em><span style=\"color: #000000\">Toutes ces personnes ont accept\u00e9 sans r\u00e9ticence de fournir ces renseignements pour d\u00e9fendre le service public du sauna. Depuis, d\u2019autres anciennes et d\u2019autres nouvelles sont venues mais le sondage n\u2019a pas besoin d\u2019\u00eatre \u00e9largi, il est significatif en soi.<\/span><\/em><\/p>\n<p><em><span style=\"color: #000000\">Il ressort de cette courte enqu\u00eate que tous les \u00e2ges sont repr\u00e9sent\u00e9s, de 20 ans \u00e0 72 ans, que la fid\u00e9lit\u00e9 au sauna est massive\u00a0: parfois 40 ans, c\u2019est-\u00e0-dire d\u00e8s la prime jeunesse\u00a0! Sur 30 personnes interrog\u00e9es, on trouve 24 professions diff\u00e9rentes\u00a0: de l\u2019\u00e9tudiante au m\u00e9decin, en passant par la ling\u00e8re, la cuisini\u00e8re, l\u2019employ\u00e9e, l\u2019artiste ou l\u2019enseignante.<\/span><\/em><\/p>\n<p><em><span style=\"color: #000000\">La r\u00e9gularit\u00e9 de la pr\u00e9sence hebdomadaire semble sans failles l\u2019hiver. Toutes viennent une \u00e0 deux fois par semaine, pour une dur\u00e9e de quelques heures.<\/span><\/em><\/p>\n<p><em><span style=\"color: #000000\">Les habitu\u00e9es de longue date qui viennent de banlieue en tram disent ne pas avoir compris pourquoi le sauna de Schiltigheim a \u00e9t\u00e9 ferm\u00e9 et reste inutilis\u00e9. Elles regrettent le gaspillage engendr\u00e9 par les robinets qui fuient, les peintures qui s\u2019\u00e9caillent le long des tuyaux d\u2019eau chaude. Elles appr\u00e9cient les efforts du personnel pour maintenir \u00e0 tout prix l\u2019agr\u00e9ment des lieux. Toutes s\u2019accordent \u00e0 dire qu\u2019elles ne pourront plus se payer un sauna \u00e0 40 euros et qu\u2019elles tiennent \u00e0 ce que soient pr\u00e9serv\u00e9es les s\u00e9ances femmes et la nudit\u00e9.<\/span><\/em><\/p>\n<p><em><span style=\"color: #000000\">Si le sauna de la Victoire est privatis\u00e9, il n\u2019y aura plus d\u2019\u00e9tablissement public \u00e0 Strasbourg. Leur faudra-t-il aller \u00e0 Colmar, \u00e0 Ribeauvill\u00e9 ou encore \u00e0 Mulhouse pour trouver l\u2019\u00e9quivalent?<\/span><\/em><\/p><\/blockquote>\n<p>&nbsp;<\/p>\n<h3><span style=\"color: #1c1c94\"><strong><a href=\"http:\/\/azqs.com\/lavictoirepourtous\/files\/2015\/05\/Bains-Romains-bassin-chaud.jpg\"><img loading=\"lazy\" decoding=\"async\" class=\"alignleft size-thumbnail wp-image-638\" src=\"http:\/\/azqs.com\/lavictoirepourtous\/files\/2015\/05\/Bains-Romains-bassin-chaud-150x150.jpg\" alt=\"Bains Romains bassin chaud\" width=\"150\" height=\"150\" \/><\/a><span style=\"color: #1888b8\">Un dimanche matin d\u2019avril au bain romain mixte\u2026<\/span><\/strong><\/span><\/h3>\n<p>&nbsp;<\/p>\n<p>Usager habituel des Bains Romains, un membre du Collectif a discut\u00e9 ce jour-l\u00e0 avec\u00a0:<\/p>\n<p>&#8211; un architecte, retrait\u00e9<br \/>\n&#8211; une enseignante, retrait\u00e9e<br \/>\n&#8211; une intermittente du spectacle, en activit\u00e9<br \/>\n&#8211; une maquilleuse, en activit\u00e9<br \/>\n&#8211; un fonctionnaire CUS (culture), retrait\u00e9<br \/>\n&#8211; un fonctionnaire CUS (finances), retrait\u00e9<br \/>\n&#8211; un fonctionnaire CUS, en activit\u00e9<br \/>\n&#8211; un ouvrier dans une entreprise de transport, retrait\u00e9<br \/>\n&#8211; un ouvrier, en activit\u00e9<br \/>\n&#8211; une jeune femme, en stage de formation<br \/>\n&#8211; un ouvrier, de Schiltigheim<br \/>\n&#8211; un ouvrier, d\u2019Entzheim, en activit\u00e9<br \/>\n&#8211; un \u00e9lectricien, chef d\u2019\u00e9quipe, en activit\u00e9<br \/>\n&#8211; un architecte, au ch\u00f4mage<br \/>\n&#8211; un cadre de la fonction publique territoriale, retrait\u00e9<\/p>\n<blockquote><p><span style=\"color: #000000\"><em>Souvent, en fin de matin\u00e9e, arrivent des groupes de jeunes gens qui semblent \u00eatre des \u00e9tudiants. Ce ne sont pas des utilisateurs r\u00e9guliers mais ils sont nombreux. Les habitu\u00e9s font remarquer que 15 euros, prix d\u2019entr\u00e9e du sauna ou du bain romain de Strasbourg, est un tarif relativement \u00e9lev\u00e9, compar\u00e9 aux 18 euros de Caracalla (6 saunas diff\u00e9rents, des massages par jets sous l\u2019eau, diff\u00e9rentes piscines, des infrarouges, des salles de repos, une promenade ext\u00e9rieure\u2026)<\/em><\/span><\/p>\n<p><span style=\"color: #000000\"><em>Au bain\u00a0 romain comme au sauna, on constate que ce ne sont pas des bobos qui fr\u00e9quentent les bains. Il y a l\u00e0 un lieu de non-s\u00e9gr\u00e9gation sociale, de vivre ensemble. Ce sont des personnes qui appr\u00e9cient les bienfaits de l\u2019eau, qu\u2019elles y aient \u00e9t\u00e9 amen\u00e9es par leur culture alsacienne ou qu\u2019elles aient \u00e9t\u00e9 s\u00e9duites par les \u00e9quipements strasbourgeois. Pour toutes, le patrimoine a un sens concret quand elles franchissent le seuil de l\u2019\u00e9tablissement de la Victoire.<\/em><\/span><\/p><\/blockquote>\n","protected":false},"excerpt":{"rendered":"<p>Usagers des bains romains et du sauna, des membres du collectif La Victoire pour tous ont r\u00e9alis\u00e9 une s\u00e9rie de sondages sur la fr\u00e9quentation du sauna et des bains romains.\u00a0 En voici quelques r\u00e9sultats anonymis\u00e9s. Au sauna Femmes des Bains municipaux, \u00a0un mardi apr\u00e8s-midi comme un autre\u2026 \u00a0 &nbsp; Un mardi du mois de mars\u00a0: [&hellip;]<\/p>\n","protected":false},"author":293,"featured_media":0,"comment_status":"closed","ping_status":"closed","sticky":false,"template":"","format":"standard","meta":{"footnotes":""},"categories":[182],"tags":[101,185,122,186],"class_list":["post-635","post","type-post","status-publish","format-standard","hentry","category-paroles-dusagers","tag-bains-municipaux","tag-bains-romains","tag-collectif","tag-sauna"],"_links":{"self":[{"href":"https:\/\/azqs.com\/lavictoirepourtous\/wp-json\/wp\/v2\/posts\/635"}],"collection":[{"href":"https:\/\/azqs.com\/lavictoirepourtous\/wp-json\/wp\/v2\/posts"}],"about":[{"href":"https:\/\/azqs.com\/lavictoirepourtous\/wp-json\/wp\/v2\/types\/post"}],"author":[{"embeddable":true,"href":"https:\/\/azqs.com\/lavictoirepourtous\/wp-json\/wp\/v2\/users\/293"}],"replies":[{"embeddable":true,"href":"https:\/\/azqs.com\/lavictoirepourtous\/wp-json\/wp\/v2\/comments?post=635"}],"version-history":[{"count":20,"href":"https:\/\/azqs.com\/lavictoirepourtous\/wp-json\/wp\/v2\/posts\/635\/revisions"}],"predecessor-version":[{"id":673,"href":"https:\/\/azqs.com\/lavictoirepourtous\/wp-json\/wp\/v2\/posts\/635\/revisions\/673"}],"wp:attachment":[{"href":"https:\/\/azqs.com\/lavictoirepourtous\/wp-json\/wp\/v2\/media?parent=635"}],"wp:term":[{"taxonomy":"category","embeddable":true,"href":"https:\/\/azqs.com\/lavictoirepourtous\/wp-json\/wp\/v2\/categories?post=635"},{"taxonomy":"post_tag","embeddable":true,"href":"https:\/\/azqs.com\/lavictoirepourtous\/wp-json\/wp\/v2\/tags?post=635"}],"curies":[{"name":"wp","href":"https:\/\/api.w.org\/{rel}","templated":true}]}}