{"id":473,"date":"2015-05-21T14:03:50","date_gmt":"2015-05-21T13:03:50","guid":{"rendered":"http:\/\/azqs.com\/lavictoirepourtous\/?p=473"},"modified":"2015-05-21T14:11:14","modified_gmt":"2015-05-21T13:11:14","slug":"dna-la-victoire-pour-tous-permanence-apero-aujourdhui-21052015","status":"publish","type":"post","link":"https:\/\/azqs.com\/lavictoirepourtous\/2015\/05\/21\/dna-la-victoire-pour-tous-permanence-apero-aujourdhui-21052015\/","title":{"rendered":"DNA &#8211; La Victoire pour tous : permanence-ap\u00e9ro aujourd\u2019hui &#8211; 21\/05\/2015"},"content":{"rendered":"<p><strong><span style=\"color: #ff0000\">Pour voir l&rsquo;article dans les DNA, suivez\u00a0le lien :<\/span><\/strong>\u00a0<span style=\"color: #0000ff\"><strong><a style=\"color: #0000ff\" href=\"http:\/\/azqs.com\/lavictoirepourtous\/files\/2015\/05\/Strasbourg-Bains-municipaux.pdf\">Ap\u00e9ro-permanence La Victoire Pour Tous<\/a><\/strong><\/span><\/p>\n<h4><b>VITE DIT<\/b><\/h4>\n<h2><b>Bains municipaux<\/b><\/h2>\n<h2><b>La Victoire pour tous : permanence-ap\u00e9ro aujourd\u2019hui<\/b><\/h2>\n<p style=\"text-align: justify\">Le collectif \u00ab la Victoire pour tous \u00bb ne baisse pas la garde et invite \u00e0 un nouvel ap\u00e9ro sur les\u00a0marches des bains municipaux aujourd\u2019hui \u00e0 18 h 30. Le premier s\u2019est tenu le 7 mai, il y en aura\u00a0d\u00e9sormais un tous les jeudis ouvrables, de 18 h 30 \u00e0 19 h 30. Le mot d\u2019ordre reste : \u00ab Non \u00e0 la privatisation \u00bb des bains municipaux. Ces ap\u00e9ros voulus conviviaux sont l\u2019occasion d\u2019\u00e9changer sur\u00a0l\u2019avanc\u00e9e du projet ainsi\u00a0 que sur la n\u00e9cessit\u00e9 de rester mobilis\u00e9, formule l\u2019invitation. Les\u00a0participants peuvent apporter quelque chose \u00e0 boire et \u00e0 grignoter. La p\u00e9tition mise en ligne par le\u00a0collectif, qui s\u2019est cr\u00e9\u00e9 un site internet (www.lavictoirepourtous.org), en est \u00e0 pr\u00e8s de 3 800\u00a0signatures.<\/p>\n<div><\/div>\n","protected":false},"excerpt":{"rendered":"<p>Pour voir l&rsquo;article dans les DNA, suivez\u00a0le lien :\u00a0Ap\u00e9ro-permanence La Victoire Pour Tous VITE DIT Bains municipaux La Victoire pour tous : permanence-ap\u00e9ro aujourd\u2019hui Le collectif \u00ab la Victoire pour tous \u00bb ne baisse pas la garde et invite \u00e0 un nouvel ap\u00e9ro sur les\u00a0marches des bains municipaux aujourd\u2019hui \u00e0 18 h 30. Le premier [&hellip;]<\/p>\n","protected":false},"author":293,"featured_media":0,"comment_status":"closed","ping_status":"closed","sticky":false,"template":"","format":"standard","meta":{"footnotes":""},"categories":[100,93],"tags":[107,101,95,110,134],"class_list":["post-473","post","type-post","status-publish","format-standard","hentry","category-actualite","category-revue-de-presse","tag-apero","tag-bains-municipaux","tag-dna","tag-petition","tag-privatisation"],"_links":{"self":[{"href":"https:\/\/azqs.com\/lavictoirepourtous\/wp-json\/wp\/v2\/posts\/473"}],"collection":[{"href":"https:\/\/azqs.com\/lavictoirepourtous\/wp-json\/wp\/v2\/posts"}],"about":[{"href":"https:\/\/azqs.com\/lavictoirepourtous\/wp-json\/wp\/v2\/types\/post"}],"author":[{"embeddable":true,"href":"https:\/\/azqs.com\/lavictoirepourtous\/wp-json\/wp\/v2\/users\/293"}],"replies":[{"embeddable":true,"href":"https:\/\/azqs.com\/lavictoirepourtous\/wp-json\/wp\/v2\/comments?post=473"}],"version-history":[{"count":5,"href":"https:\/\/azqs.com\/lavictoirepourtous\/wp-json\/wp\/v2\/posts\/473\/revisions"}],"predecessor-version":[{"id":479,"href":"https:\/\/azqs.com\/lavictoirepourtous\/wp-json\/wp\/v2\/posts\/473\/revisions\/479"}],"wp:attachment":[{"href":"https:\/\/azqs.com\/lavictoirepourtous\/wp-json\/wp\/v2\/media?parent=473"}],"wp:term":[{"taxonomy":"category","embeddable":true,"href":"https:\/\/azqs.com\/lavictoirepourtous\/wp-json\/wp\/v2\/categories?post=473"},{"taxonomy":"post_tag","embeddable":true,"href":"https:\/\/azqs.com\/lavictoirepourtous\/wp-json\/wp\/v2\/tags?post=473"}],"curies":[{"name":"wp","href":"https:\/\/api.w.org\/{rel}","templated":true}]}}