{"id":448,"date":"2015-05-19T13:26:29","date_gmt":"2015-05-19T12:26:29","guid":{"rendered":"http:\/\/azqs.com\/lavictoirepourtous\/?p=448"},"modified":"2015-05-26T10:54:52","modified_gmt":"2015-05-26T09:54:52","slug":"les-bains-au-conseil-municipal-18-mai-2015","status":"publish","type":"post","link":"https:\/\/azqs.com\/lavictoirepourtous\/2015\/05\/19\/les-bains-au-conseil-municipal-18-mai-2015\/","title":{"rendered":"Les Bains au Conseil Municipal &#8211; 18 mai 2015"},"content":{"rendered":"<p><strong><span style=\"color: #ff0000\"><em>Lundi, le 18 mai 2015, Jean-Philippe Vetter aura invit\u00e9 une fois de plus les Bains au Conseil Municipal.\u00a0Voici le texte de son interpellation.<\/em><\/span><\/strong><\/p>\n<p><strong><span style=\"color: #ff0000\"><em>Cependant nous vous invitons vivement \u00e0 regarder la vid\u00e9o de\u00a0cette interpellation\u00a0et du d\u00e9bat qui l\u2019a suivi\u00a0: 15 minutes, mais assez pour se rendre compte de la g\u00eane caus\u00e9e par le sujet dans cette assembl\u00e9e. Les excellents arguments de l\u2019\u00e9lu de l\u2019opposition n\u2019ont malheureusement pas retrouv\u00e9 d\u2019\u00e9cho aupr\u00e8s de certains membres de la majorit\u00e9, ceux qui en 2010\/2011 manifestaient clairement leur opposition \u00e0 la privatisation des Bains Municipaux.<\/em><\/span><\/strong><\/p>\n<p><strong><span style=\"color: #ff0000\"><em>Silence vraiment assourdissant\u2026\u00a0comme l&rsquo;a tr\u00e8s bien signifi\u00e9 Vetter!\u00a0<\/em><\/span><\/strong><\/p>\n<p><strong><span style=\"color: #0000ff\"><span style=\"color: #000000\">Pour regarder la vid\u00e9o, cliquez sur ce lien :<\/span>\u00a0<a style=\"color: #0000ff\" href=\"http:\/\/strasbourg.creacast.tv\/vod.php?sub=2015-05-18&amp;id=3041\">CM 18 mai 2015 &#8211; interpellation J.P. Vetter<\/a><\/span><\/strong><\/p>\n<p>&nbsp;<\/p>\n<blockquote>\n<p style=\"text-align: center\"><strong>CONSEIL MUNICIPAL DU 18 MAI 2015<\/strong><\/p>\n<p style=\"text-align: center\"><strong>Interpellation de Monsieur Jean-Philippe VETTER\u00a0: L\u2019avenir des Bains Municipaux doit \u00eatre d\u00e9cid\u00e9 d\u00e9mocratiquement.<\/strong><\/p>\n<p style=\"text-align: center\"><strong>\u00a0<\/strong><strong>GROUPE STRASBOURG A VOS COTES \u2013 UMP, MODEM ET SOCIETE CIVILE <\/strong><\/p>\n<p>Monsieur le Maire,<\/p>\n<p>Apr\u00e8s mon interpellation lors du Conseil municipal du 23 mars 2015 et la mobilisation du collectif \u00ab\u00a0La Victoire pour tous\u00a0\u00bb, la question de l\u2019avenir des Bains Municipaux est d\u00e9sormais en d\u00e9bat.<\/p>\n<p>Ce d\u00e9bat pourrait malheureusement ne pas avoir lieu dans cette enceinte jusqu\u2019au bout car vous avez \u00e9mis le souhait de confier l\u2019avenir des Bains Municipaux \u00e0 la SPL Deux-rives. Cette proc\u00e9dure vous permet de ne plus avoir \u00e0 recourir au Conseil municipal pour acter en bonne et due forme \u00a0l\u2019\u00e9ventuelle privatisation d\u2019une partie des bains municipaux.<\/p>\n<p>Pourtant, si en mars 2014, plusieurs dizaines de milliers de Strasbourgeois se sont rendus aux urnes pour voter et \u00e9lire leurs conseillers municipaux, c\u2019est pour que les sujets importants pour notre ville puissent \u00eatre d\u00e9battus d\u00e9mocratiquement. L\u2019avenir des Bains Municipaux, joyau architectural au c\u0153ur de la Neustadt en est un.<\/p>\n<p>Le d\u00e9bat est d\u2019autant plus important au sein du Conseil municipal que les perspectives qui se dessinent pour les Bains Municipaux semblent bien floues. Chaque jour dans la presse, nous apprenons de nouvelles hypoth\u00e8ses comme par exemple celle \u00e9voquant un h\u00f4tel de luxe, que votre adjoint Olivier Bitz ne r\u00e9cuse d\u2019ailleurs pas.<\/p>\n<p>Monsieur le Maire, afin que le d\u00e9bat puisse se poursuivre sereinement et de mani\u00e8re d\u00e9mocratique et ouverte au sein du Conseil municipal, je vous propose de renoncer \u00e0 confier l\u2019avenir des Bains Municipaux \u00e0 la SPL Deux-Rives.<\/p>\n<p>Je vous remercie.<\/p><\/blockquote>\n<p>&nbsp;<\/p>\n","protected":false},"excerpt":{"rendered":"<p>Lundi, le 18 mai 2015, Jean-Philippe Vetter aura invit\u00e9 une fois de plus les Bains au Conseil Municipal.\u00a0Voici le texte de son interpellation. Cependant nous vous invitons vivement \u00e0 regarder la vid\u00e9o de\u00a0cette interpellation\u00a0et du d\u00e9bat qui l\u2019a suivi\u00a0: 15 minutes, mais assez pour se rendre compte de la g\u00eane caus\u00e9e par le sujet dans [&hellip;]<\/p>\n","protected":false},"author":293,"featured_media":0,"comment_status":"closed","ping_status":"closed","sticky":false,"template":"","format":"standard","meta":{"footnotes":""},"categories":[100,93],"tags":[101,102,122,109,175,134,108,113],"class_list":["post-448","post","type-post","status-publish","format-standard","hentry","category-actualite","category-revue-de-presse","tag-bains-municipaux","tag-bitz","tag-collectif","tag-conseil-municipal","tag-jean-philippe-vetter","tag-privatisation","tag-spl","tag-strasbourg"],"_links":{"self":[{"href":"https:\/\/azqs.com\/lavictoirepourtous\/wp-json\/wp\/v2\/posts\/448"}],"collection":[{"href":"https:\/\/azqs.com\/lavictoirepourtous\/wp-json\/wp\/v2\/posts"}],"about":[{"href":"https:\/\/azqs.com\/lavictoirepourtous\/wp-json\/wp\/v2\/types\/post"}],"author":[{"embeddable":true,"href":"https:\/\/azqs.com\/lavictoirepourtous\/wp-json\/wp\/v2\/users\/293"}],"replies":[{"embeddable":true,"href":"https:\/\/azqs.com\/lavictoirepourtous\/wp-json\/wp\/v2\/comments?post=448"}],"version-history":[{"count":4,"href":"https:\/\/azqs.com\/lavictoirepourtous\/wp-json\/wp\/v2\/posts\/448\/revisions"}],"predecessor-version":[{"id":599,"href":"https:\/\/azqs.com\/lavictoirepourtous\/wp-json\/wp\/v2\/posts\/448\/revisions\/599"}],"wp:attachment":[{"href":"https:\/\/azqs.com\/lavictoirepourtous\/wp-json\/wp\/v2\/media?parent=448"}],"wp:term":[{"taxonomy":"category","embeddable":true,"href":"https:\/\/azqs.com\/lavictoirepourtous\/wp-json\/wp\/v2\/categories?post=448"},{"taxonomy":"post_tag","embeddable":true,"href":"https:\/\/azqs.com\/lavictoirepourtous\/wp-json\/wp\/v2\/tags?post=448"}],"curies":[{"name":"wp","href":"https:\/\/api.w.org\/{rel}","templated":true}]}}