{"id":297,"date":"2015-05-01T12:25:15","date_gmt":"2015-05-01T11:25:15","guid":{"rendered":"http:\/\/azqs.com\/lavictoirepourtous\/?p=297"},"modified":"2015-05-18T13:07:41","modified_gmt":"2015-05-18T12:07:41","slug":"communique-de-presse-du-collectif-la-victoire-pour-tous-01052015","status":"publish","type":"post","link":"https:\/\/azqs.com\/lavictoirepourtous\/2015\/05\/01\/communique-de-presse-du-collectif-la-victoire-pour-tous-01052015\/","title":{"rendered":"Communiqu\u00e9 de presse du collectif &#8211; 01\/05\/2015"},"content":{"rendered":"<h2 style=\"text-align: center\"><strong><a href=\"http:\/\/azqs.com\/lavictoirepourtous\/files\/2015\/05\/Collectif-1er-Mai.jpg\"><img loading=\"lazy\" decoding=\"async\" class=\" size-thumbnail wp-image-303 aligncenter\" src=\"http:\/\/azqs.com\/lavictoirepourtous\/files\/2015\/05\/Collectif-1er-Mai-150x150.jpg\" alt=\"Collectif 1er Mai\" width=\"150\" height=\"150\" \/><\/a>Renovation des Bains Municipaux :<\/strong><\/h2>\n<h1 style=\"text-align: center\"><strong>La privatisation pour tout horizon ?\u00a0<\/strong><\/h1>\n<p style=\"text-align: justify\">Le collectif LA VICTOIRE POUR TOUS a r\u00e9pondu, samedi dernier, \u00e0 l\u2019invitation de Olivier Bitz, qui se pr\u00e9sente comme \u00e9tant \u00e0 la t\u00eate d&rsquo;un comit\u00e9 de pilotage du projet de r\u00e9novation des Bains Municipaux, sous l&rsquo;autorit\u00e9 du maire.<\/p>\n<p style=\"text-align: justify\">Nous avons pr\u00e9cis\u00e9 \u00e0 l&rsquo;adjoint que cette rencontre devrait \u00eatre pour nous l&rsquo;occasion d&rsquo;en savoir plus sur l&rsquo;\u00e9tat d&rsquo;avancement de ce dossier et notamment que nous soit pr\u00e9sent\u00e9 le sc\u00e9nario envisag\u00e9 par la municipalit\u00e9 pour ce projet. Nous savons en effet qu\u2019une \u00e9tude vient d\u2019\u00eatre attribu\u00e9e \u00e0 un architecte strasbourgeois\u00a0: un diagnostic architectural, patrimonial et urbain, dont le cahier de clauses techniques particuli\u00e8res fait \u00e9tat, clairement et \u00e0 plusieurs reprises, d\u2019un \u00ab\u00a0sc\u00e9nario envisag\u00e9 par la ma\u00eetrise d\u2019ouvrage\u00a0\u00bb (la Ville), sc\u00e9nario que cette \u00e9tude devrait valider, voire enrichir, afin de d\u00e9finir le cahier des charges.<\/p>\n<p style=\"text-align: justify\">Or, lors de cet entretien, m\u00eame confront\u00e9s \u00e0 ce document officiel, l&rsquo;adjoint, tout comme le chef du service concern\u00e9, Fr\u00e9d\u00e9ric Thommen (directeur de la construction) ont syst\u00e9matiquement ni\u00e9 l\u2019existence d\u2019un quelconque sc\u00e9nario pr\u00e9alablement envisag\u00e9.<\/p>\n<p style=\"text-align: justify\">Premier constat : ou bien le document officiel est fautif, ce qui est assez pr\u00e9occupant ; ou bien l&rsquo;on nous cache la v\u00e9rit\u00e9, ce qui est encore plus pr\u00e9occupant !<\/p>\n<p style=\"text-align: justify\"><strong><em>C&rsquo;est l\u00e0 que g\u00eet le li\u00e8vre<\/em><\/strong><\/p>\n<p style=\"text-align: justify\">L\u2019adjoint au maire nous a aussi confirm\u00e9 la d\u00e9cision, d\u00e9j\u00e0 annonc\u00e9e par le maire, de confier le dossier Bains Municipaux \u00e0 la <em>SPL Deux Rives<\/em>, tout en nous expliquant longuement qu\u2019il ne faut pas penser \u00ab\u00a0privatisation\u00a0\u00bb, que le projet sera totalement g\u00e9r\u00e9 par des instances publiques, que la <em>SPL Deux Rives<\/em> est une structure 100% publique, dont le pr\u00e9sident est le maire, Roland Ries. Nous lui avons fait remarquer qu\u2019il existe une autre structure 100 % publique et \u00e9galement pr\u00e9sid\u00e9e par le maire\u00a0: la Ville de Strasbourg.<\/p>\n<p style=\"text-align: justify\">Or, des dizaines de projets de r\u00e9novation ont \u00e9t\u00e9 conduits r\u00e9cemment \u00e0 Strasbourg, dont tous ceux relatifs au Plan Piscine, plus la BNU, le Palais de F\u00eates, le Palais des Congr\u00e8s&#8230; sans que le besoin d\u2019externaliser se soit pos\u00e9. Quelle est donc la sp\u00e9cificit\u00e9 des Bains Municipaux, pour que l\u2019on d\u00e9cide d&rsquo;externaliser le projet, en faisant appel \u00e0 une SPL qui n\u2019a d\u2019ailleurs aucune relation, ni g\u00e9ographique ni fonctionnelle avec cet \u00e9quipement\u00a0?<\/p>\n<p style=\"text-align: justify\">Une SPL est une soci\u00e9t\u00e9 de droit priv\u00e9, qui peut \u00eatre constitu\u00e9e \u00e0 100% de capitaux publics au d\u00e9part mais qui \u00e9chappe aux r\u00e8gles des march\u00e9s publics, qui peut choisir un promoteur, une forme de gestion, etc&#8230; \u00e0 sa guise, sans avoir de compte \u00e0 rendre ni au conseil municipal, ni aux citoyens. De plus, la <em>SPL Deux Rives<\/em> d\u00e9pend \u00e0 80% de l&rsquo;Eurom\u00e9tropole, dont nous connaissons l&rsquo;opacit\u00e9 des instances de d\u00e9cision.<\/p>\n<p style=\"text-align: justify\">Alors, dans le cas de la r\u00e9novation de nos Bains Municipaux, pourquoi faire appel \u00e0 la <em>SPL Deux Rives<\/em>, qui soit dit en passant n&rsquo;a pas du tout \u00e9t\u00e9 cr\u00e9\u00e9e pour cela, sinon pour sortir du d\u00e9bat public et privatiser\u00a0?<\/p>\n<p style=\"text-align: justify\">Une nouvelle invitation nous est arriv\u00e9e, que nous d\u00e9clinons, faute d&rsquo;avoir obtenu un minimum de r\u00e9ponses \u00e0 nos questions. Notamment : qu&rsquo;en est-il de ce \u00ab\u00a0sc\u00e9nario\u00a0\u00bb, privil\u00e9gi\u00e9 ou retenu, mentionn\u00e9 dans le dernier appel d&rsquo;offre ? Car il est temps que vous en informiez les citoyens. Et, si tel sc\u00e9nario n&rsquo;existe pas encore, qui l&rsquo;\u00e9crira : la Ville, l&rsquo;Eurom\u00e9tropole, les citoyens, la SPL&#8230; ou un autre organisme priv\u00e9 ???<\/p>\n<p style=\"text-align: justify\">Selon l&rsquo;adjoint, une d\u00e9lib\u00e9ration en Conseil Municipal ne doit pas tarder &#8211; <em>\u00ab\u00a0avant l&rsquo;\u00e9t\u00e9\u00a0\u00bb (sic)<\/em> &#8211; qui confiera le projet de r\u00e9novation des Bains \u00e0 la <em>SPL Deux Rives<\/em>. Nous consid\u00e9rons qu&rsquo;il y a donc urgence et invitons les Strasbourgeois \u00e0 se mobiliser pour que nos Bains municipaux restent accessibles \u00e0 tous.<\/p>\n<p style=\"text-align: justify\">Dans la p\u00e9tition qui circule et que nous vous invitons \u00e0 signer, nous demandons \u00e0 Monsieur le Maire de <strong><em>renoncer \u00e0 toute action ou proc\u00e9dure qui dessaisirait la Ville de Strasbourg de ce dossier et qui conduirait \u00e0 une privatisation partielle ou totale des Bains Municipaux.\u00a0<\/em><\/strong><\/p>\n<p style=\"text-align: justify\">A propos, nous vous informons que, malgr\u00e9 notre demande, relanc\u00e9e plusieurs fois, la municipalit\u00e9 qui nous invite \u00e0 un pr\u00e9tendu dialogue, ne nous a toujours pas accord\u00e9 l&rsquo;autorisation d&rsquo;afficher et de d\u00e9poser notre p\u00e9tition dans les locaux des Bains Municipaux. Soucieuse de participation citoyenne et si\u00e8ge du Forum Mondial de la D\u00e9mocratie, la Ville de Strasbourg avait pourtant accord\u00e9e cette autorisation \u00e0 l&rsquo;association de quartier qui se battait, en 2010, justement, contre la privatisation des Bains Municipaux.<\/p>\n<p><strong>Collectif LA VICTOIRE POUR TOUS<\/strong><\/p>\n<p>Contact\u00a0: <a href=\"mailto:bm.lavictoirepourtous@gmail.com\">bm.lavictoirepourtous@gmail.com<\/a><\/p>\n<p>La p\u00e9tition\u00a0: <span style=\"color: #0000ff\"><strong><a style=\"color: #0000ff\" href=\"http:\/\/www.mesopinions.com\/petition\/social\/defendons-bains-municipaux-strasbourg\/14152\">www.mesopinions.com\/petition\/defendons-bains-municipaux-strasbourg<\/a><\/strong><\/span><\/p>\n","protected":false},"excerpt":{"rendered":"<p>Renovation des Bains Municipaux : La privatisation pour tout horizon ?\u00a0 Le collectif LA VICTOIRE POUR TOUS a r\u00e9pondu, samedi dernier, \u00e0 l\u2019invitation de Olivier Bitz, qui se pr\u00e9sente comme \u00e9tant \u00e0 la t\u00eate d&rsquo;un comit\u00e9 de pilotage du projet de r\u00e9novation des Bains Municipaux, sous l&rsquo;autorit\u00e9 du maire. Nous avons pr\u00e9cis\u00e9 \u00e0 l&rsquo;adjoint que [&hellip;]<\/p>\n","protected":false},"author":293,"featured_media":0,"comment_status":"closed","ping_status":"closed","sticky":false,"template":"","format":"standard","meta":{"footnotes":""},"categories":[100,94],"tags":[101,102,122,109,110,134,108],"class_list":["post-297","post","type-post","status-publish","format-standard","hentry","category-actualite","category-communique","tag-bains-municipaux","tag-bitz","tag-collectif","tag-conseil-municipal","tag-petition","tag-privatisation","tag-spl"],"_links":{"self":[{"href":"https:\/\/azqs.com\/lavictoirepourtous\/wp-json\/wp\/v2\/posts\/297"}],"collection":[{"href":"https:\/\/azqs.com\/lavictoirepourtous\/wp-json\/wp\/v2\/posts"}],"about":[{"href":"https:\/\/azqs.com\/lavictoirepourtous\/wp-json\/wp\/v2\/types\/post"}],"author":[{"embeddable":true,"href":"https:\/\/azqs.com\/lavictoirepourtous\/wp-json\/wp\/v2\/users\/293"}],"replies":[{"embeddable":true,"href":"https:\/\/azqs.com\/lavictoirepourtous\/wp-json\/wp\/v2\/comments?post=297"}],"version-history":[{"count":12,"href":"https:\/\/azqs.com\/lavictoirepourtous\/wp-json\/wp\/v2\/posts\/297\/revisions"}],"predecessor-version":[{"id":314,"href":"https:\/\/azqs.com\/lavictoirepourtous\/wp-json\/wp\/v2\/posts\/297\/revisions\/314"}],"wp:attachment":[{"href":"https:\/\/azqs.com\/lavictoirepourtous\/wp-json\/wp\/v2\/media?parent=297"}],"wp:term":[{"taxonomy":"category","embeddable":true,"href":"https:\/\/azqs.com\/lavictoirepourtous\/wp-json\/wp\/v2\/categories?post=297"},{"taxonomy":"post_tag","embeddable":true,"href":"https:\/\/azqs.com\/lavictoirepourtous\/wp-json\/wp\/v2\/tags?post=297"}],"curies":[{"name":"wp","href":"https:\/\/api.w.org\/{rel}","templated":true}]}}