{"id":263,"date":"2015-05-07T21:32:28","date_gmt":"2015-05-07T20:32:28","guid":{"rendered":"http:\/\/azqs.com\/lavictoirepourtous\/?p=263"},"modified":"2015-05-20T00:57:24","modified_gmt":"2015-05-19T23:57:24","slug":"rue89-bains-municipaux-olivier-bitz-charge-de-deminer-le-dossier-07052015","status":"publish","type":"post","link":"https:\/\/azqs.com\/lavictoirepourtous\/2015\/05\/07\/rue89-bains-municipaux-olivier-bitz-charge-de-deminer-le-dossier-07052015\/","title":{"rendered":"Rue89 : Bains Municipaux, Olivier Bitz charg\u00e9 de d\u00e9miner le dossier &#8211; 07\/05\/2015"},"content":{"rendered":"<header class=\"single-entry-header\">POLITIQUE\u00a0&#8211; par Pierre France<\/p>\n<div class=\"metas stats inline porte_interaction\"><strong>3200<\/strong>\u00a0VISITES | <strong>13<\/strong>\u00a0COMMENTAIRES<\/div>\n<\/header>\n<div class=\"single-entry-details\"><\/div>\n<div class=\"single-entry-content\">\n<p><img loading=\"lazy\" decoding=\"async\" class=\"alignnone wp-image-85914 size-large\" src=\"http:\/\/www.rue89strasbourg.com\/wp-content\/uploads\/2015\/05\/Bains-municipaux-strasbourg-514x514.jpg\" alt=\"La piscine de la Victoire est class\u00e9 comme patrimoine historique (photo JFG \/ Rue89 Strasbourg)\" width=\"514\" height=\"514\" \/><\/p>\n<h3>Que va-t-il advenir des Bains Municipaux, ce vaste ensemble dot\u00e9 de piscines, douches, bains romains et d\u2019un sauna boulevard de la Victoire\u00a0? La Ville de Strasbourg ne veut plus en assurer seule l\u2019entretien, mais des collectifs d\u2019utilisateurs et de r\u00e9sidents refusent toute concession au secteur priv\u00e9. Adjoint au maire en charge des dossiers chauds, Olivier Bitz a \u00e9t\u00e9 envoy\u00e9 d\u00e9miner le terrain et donne rendez-vous d\u00e9but 2016.<\/h3>\n<p>Il est des dossiers comme \u00e7a qu\u2019on se refile au 9e \u00e9tage du centre administratif de Strasbourg\u2026 La r\u00e9novation des Bains Municipaux du boulevard de la Victoire, c\u2019est Robert Herrmann qui en avait h\u00e9rit\u00e9 durant le mandat pr\u00e9c\u00e9dent, un \u00ab\u00a0cadeau\u00a0\u00bb du maire Roland Ries (PS), qui lui avait d\u00e9j\u00e0 confi\u00e9 la gestion du personnel pour faire bonne mesure. Pour se sortir de ce gu\u00eapier, r\u00e9nover les Bains, patrimoine historique, co\u00fbterait entre 20 et 30 millions d\u2019euros, le premier adjoint de l\u2019\u00e9poque propose en 2010 de faire appel \u00e0 un op\u00e9rateur ext\u00e9rieur en utilisant la formule du partenariat public-priv\u00e9 (PPP).<\/p>\n<p>Mais l\u2019id\u00e9e de confier les Bains au secteur priv\u00e9 avait alors provoqu\u00e9 un toll\u00e9. Robert Herrmann avait r\u00e9ussi \u00e0 mobiliser contre cette id\u00e9e l\u2019opposition de droite et l\u2019aile gauche des socialistes strasbourgeois, plus une s\u00e9rie d\u2019usagers et d\u2019habitants. Apr\u00e8s une ann\u00e9e de pol\u00e9miques et un \u00ab\u00a0atelier de projet\u00a0\u00bb, Robert Herrmann <a href=\"http:\/\/www.dna.fr\/edition-de-strasbourg\/2011\/10\/19\/bains-municipaux-cris-de-victoire\" target=\"_blank\">doit reculer fin 2011<\/a>. Il n\u2019y touchera plus. Pour autant, la r\u00e9novation des Bains Municipaux est urgente.<\/p>\n<p>Ce vaste ensemble construit \u00e0 partir de 1908 et comprenant deux piscines, des bains romains, un sauna et des douches, le tout dans un \u00e9crin Art Nouveau, n\u2019a pas subi de travaux depuis plus de trente ans : ses douches fuient, sa tuyauterie est \u00e0 bout de souffle, sa chaudi\u00e8re de 1971 consomme trop d\u2019\u00e9nergie et l\u2019isolation est \u00e0 revoir.<\/p>\n<h4>Roland Ries : \u00ab\u00a0il faut partager la charge entre le public et le priv\u00e9\u00a0\u00bb<\/h4>\n<p><span style=\"color: #ff0000;\">[vid\u00e9o : voir lien sur le site Rue89, en bas de page]<\/span><\/p>\n<p>Fin avril 2015, Roland Ries d\u00e9cide que l\u2019inaction a assez dur\u00e9 sur ce dossier. Robert Herrmann \u00e9tant devenu depuis pr\u00e9sident de l\u2019Eurom\u00e9tropole, difficile de l\u2019int\u00e9resser avec ces histoires de carrelages qui se d\u00e9chaussent.<\/p>\n<p>Le maire choisit alors Olivier Bitz, r\u00e9cemment rendu disponible apr\u00e8s avoir surv\u00e9cu \u00e0 <a href=\"http:\/\/www.rue89strasbourg.com\/index.php\/2014\/12\/14\/politique\/dernier-conseil-municipal-budget-en-baisse-impots-en-hausse-wacken-subventions\/\" target=\"_blank\">l\u2019\u00e9tablissement du budget<\/a>\u00a02015\u00a0de la Ville de Strasbourg. Adjoint en charge de la Krutenau, l\u2019\u00e9lu a montr\u00e9 qu\u2019il savait naviguer en eaux troubles et glissantes lors du mandat pr\u00e9c\u00e9dent, avec les relations avec les cultes,\u00a0le dossier de la grande mosqu\u00e9e ou la vente d\u2019\u00c9nerest \u00e0 \u00c9lectricit\u00e9 de Strasbourg. Sa mission : r\u00e9nover les Bains et les remettre en service pour les Strasbourgeois avant la fin du mandat, sans cristalliser d\u2019opposition.<\/p>\n<h4>Pas de pression<\/h4>\n<p>Olivier Bitz mesure la pression\u00a0:<\/p>\n<blockquote><p>\u00ab\u00a0C\u2019est un dossier extr\u00eamement important, que nous devons faire aboutir avant les prochaines \u00e9lections municipales. Il y a donc une urgence \u00e0 agir. Apr\u00e8s avoir re\u00e7u les instructions du maire et fait le point avec Robert Herrmann, je rencontre les associations et les structures int\u00e9ress\u00e9es par les Bains, afin de d\u00e9finir avec elles leurs attentes. Je pense qu\u2019il faut sortir des positions id\u00e9ologiques, qui n\u2019ont jamais fait avancer les dossiers. Il y a beaucoup d\u2019irrationnel dans cette histoire, li\u00e9 \u00e0 l\u2019histoire de chacun avec l\u2019\u00e9tablissement.\u00a0\u00bb<\/p><\/blockquote>\n<p>Du coup, Olivier Bitz a rencontr\u00e9 les Amis du Vieux Strasbourg, l\u2019Association des habitants de la Krutenau (Ahbak), des repr\u00e9sentations syndicales des agents de l\u2019Eurom\u00e9tropole\u00a0et m\u00eame le collectif \u00ab\u00a0La Victoire pour Tous\u00a0\u00bb, qui maintient une pression sur la municipalit\u00e9 apr\u00e8s avoir publi\u00e9 une <a href=\"http:\/\/www.rue89strasbourg.com\/index.php\/2015\/02\/16\/tribune\/bains-municipaux-tentation-du-morcellement\/\" target=\"_blank\">tribune en f\u00e9vrier sur Rue89 Strasbourg<\/a>, une <a href=\"http:\/\/www.mesopinions.com\/petition\/social\/defendons-bains-municipaux-strasbourg\/14152\" target=\"_blank\">p\u00e9tition en avril<\/a>\u00a0qui a d\u00e9j\u00e0 r\u00e9uni plus de 2\u00a0400 signatures et qui organise un <a href=\"http:\/\/www.rue89strasbourg.com\/index.php\/2015\/05\/05\/breve\/rassemblement-contre-la-privatisation-de-letablissement-des-bains-de-la-victoire\/\" target=\"_blank\">rassemblement ce jeudi 7 mai devant l\u2019\u00e9tablissement<\/a>. Liane Zoppas, \u00e0 l\u2019origine de ce collectif avec Didier Laroche, explique\u00a0:<\/p>\n<blockquote><p>\u00ab\u00a0Lorsque nous avons rencontr\u00e9 Olivier Bitz, nous n\u2019avons rien pu savoir des projets de la Ville pour les Bains. Mais c\u2019est normal, car ils veulent toujours privatiser une partie des services disponibles, notamment le sauna et les bains romains. Mais comme ils savent qu\u2019il y a une forte opposition, ils avancent masqu\u00e9s et \u00e9voquent des sommes folles pour les r\u00e9novations. En r\u00e9alit\u00e9, ils ne savent pas quoi faire avec cet ensemble de b\u00e2timents, dont les espaces sont encore largement inoccup\u00e9s.\u00a0\u00bb<\/p><\/blockquote>\n<h4>Un \u00ab\u00a0d\u00e9bat citoyen\u00a0\u00bb indispensable, selon l\u2019Ahbak<\/h4>\n<p>Du c\u00f4t\u00e9 de l\u2019Ahbak, Christiane Goetz souhaite aussi plus de transparence de la part de la Ville\u00a0:<\/p>\n<blockquote><p>\u00ab\u00a0L\u2019avenir de ce lieu embl\u00e9matique m\u00e9rite un vrai d\u00e9bat citoyen, impliquant les associations et les conseils de quartier, avec des outils permettant de mesurer quelles sont les attentes des Strasbourgeois et ce qu\u2019ils sont pr\u00eats \u00e0 payer. Quand les Bains ont \u00e9t\u00e9 construits au d\u00e9but du si\u00e8cle, ils r\u00e9pondaient \u00e0 un projet social et de sant\u00e9. La situation a \u00e9volu\u00e9 mais ce projet social d\u2019alors fait partie de notre patrimoine immat\u00e9riel. Quel est le projet social de la Ville aujourd\u2019hui ? Si elle a en t\u00eate une op\u00e9ration touristique, qu\u2019elle le dise et on se positionnera. De notre point de vue, il serait dommage de confier au secteur priv\u00e9 lucratif une partie de ce patrimoine, qui pourrait b\u00e9n\u00e9ficier \u00e0 l\u2019\u00e9conomie sociale et solidaire, ce qui serait plus en ad\u00e9quation avec les buts initiaux des Bains Municipaux.\u00a0\u00bb<\/p><\/blockquote>\n<p>Olivier Bitz est pr\u00eat \u00e0 ce d\u00e9bat, promet des rencontres \u00e0 la rentr\u00e9e et de rendre disponibles les \u00e9tudes qui ont \u00e9t\u00e9 r\u00e9alis\u00e9es\u00a0:<\/p>\n<blockquote><p>\u00ab\u00a0Les \u00e9tudes sont des documents administratifs auxquels chaque citoyen peut avoir acc\u00e8s, c\u2019est tout \u00e0 fait normal. Il n\u2019y a rien de cach\u00e9. On nous fait des proc\u00e8s d\u2019intentions alors que nous n\u2019entrons simplement pas dans le mode de gestion \u00e0 ce stade, avant de se mettre d\u2019accord sur les finalit\u00e9s. Un service public est une r\u00e9ponse jug\u00e9e suffisamment importante pour l\u2019int\u00e9r\u00eat g\u00e9n\u00e9ral qu\u2019elle justifie l\u2019engagement de moyens publics. Est-ce qu\u2019un sauna correspond \u00e0 cette d\u00e9finition ? Je pense qu\u2019on est plus dans les loisirs et le bien-\u00eatre que dans la sant\u00e9. Il faut donc en tirer les conclusions : quelques personnes ont pris l\u2019habitude de faire payer \u00e0 la collectivit\u00e9 leurs s\u00e9ances de sauna. \u00c7a ne peut plus durer.\u00a0\u00bb<\/p><\/blockquote>\n<h4>Un \u00ab\u00a0trou\u00a0\u00bb de 2 millions d\u2019euros chaque ann\u00e9e<\/h4>\n<p>Selon <a href=\"http:\/\/www.strasbourg.eu\/vie-quotidienne\/sport\/piscines\/tarifs-des-piscines\" target=\"_blank\">les tarifs de la Ville<\/a>, l\u2019entr\u00e9e aux bains romains co\u00fbte 15\u20ac, mais de nombreuses formules d\u2019abonnements existent qui r\u00e9duisent ce prix. Et en 2014, 9 379 entr\u00e9es pour les bains romains ont \u00e9t\u00e9 comptabilis\u00e9es, 6 823 pour le sauna<a href=\"http:\/\/www.dna.fr\/edition-de-strasbourg\/2015\/05\/05\/bitz-dans-le-bain\" target=\"_blank\">selon les DNA<\/a>.\u00a0\u00c0 ce jour, Olivier Bitz estime que les Bains creusent le budget de la Ville de 2 millions d\u2019euros chaque ann\u00e9e\u00a0mais il ne connait pas pr\u00e9cis\u00e9ment les \u00e9quilibres des recettes et des charges, qui sont fondues dans le budget de la Ville et qui doivent \u00eatre pr\u00e9cis\u00e9s par les services.<\/p>\n<p>Pour le collectif \u00ab\u00a0La Victoire pour Tous\u00a0\u00bb, l\u2019\u00e9quilibre budg\u00e9taire des Bains est tout \u00e0 fait possible\u00a0:<\/p>\n<blockquote><p>\u00ab\u00a0On peut envisager de louer les locaux vides, am\u00e9nager les espaces non-b\u00e2tis, refaire toute la tarification et \u00e9videmment, r\u00e9aliser des \u00e9conomies de fonctionnement gr\u00e2ce \u00e0 la r\u00e9novation. Nous avons plusieurs pistes \u00e0 proposer \u00e0 la Ville mais qui ne semble pas vouloir les entendre. De notre point de vue, cette r\u00e9novation \u00e0 30 millions d\u2019euros est sur\u00e9valu\u00e9e, pour faire accepter aux Strasbourgeois qu\u2019ils doivent s\u2019habituer \u00e0 perdre leurs bains romains.\u00a0\u00bb<\/p><\/blockquote>\n<p>En juin, le conseil de l\u2019Eurom\u00e9tropole devrait voter une d\u00e9lib\u00e9ration confiant la r\u00e9novation et la gestion des Bains Municipaux \u00e0 la soci\u00e9t\u00e9 publique locale (SPL) Deux-Rives. Cette soci\u00e9t\u00e9 \u00e9tait jusqu\u2019\u00e0 pr\u00e9sent d\u00e9di\u00e9e \u00e0 <a href=\"http:\/\/www.rue89strasbourg.com\/index.php\/2014\/09\/09\/politique\/amenagement-du-port-du-rhin-se-dessine\/\" target=\"_blank\">mener \u00e0 bien les am\u00e9nagements de la ZAC Deux-Rives<\/a>, qui s\u2019\u00e9tend du bassin de la Citadelle jusqu\u2019au port-du-Rhin. L\u2019ampleur des dossiers \u00e0 mener et leur nombre sont d\u00e9j\u00e0 tr\u00e8s important, aussi la saisie de cette SPL pour les Bains peut surprendre.<\/p>\n<h4>\u00ab\u00a0La SPL Deux-Rives ? Savoir-faire et r\u00e9activit\u00e9\u00a0\u00bb<\/h4>\n<p>Son directeur, \u00c9ric Bazard, explique son r\u00f4le\u00a0:<\/p>\n<blockquote><p>\u00ab\u00a0Notre soci\u00e9t\u00e9 est comp\u00e9tente pour mener des projets sur l\u2019ensemble du territoire de nos actionnaires, c\u2019est-\u00e0-dire l\u2019Eurom\u00e9tropole. Si on nous confie la r\u00e9novations des Bains, c\u2019est pour notre savoir-faire et notre r\u00e9activit\u00e9. Deux personnes \u00e0 mi-temps et aux profils compl\u00e9mentaires seront charg\u00e9es de ce dossier. Une fois notre mission confirm\u00e9e, nous allons r\u00e9aliser des diagnostics et proposer aux \u00e9lus un \u00e9ventail d\u2019options, fin 2015, d\u00e9but 2016.\u00a0\u00bb<\/p><\/blockquote>\n<p>Mais pour Liane Zoppas, la saisie de la SPL vise \u00e0 pr\u00e9parer l\u2019arriv\u00e9e du secteur priv\u00e9 dans les Bains\u00a0:<\/p>\n<blockquote><p>\u00ab\u00a0Contrairement \u00e0 une collectivit\u00e9, une SPL peut n\u00e9gocier directement avec une entreprise priv\u00e9e des march\u00e9s, sans passer par le contr\u00f4le du conseil municipal. De nombreuses r\u00e9novations de piscines ont pu \u00eatre men\u00e9es sans avoir recours \u00e0 une soci\u00e9t\u00e9 ext\u00e9rieure, alors pourquoi est-ce n\u00e9cessaire ici\u00a0? On veut faire sortir la r\u00e9novation des Bains du d\u00e9bat public.\u00a0\u00bb<\/p><\/blockquote>\n<p>\u00c9ric Bazard r\u00e9fute ces arguments et pr\u00e9cise que les march\u00e9s conclus par la SPL Deux-Rives doivent passer par un appel d\u2019offres et sont soumis au contr\u00f4le des finances publiques, tout comme les collectivit\u00e9s.<\/p>\n<p>Pour l\u2019instant, l\u2019objectif est de garder la piscine principale, ainsi que les douches, en gestion directe par la Ville. Mais une solution doit \u00eatre trouv\u00e9e pour absorber le co\u00fbt des r\u00e9novations, et Roland Ries ne peut pas augmenter tous les ans les imp\u00f4ts. Le reste des options disponibles seront donc l\u2019objet des futures discussions : outre une gestion externalis\u00e9e des bains romains et du sauna, on parle <a href=\"https:\/\/piscinespourtous.wordpress.com\/2015\/04\/26\/ledito-du-26-avril-2015-imposture-deni-de-la-democratie-mensonge-plutot-que-verite\/\" target=\"_blank\">d\u2019un h\u00f4tel dans le b\u00e2timent administratif<\/a>, d\u2019une piscine ext\u00e9rieure \u00e0 la place du parking\u2026 Rendez-vous d\u00e9but 2016 pour les premi\u00e8res pistes solides, et pour v\u00e9rifier si Olivier Bitz m\u00e9rite son casque bleu.<\/p>\n<\/div>\n<p><strong><span style=\"color: #ff0000;\">Pour lire l&rsquo;article sur le site :<\/span> <\/strong><span style=\"color: #0000ff;\"><strong><a style=\"color: #0000ff;\" href=\"http:\/\/www.rue89strasbourg.com\/index.php\/2015\/05\/07\/politique\/bains-municipaux-olivier-bitz-charge-de-deminer-le-dossier\/\">rue89strasbourg &#8211; 2015\/05\/07<\/a><\/strong><\/span><\/p>\n<p>&nbsp;<\/p>\n<p>&nbsp;<\/p>\n","protected":false},"excerpt":{"rendered":"<p>POLITIQUE\u00a0&#8211; par Pierre France 3200\u00a0VISITES | 13\u00a0COMMENTAIRES Que va-t-il advenir des Bains Municipaux, ce vaste ensemble dot\u00e9 de piscines, douches, bains romains et d\u2019un sauna boulevard de la Victoire\u00a0? La Ville de Strasbourg ne veut plus en assurer seule l\u2019entretien, mais des collectifs d\u2019utilisateurs et de r\u00e9sidents refusent toute concession au secteur priv\u00e9. Adjoint au [&hellip;]<\/p>\n","protected":false},"author":293,"featured_media":0,"comment_status":"closed","ping_status":"closed","sticky":false,"template":"","format":"standard","meta":{"footnotes":""},"categories":[100,93],"tags":[119,101,102,122,130,135,117,134,115,123,108,113],"class_list":["post-263","post","type-post","status-publish","format-standard","hentry","category-actualite","category-revue-de-presse","tag-ahbak","tag-bains-municipaux","tag-bitz","tag-collectif","tag-liane-zoppas","tag-pierre-france","tag-piscine","tag-privatisation","tag-rehabilitation","tag-rue89","tag-spl","tag-strasbourg"],"_links":{"self":[{"href":"https:\/\/azqs.com\/lavictoirepourtous\/wp-json\/wp\/v2\/posts\/263"}],"collection":[{"href":"https:\/\/azqs.com\/lavictoirepourtous\/wp-json\/wp\/v2\/posts"}],"about":[{"href":"https:\/\/azqs.com\/lavictoirepourtous\/wp-json\/wp\/v2\/types\/post"}],"author":[{"embeddable":true,"href":"https:\/\/azqs.com\/lavictoirepourtous\/wp-json\/wp\/v2\/users\/293"}],"replies":[{"embeddable":true,"href":"https:\/\/azqs.com\/lavictoirepourtous\/wp-json\/wp\/v2\/comments?post=263"}],"version-history":[{"count":6,"href":"https:\/\/azqs.com\/lavictoirepourtous\/wp-json\/wp\/v2\/posts\/263\/revisions"}],"predecessor-version":[{"id":439,"href":"https:\/\/azqs.com\/lavictoirepourtous\/wp-json\/wp\/v2\/posts\/263\/revisions\/439"}],"wp:attachment":[{"href":"https:\/\/azqs.com\/lavictoirepourtous\/wp-json\/wp\/v2\/media?parent=263"}],"wp:term":[{"taxonomy":"category","embeddable":true,"href":"https:\/\/azqs.com\/lavictoirepourtous\/wp-json\/wp\/v2\/categories?post=263"},{"taxonomy":"post_tag","embeddable":true,"href":"https:\/\/azqs.com\/lavictoirepourtous\/wp-json\/wp\/v2\/tags?post=263"}],"curies":[{"name":"wp","href":"https:\/\/api.w.org\/{rel}","templated":true}]}}