{"id":13,"date":"2015-04-02T16:18:35","date_gmt":"2015-04-02T15:18:35","guid":{"rendered":"http:\/\/azqs.com\/lavictoirepourtous\/?p=13"},"modified":"2015-05-20T00:43:13","modified_gmt":"2015-05-19T23:43:13","slug":"la-victoire-pour-tous","status":"publish","type":"post","link":"https:\/\/azqs.com\/lavictoirepourtous\/2015\/04\/02\/la-victoire-pour-tous\/","title":{"rendered":"La Victoire Pour Tous : l&rsquo;appel"},"content":{"rendered":"<h2 class=\"entry-header\" style=\"text-align: justify;\">Les Bains Municipaux du boulevard de la Victoire \u00e0 nouveau menac\u00e9s de privatisation ! Ce n\u2019est plus une rumeur : Roland Ries, Maire de Strasbourg l\u2019a affirm\u00e9 lundi 23 mars devant le Conseil Municipal.<\/h2>\n<p><img loading=\"lazy\" decoding=\"async\" class=\"alignnone wp-image-8\" src=\"http:\/\/azqs.com\/lavictoirepourtous\/files\/2015\/05\/cropped-1796561_1441667942812534_2607360955570345419_n.jpg\" alt=\"illustration bain\" width=\"634\" height=\"340\" \/><\/p>\n<header class=\"entry-header\"><\/header>\n<div class=\"entry-content\">\n<p style=\"text-align: justify;\">L\u2019\u00e9tablissement sera coup\u00e9 en deux, seules des douches et une piscine resteront publiques, tout le reste \u00e9tant confi\u00e9 pour son d\u00e9veloppement et sa gestion au secteur priv\u00e9 : la piscine dames, les bains romains, le sauna, les nombreux locaux inoccup\u00e9s au fil des ans, ainsi que la chaufferie et la cour arri\u00e8re dont l\u2019importante surface repr\u00e9sente un grand potentiel d\u2019extension.<\/p>\n<p style=\"text-align: justify;\">C\u2019est d\u00e9manteler et dilapider un joyau du patrimoine urbain municipal, inscrit au titre des monuments historiques, qui appartient depuis plus d\u2019un si\u00e8cle \u00e0 tous les Strasbourgeois et auquel ils sont tr\u00e8s attach\u00e9s.<\/p>\n<p style=\"text-align: justify;\">Ils l\u2019ont prouv\u00e9 en 2010 par leur r\u00e9action \u00e0 une premi\u00e8re tentative de privatisation par la formule du PPP (Partenariat Public Priv\u00e9). La Ville avait alors fait machine arri\u00e8re et assur\u00e9 que les Bains resteraient publics, la meilleure garantie \u00e9tant que le projet serait men\u00e9 avec une Soci\u00e9t\u00e9 Publique Locale (SPL), structure \u00e0 capital 100% public.<\/p>\n<p style=\"text-align: justify;\">Aujourd\u2019hui, c\u2019est bien d\u2019une SPL dont il est question \u2013 la SPL Deux Rives \u2013 mais sa mission annonc\u00e9e est d\u2019organiser le d\u00e9mant\u00e8lement des Bains et leur privatisation !<\/p>\n<p style=\"text-align: justify;\">Quelle ville en France peut se vanter de poss\u00e9der un aussi bel ensemble au service de tous ? Un luxe, le sauna ? Un luxe les bains romains ? Si oui, tant mieux puisqu\u2019il est accessible \u00e0 tous, ind\u00e9pendamment de la classe sociale et de l\u2019\u00e2ge. C\u2019\u00e9tait bien l\u2019ambition sociale et la r\u00e9ussite des \u00e9lus municipaux en 1908, qui souhaitaient que le meilleur soit \u00e0 la port\u00e9e de chacun et pas seulement des plus ais\u00e9s : cela n\u2019est-il plus le cas aujourd\u2019hui ?<\/p>\n<p style=\"text-align: justify;\">Le pr\u00e9texte \u00e0 cette privatisation, c\u2019est que la r\u00e9novation co\u00fbte trop cher, que la Ville n\u2019a pas d\u2019argent et que, selon le Maire, les activit\u00e9s \u00ab\u00a0<em>relevant notamment des soins, du bien \u00eatre et de la beaut\u00e9<\/em>\u00a0\u00bb (sic) n\u2019ont pas vocation \u00e0 \u00eatre g\u00e9r\u00e9es par la collectivit\u00e9. Ces arguments ne sont pas pertinents.<\/p>\n<p style=\"text-align: justify;\">Tout se passe comme si, apr\u00e8s trente ans de laisser aller, de quasi abandon, de d\u00e9gradation progressive des locaux et des installations, la Ville de Strasbourg n\u2019avait qu\u2019une seule pr\u00e9occupation : \u00ab\u00a0comment s\u2019en d\u00e9barrasser ?\u00a0\u00bb, cherchant depuis des ann\u00e9es quel pourrait bien \u00eatre l\u2019op\u00e9rateur \u2013 ou la structure \u2013 \u00e0 qui on pourrait refiler le b\u00e9b\u00e9 : PPP, DSP, SPL, SEM\u2026<\/p>\n<p style=\"text-align: justify;\"><strong>Pour pallier ce d\u00e9sint\u00e9r\u00eat et emp\u00eacher cette spoliation du bien public, nous avons constitu\u00e9 un Collectif de d\u00e9fense des Bains Municipaux de Strasbourg appel\u00e9 \u00ab\u00a0La Victoire pour tous\u00a0\u00bb.<\/strong><\/p>\n<p style=\"text-align: justify;\">Il vise \u00e0 d\u00e9fendre l\u2019int\u00e9grit\u00e9 des Bains et le caract\u00e8re de service public de l\u2019\u00e9tablissement dans l\u2019esprit qui a pr\u00e9sid\u00e9 \u00e0 sa construction : un complexe de piscines, baignoires, sauna, bains romains, activit\u00e9s corporelles et soins par l\u2019eau ouvert \u00e0 tous, au c\u0153ur de la ville.<\/p>\n<p style=\"text-align: justify;\">Il se donne pour t\u00e2che d\u2019organiser une vraie r\u00e9flexion et un authentique d\u00e9bat public, tout d\u2019abord en documentant la \u00ab\u00a0question des Bains\u00a0\u00bb : le legs historique, la situation actuelle des bains, le potentiel de d\u00e9veloppement, les nouvelles orientations souhaitables et possibles : que veut-on et peut-on faire ? En bonne logique, le \u00ab\u00a0comment faire ?\u00a0\u00bb viendra ensuite.<\/p>\n<p style=\"text-align: justify;\">Nous prendrons contact avec les \u00e9tablissements similaires dans notre r\u00e9gion (Mulhouse), mais aussi en Allemagne (Halle, Karlsruhe, Mannheim, Hambourg, Berlin\u2026) et dans d\u2019autres pays pour \u00e9changer les exp\u00e9riences et \u00e9ventuellement envisager des actions collectives dans un cadre europ\u00e9en.<\/p>\n<p style=\"text-align: justify;\">Nous m\u00e8nerons toutes actions utiles en vue de conserver ce patrimoine commun dans le giron municipal et de maintenir l\u2019unit\u00e9 du site et de l\u2019\u00e9tablissement qui peut (re)devenir un joyau culturel et touristique majeur de Strasbourg. Il s\u2019agit de sauvegarder l\u2019existant et de d\u00e9velopper de nouvelles fonctions socialement utiles en garantissant l\u2019accessibilit\u00e9 \u00e0 tous et pas seulement aux plus fortun\u00e9s.<\/p>\n<p style=\"text-align: justify;\">Nous sommes certains qu\u2019il est possible d\u2019imaginer un projet s\u00e9rieux, r\u00e9aliste, soucieux de l\u2019int\u00e9r\u00eat g\u00e9n\u00e9ral et des finances publiques.<\/p>\n<p style=\"text-align: justify;\">Nous participerons bien entendu au d\u00e9bat souhait\u00e9 par Monsieur le Maire, mais pas sous la forme de \u00ab\u00a0l\u2019atelier de projet\u00a0\u00bb qui a montr\u00e9 son inutilit\u00e9 en 2010 : un tel d\u00e9bat n\u2019est utile en effet que si la Municipalit\u00e9 met \u00e0 disposition les \u00e9tudes et donn\u00e9es en sa possession et surtout si elle n\u2019a pas au pr\u00e9alable d\u00e9j\u00e0 fait les choix principaux, ne laissant \u00e0 la concertation que des d\u00e9tails.<\/p>\n<p style=\"text-align: justify;\">Nous invitons toutes les personnes int\u00e9ress\u00e9es, particuliers, associations, \u00e9lus, usagers des Bains et\/ou citoyens de Strasbourg et de l\u2019Eurom\u00e9tropole \u00e0 se mobiliser, \u00e0 nous rejoindre et \u00e0 nous communiquer leurs remarques, avis et suggestions.<\/p>\n<p style=\"text-align: justify;\">Strasbourg, le 31\/03\/15<\/p>\n<p style=\"text-align: justify;\">Pour le Collectif \u00ab\u00a0La Victoire pour tous\u00a0\u00bb,<\/p>\n<p style=\"text-align: justify;\">Bernard Aghina, Anne Froesch, Jo\u00ebl Henry, Fr\u00e9deric Kosman,\u00a0Alexandre Kostka, Didier Laroche, Jean-Daniel Moussay, Myriam Niss, Fran\u00e7oise Olivier-Utard, Thierry Rouault, Maurice Schaeffer, Liane Zoppas<\/p>\n<p style=\"text-align: justify;\">Pour nous contacter :<br \/>\n<a href=\"mailto:bm.lavictoirepourtous@gmail.com\">bm.lavictoirepourtous@gmail.com<\/a><br \/>\n06 62 83 97 48<\/p>\n<p style=\"text-align: left;\">Paru dans les DNA, le 07\/04\/2015 :\u00a0<span style=\"color: #0000ff;\"><a style=\"color: #0000ff;\" href=\"http:\/\/www.dna.fr\/edition-de-strasbourg\/2015\/04\/07\/un-collectif-pour-defendre-le-service-public\">http:\/\/www.dna.fr\/edition-de-strasbourg\/2015\/04\/07\/un-collectif-pour-defendre-le-service-public<\/a><\/span><\/p>\n<p style=\"text-align: justify;\">\n<\/div>\n","protected":false},"excerpt":{"rendered":"<p>Les Bains Municipaux du boulevard de la Victoire \u00e0 nouveau menac\u00e9s de privatisation ! Ce n\u2019est plus une rumeur : Roland Ries, Maire de Strasbourg l\u2019a affirm\u00e9 lundi 23 mars devant le Conseil Municipal. L\u2019\u00e9tablissement sera coup\u00e9 en deux, seules des douches et une piscine resteront publiques, tout le reste \u00e9tant confi\u00e9 pour son d\u00e9veloppement [&hellip;]<\/p>\n","protected":false},"author":293,"featured_media":0,"comment_status":"open","ping_status":"open","sticky":false,"template":"","format":"standard","meta":{"footnotes":""},"categories":[100,94],"tags":[111,109,112,108],"class_list":["post-13","post","type-post","status-publish","format-standard","hentry","category-actualite","category-communique","tag-appel","tag-conseil-municipal","tag-roland-ries","tag-spl"],"_links":{"self":[{"href":"https:\/\/azqs.com\/lavictoirepourtous\/wp-json\/wp\/v2\/posts\/13"}],"collection":[{"href":"https:\/\/azqs.com\/lavictoirepourtous\/wp-json\/wp\/v2\/posts"}],"about":[{"href":"https:\/\/azqs.com\/lavictoirepourtous\/wp-json\/wp\/v2\/types\/post"}],"author":[{"embeddable":true,"href":"https:\/\/azqs.com\/lavictoirepourtous\/wp-json\/wp\/v2\/users\/293"}],"replies":[{"embeddable":true,"href":"https:\/\/azqs.com\/lavictoirepourtous\/wp-json\/wp\/v2\/comments?post=13"}],"version-history":[{"count":14,"href":"https:\/\/azqs.com\/lavictoirepourtous\/wp-json\/wp\/v2\/posts\/13\/revisions"}],"predecessor-version":[{"id":438,"href":"https:\/\/azqs.com\/lavictoirepourtous\/wp-json\/wp\/v2\/posts\/13\/revisions\/438"}],"wp:attachment":[{"href":"https:\/\/azqs.com\/lavictoirepourtous\/wp-json\/wp\/v2\/media?parent=13"}],"wp:term":[{"taxonomy":"category","embeddable":true,"href":"https:\/\/azqs.com\/lavictoirepourtous\/wp-json\/wp\/v2\/categories?post=13"},{"taxonomy":"post_tag","embeddable":true,"href":"https:\/\/azqs.com\/lavictoirepourtous\/wp-json\/wp\/v2\/tags?post=13"}],"curies":[{"name":"wp","href":"https:\/\/api.w.org\/{rel}","templated":true}]}}