{"id":1293,"date":"2015-11-22T21:13:39","date_gmt":"2015-11-22T20:13:39","guid":{"rendered":"http:\/\/azqs.com\/lavictoirepourtous\/?p=1293"},"modified":"2015-11-22T21:16:46","modified_gmt":"2015-11-22T20:16:46","slug":"conseil-municipal-du-20112015","status":"publish","type":"post","link":"https:\/\/azqs.com\/lavictoirepourtous\/2015\/11\/22\/conseil-municipal-du-20112015\/","title":{"rendered":"Conseil Municipal du 20\/11\/2015"},"content":{"rendered":"<h1><span style=\"color: #b01c1c\"><strong><em>La municipalit\u00e9 et l&rsquo;Eurom\u00e9tropole sur la d\u00e9fensive&#8230;\u00a0<\/em><\/strong><\/span><\/h1>\n<p><strong><em>Le vendredi 20 novembre, une interpellation de l\u2019\u00e9lu d\u2019opposition Jean-Philippe Vetter (LR) invitait les Bains au Conseil municipal :\u00a0<\/em><\/strong><\/p>\n<p><strong>Voir la vid\u00e9o :<\/strong>\u00a0<strong><span style=\"color: #0000ff\"><a style=\"color: #0000ff\" href=\"http:\/\/strasbourg.creacast.tv\/vod.php?sub=2015-11-20&amp;id=3333\" target=\"_blank\">CM &#8211; point 58 &#8211; Bains &#8211; interpellation Vetter<\/a><\/span><\/strong><\/p>\n<p><em>L\u2019interpellation a donn\u00e9 origine \u00e0 des longues d\u00e9clarations (1\/2 heure quand m\u00eame, en fin de CM, ce qui montre l\u2019importance qui prend ce dossier) o\u00f9 Olivier Bitz, Roland Ries et m\u00eame Robert Herrmann, visiblement agac\u00e9s par la tournure qui prend l\u2019Affaire des Bains, s\u2019expliquent. Sur la d\u00e9fensive et faute d\u2019arguments convaincants pour r\u00e9pondre aux questions pr\u00e9cises et pertinentes de l\u2019\u00e9lu d\u2019opposition (LR), il ne leur reste que l\u2019insulte et le m\u00e9pris (c\u2019est plus simple\u00a0!). Mais, en plus des pirouettes habituelles, nous avons eu droit \u00e0 de nouvelles perles\u00a0: dans sa h\u00e2te de minimiser la port\u00e9e de notre p\u00e9tition, Bitz en cite un paragraphe \u2013 et dit que tout le monde est d\u2019accord, tiens\u00a0! Mais, habitu\u00e9 au caviardage, il ne lit pas le reste du texte\u2026 Quant aux \u00e9tudes (y compris celle qui nous est parvenue caviard\u00e9e), c\u2019est de la transparence absolue voulue par un maire trop gentil, voyons: ils n\u2019ont pas l\u2019obligation de les communiquer\u00a0\u2013 \u00e7a alors !<\/em><\/p>\n<p><em>Quant \u00e0 celle demand\u00e9e en CM de juin dernier par les \u00e9lus (Vetter, mais aussi E. Schultz) et dont il est question (interpellation), elle aurait \u00e9t\u00e9 envoy\u00e9e \u00e0 l\u2019Ahbak, \u00ab\u00a0depuis 3 semaines\u00a0\u00bb, dit le pilote Bitz et sera disponible \u00ab\u00a0d\u00e8s lundi\u00a0\u00bb, pour les \u00e9lus qui le veulent. Si ce n\u2019est pas du m\u00e9pris envers les \u00e9lus (dont celui qui les interpelle)\u2026 faut-il relire l\u2019article de Rue89, en ce qui concerne les relations privil\u00e9gi\u00e9es entre l\u2019\u00e9quipe municipale et l\u2019association de quartier, qui n\u2019a jamais communiqu\u00e9 en avoir fait la demande\u00a0ni avoir re\u00e7u les \u00e9tudes (cqfd)? Ou c\u2019est la municipalit\u00e9 qui tente de semer la zizanie entre les associations de citoyens\u2026? Pour rappel, le Collectif demande cette \u00e9tude, parmi d\u2019autres, depuis mai 2015.\u00a0<\/em><\/p>\n<p><strong><span style=\"color: #000000\">Lire l&rsquo;interpellation de Jean-Philippe Vetter :<\/span>\u00a0<span style=\"color: #0000ff\"><a href=\"http:\/\/azqs.com\/lavictoirepourtous\/2015\/11\/22\/dna-le-besoin-de-clarte-de-vetter-lr-19112015\/\" target=\"_blank\">CM &#8211; texte interpellation Vetter<\/a><\/span><\/strong><\/p>\n","protected":false},"excerpt":{"rendered":"<p>La municipalit\u00e9 et l&rsquo;Eurom\u00e9tropole sur la d\u00e9fensive&#8230;\u00a0 Le vendredi 20 novembre, une interpellation de l\u2019\u00e9lu d\u2019opposition Jean-Philippe Vetter (LR) invitait les Bains au Conseil municipal :\u00a0 Voir la vid\u00e9o :\u00a0CM &#8211; point 58 &#8211; Bains &#8211; interpellation Vetter L\u2019interpellation a donn\u00e9 origine \u00e0 des longues d\u00e9clarations (1\/2 heure quand m\u00eame, en fin de CM, ce [&hellip;]<\/p>\n","protected":false},"author":293,"featured_media":0,"comment_status":"closed","ping_status":"closed","sticky":false,"template":"","format":"standard","meta":{"footnotes":""},"categories":[100,93],"tags":[101,109,175,110,138,134],"class_list":["post-1293","post","type-post","status-publish","format-standard","hentry","category-actualite","category-revue-de-presse","tag-bains-municipaux","tag-conseil-municipal","tag-jean-philippe-vetter","tag-petition","tag-plan-piscine","tag-privatisation"],"_links":{"self":[{"href":"https:\/\/azqs.com\/lavictoirepourtous\/wp-json\/wp\/v2\/posts\/1293"}],"collection":[{"href":"https:\/\/azqs.com\/lavictoirepourtous\/wp-json\/wp\/v2\/posts"}],"about":[{"href":"https:\/\/azqs.com\/lavictoirepourtous\/wp-json\/wp\/v2\/types\/post"}],"author":[{"embeddable":true,"href":"https:\/\/azqs.com\/lavictoirepourtous\/wp-json\/wp\/v2\/users\/293"}],"replies":[{"embeddable":true,"href":"https:\/\/azqs.com\/lavictoirepourtous\/wp-json\/wp\/v2\/comments?post=1293"}],"version-history":[{"count":4,"href":"https:\/\/azqs.com\/lavictoirepourtous\/wp-json\/wp\/v2\/posts\/1293\/revisions"}],"predecessor-version":[{"id":1298,"href":"https:\/\/azqs.com\/lavictoirepourtous\/wp-json\/wp\/v2\/posts\/1293\/revisions\/1298"}],"wp:attachment":[{"href":"https:\/\/azqs.com\/lavictoirepourtous\/wp-json\/wp\/v2\/media?parent=1293"}],"wp:term":[{"taxonomy":"category","embeddable":true,"href":"https:\/\/azqs.com\/lavictoirepourtous\/wp-json\/wp\/v2\/categories?post=1293"},{"taxonomy":"post_tag","embeddable":true,"href":"https:\/\/azqs.com\/lavictoirepourtous\/wp-json\/wp\/v2\/tags?post=1293"}],"curies":[{"name":"wp","href":"https:\/\/api.w.org\/{rel}","templated":true}]}}