{"id":1284,"date":"2015-11-22T20:49:34","date_gmt":"2015-11-22T19:49:34","guid":{"rendered":"http:\/\/azqs.com\/lavictoirepourtous\/?p=1284"},"modified":"2015-11-22T20:53:12","modified_gmt":"2015-11-22T19:53:12","slug":"dna-le-besoin-de-clarte-de-vetter-lr-19112015","status":"publish","type":"post","link":"https:\/\/azqs.com\/lavictoirepourtous\/2015\/11\/22\/dna-le-besoin-de-clarte-de-vetter-lr-19112015\/","title":{"rendered":"DNA &#8211; Le \u00ab\u00a0besoin de clart\u00e9\u00a0\u00bb de Vetter (LR) &#8211; 19\/11\/2015"},"content":{"rendered":"<p><strong><span style=\"color: #a10a0a\">Dans les DNA, l&rsquo;annonce de l&rsquo;interpellation de l&rsquo;\u00e9lu d&rsquo;opposition Jean-Philippe Vetter (LR), qui invite les Bains au Conseil municipal.\u00a0Et voici le texte de l&rsquo;interpellation :\u00a0<\/span><\/strong><\/p>\n<p><img loading=\"lazy\" decoding=\"async\" class=\"size-full wp-image-1285 alignleft\" src=\"http:\/\/azqs.com\/lavictoirepourtous\/files\/2015\/11\/DNA-2015-11-19-Besoin-de-clart\u00e9-de-Vetter.jpg\" alt=\"DNA 2015-11-19 Besoin de clart\u00e9 de Vetter\" width=\"283\" height=\"822\" srcset=\"https:\/\/azqs.com\/lavictoirepourtous\/files\/2015\/11\/DNA-2015-11-19-Besoin-de-clart\u00e9-de-Vetter.jpg 283w, https:\/\/azqs.com\/lavictoirepourtous\/files\/2015\/11\/DNA-2015-11-19-Besoin-de-clart\u00e9-de-Vetter-103x300.jpg 103w\" sizes=\"(max-width: 283px) 100vw, 283px\" \/><em>Monsieur le Maire,<\/em><\/p>\n<p><em>La troisi\u00e8me et derni\u00e8re r\u00e9union sur l\u2019avenir des Bains Municipaux vient d\u2019avoir lieu. Ainsi s\u2019ach\u00e8ve un premier processus qui a vu de nombreux Strasbourgeois exprimer leur attachement au maintien de cet \u00e9tablissement public. <strong>\u00c0 cette occasion, une p\u00e9tition de plus de 6000 signatures vous a \u00e9t\u00e9 remise.<\/strong> Une initiative qui fait in\u00e9vitablement \u00e9cho \u00e0 votre engagement pris l\u2019an dernier lors de la campagne aux \u00e9lections municipales : l\u2019engagement num\u00e9ro 41.<\/em><\/p>\n<p><em>Par ailleurs, depuis quelques jours, les \u00e9tudes command\u00e9es depuis 2008 suscitent de nombreuses questions qui appellent une r\u00e9ponse claire de votre part.<\/em><\/p>\n<p><em>Face \u00e0 cette situation, je souhaiterais que vous puissiez d\u00e8s \u00e0 pr\u00e9sent informer le Conseil municipal sur ce dossier des Bains municipaux qui tient \u00e0 c\u0153ur \u00e0 de tr\u00e8s nombreux Strasbourgeois.<\/em><\/p>\n<p><em>1) Pourquoi avoir renonc\u00e9 \u00e0 votre promesse de campagne ? Seule une tr\u00e8s bonne raison peut justifier un tel revirement \u00e0 peine quelque mois apr\u00e8s votre \u00e9lection.<\/em><\/p>\n<p><em>2) Pourquoi avoir choisi de d\u00e9voiler certaines \u00e9tudes et d&rsquo;autres non ? Pourquoi ne donnez-vous toujours pas acc\u00e8s \u00e0 la fameuse \u00e9tude de 2010 produite par Finance Consult \/ Sartorio \/ Algoe ? Que contient-elle qui ne doit \u00eatre d\u00e9voil\u00e9 aux Strasbourgeois ?<\/em><\/p>\n<p><em>Monsieur le Maire, je vous remercie pour vos r\u00e9ponses que vous aurez, je l&rsquo;esp\u00e8re, l&rsquo;amabilit\u00e9 de me formuler personnellement.<\/em><\/p>\n<p><em>Je vous remercie.\u00a0<\/em><\/p>\n<p><em>Jean-Philippe Vetter\u00a0<\/em><\/p>\n<p>&nbsp;<\/p>\n<p>&nbsp;<\/p>\n","protected":false},"excerpt":{"rendered":"<p>Dans les DNA, l&rsquo;annonce de l&rsquo;interpellation de l&rsquo;\u00e9lu d&rsquo;opposition Jean-Philippe Vetter (LR), qui invite les Bains au Conseil municipal.\u00a0Et voici le texte de l&rsquo;interpellation :\u00a0 Monsieur le Maire, La troisi\u00e8me et derni\u00e8re r\u00e9union sur l\u2019avenir des Bains Municipaux vient d\u2019avoir lieu. Ainsi s\u2019ach\u00e8ve un premier processus qui a vu de nombreux Strasbourgeois exprimer leur attachement [&hellip;]<\/p>\n","protected":false},"author":293,"featured_media":0,"comment_status":"closed","ping_status":"closed","sticky":false,"template":"","format":"standard","meta":{"footnotes":""},"categories":[100,93],"tags":[101,109,175,110,138],"class_list":["post-1284","post","type-post","status-publish","format-standard","hentry","category-actualite","category-revue-de-presse","tag-bains-municipaux","tag-conseil-municipal","tag-jean-philippe-vetter","tag-petition","tag-plan-piscine"],"_links":{"self":[{"href":"https:\/\/azqs.com\/lavictoirepourtous\/wp-json\/wp\/v2\/posts\/1284"}],"collection":[{"href":"https:\/\/azqs.com\/lavictoirepourtous\/wp-json\/wp\/v2\/posts"}],"about":[{"href":"https:\/\/azqs.com\/lavictoirepourtous\/wp-json\/wp\/v2\/types\/post"}],"author":[{"embeddable":true,"href":"https:\/\/azqs.com\/lavictoirepourtous\/wp-json\/wp\/v2\/users\/293"}],"replies":[{"embeddable":true,"href":"https:\/\/azqs.com\/lavictoirepourtous\/wp-json\/wp\/v2\/comments?post=1284"}],"version-history":[{"count":4,"href":"https:\/\/azqs.com\/lavictoirepourtous\/wp-json\/wp\/v2\/posts\/1284\/revisions"}],"predecessor-version":[{"id":1288,"href":"https:\/\/azqs.com\/lavictoirepourtous\/wp-json\/wp\/v2\/posts\/1284\/revisions\/1288"}],"wp:attachment":[{"href":"https:\/\/azqs.com\/lavictoirepourtous\/wp-json\/wp\/v2\/media?parent=1284"}],"wp:term":[{"taxonomy":"category","embeddable":true,"href":"https:\/\/azqs.com\/lavictoirepourtous\/wp-json\/wp\/v2\/categories?post=1284"},{"taxonomy":"post_tag","embeddable":true,"href":"https:\/\/azqs.com\/lavictoirepourtous\/wp-json\/wp\/v2\/tags?post=1284"}],"curies":[{"name":"wp","href":"https:\/\/api.w.org\/{rel}","templated":true}]}}