{"id":1246,"date":"2015-11-06T12:22:34","date_gmt":"2015-11-06T11:22:34","guid":{"rendered":"http:\/\/azqs.com\/lavictoirepourtous\/?p=1246"},"modified":"2015-11-06T12:29:37","modified_gmt":"2015-11-06T11:29:37","slug":"rue89-affaire-des-bains-droit-de-reponse-de-la-ville-et-de-leurometropole-06112015","status":"publish","type":"post","link":"https:\/\/azqs.com\/lavictoirepourtous\/2015\/11\/06\/rue89-affaire-des-bains-droit-de-reponse-de-la-ville-et-de-leurometropole-06112015\/","title":{"rendered":"Rue89 &#8211; Affaire des Bains : droit de r\u00e9ponse de la Ville et de l\u2019Eurom\u00e9tropole &#8211; 06\/11\/2015"},"content":{"rendered":"<p><span style=\"color: #b30b0b\"><strong><em>Et voil\u00e0 que l&rsquo;AFFAIRE DES BAINS d\u00e9range s\u00e9rieusement quelques uns\u2026 Lire la r\u00e9ponse de Rue89, qui maintien ses propos ! A suivre avec beaucoup d\u2019attention !\u00a0<\/em><\/strong><\/span><\/p>\n<p><strong>Lire l&rsquo;article sur Rue89 <span style=\"color: #000000\">:\u00a0<\/span><\/strong><span style=\"color: #0000ff\"><strong>http:\/\/www.rue89strasbourg.com\/index.php\/2015\/11\/06\/politique\/affaire-bains-municipaux-strasbourg-droit-de-reponse\/<\/strong><\/span><\/p>\n<header class=\"single-entry-header\">\n<h1 class=\"entry-title\"><strong>Affaire des Bains : droit de r\u00e9ponse de la Ville et de l\u2019Eurom\u00e9tropole de Strasbourg<\/strong><\/h1>\n<\/header>\n<div class=\"single-entry-content\">\n<dl id=\"attachment_88481\" class=\"wp-caption aligncenter\">\n<dt class=\"wp-caption-dt\">\n<div id=\"attachment_88481\" style=\"width: 524px\" class=\"wp-caption alignnone\"><img loading=\"lazy\" decoding=\"async\" aria-describedby=\"caption-attachment-88481\" class=\"wp-image-88481 size-large\" src=\"http:\/\/www.rue89strasbourg.com\/wp-content\/uploads\/2015\/06\/20150618_110319-514x289.jpg\" alt=\"Un bain \u00e0 haute temp\u00e9rature. (photo JFG \/ Rue89 Strasbourg)\" width=\"514\" height=\"289\" \/><p id=\"caption-attachment-88481\" class=\"wp-caption-text\">Un bain \u00e0 haute temp\u00e9rature. (photo JFG \/ Rue89 Strasbourg)<\/p><\/div>\n<\/dt>\n<\/dl>\n<h3><strong>La Ville et l\u2019Eurom\u00e9tropole de Strasbourg ont adress\u00e9 \u00e0 Rue89 Strasbourg un droit de r\u00e9ponse, suite \u00e0 notre article sur l\u2019affaire\u00a0des Bains municipaux de Strasbourg.<\/strong> (&#8230;)<\/h3>\n<p><strong>lire la suite sur Rue89 :\u00a0<span style=\"color: #0000ff\">http:\/\/www.rue89strasbourg.com\/index.php\/2015\/11\/06\/politique\/affaire-bains-municipaux-strasbourg-droit-de-reponse\/<\/span><\/strong><\/p>\n<p>&nbsp;<\/p>\n<\/div>\n<p>&nbsp;<\/p>\n<p>&nbsp;<\/p>\n","protected":false},"excerpt":{"rendered":"<p>Et voil\u00e0 que l&rsquo;AFFAIRE DES BAINS d\u00e9range s\u00e9rieusement quelques uns\u2026 Lire la r\u00e9ponse de Rue89, qui maintien ses propos ! A suivre avec beaucoup d\u2019attention !\u00a0 Lire l&rsquo;article sur Rue89 :\u00a0http:\/\/www.rue89strasbourg.com\/index.php\/2015\/11\/06\/politique\/affaire-bains-municipaux-strasbourg-droit-de-reponse\/ Affaire des Bains : droit de r\u00e9ponse de la Ville et de l\u2019Eurom\u00e9tropole de Strasbourg La Ville et l\u2019Eurom\u00e9tropole de Strasbourg ont adress\u00e9 \u00e0 [&hellip;]<\/p>\n","protected":false},"author":293,"featured_media":0,"comment_status":"closed","ping_status":"closed","sticky":false,"template":"","format":"standard","meta":{"footnotes":""},"categories":[100,93],"tags":[216,101,215,134,123,214],"class_list":["post-1246","post","type-post","status-publish","format-standard","hentry","category-actualite","category-revue-de-presse","tag-affaire-bains","tag-bains-municipaux","tag-eurometropole","tag-privatisation","tag-rue89","tag-ville-de-strasbourg"],"_links":{"self":[{"href":"https:\/\/azqs.com\/lavictoirepourtous\/wp-json\/wp\/v2\/posts\/1246"}],"collection":[{"href":"https:\/\/azqs.com\/lavictoirepourtous\/wp-json\/wp\/v2\/posts"}],"about":[{"href":"https:\/\/azqs.com\/lavictoirepourtous\/wp-json\/wp\/v2\/types\/post"}],"author":[{"embeddable":true,"href":"https:\/\/azqs.com\/lavictoirepourtous\/wp-json\/wp\/v2\/users\/293"}],"replies":[{"embeddable":true,"href":"https:\/\/azqs.com\/lavictoirepourtous\/wp-json\/wp\/v2\/comments?post=1246"}],"version-history":[{"count":4,"href":"https:\/\/azqs.com\/lavictoirepourtous\/wp-json\/wp\/v2\/posts\/1246\/revisions"}],"predecessor-version":[{"id":1250,"href":"https:\/\/azqs.com\/lavictoirepourtous\/wp-json\/wp\/v2\/posts\/1246\/revisions\/1250"}],"wp:attachment":[{"href":"https:\/\/azqs.com\/lavictoirepourtous\/wp-json\/wp\/v2\/media?parent=1246"}],"wp:term":[{"taxonomy":"category","embeddable":true,"href":"https:\/\/azqs.com\/lavictoirepourtous\/wp-json\/wp\/v2\/categories?post=1246"},{"taxonomy":"post_tag","embeddable":true,"href":"https:\/\/azqs.com\/lavictoirepourtous\/wp-json\/wp\/v2\/tags?post=1246"}],"curies":[{"name":"wp","href":"https:\/\/api.w.org\/{rel}","templated":true}]}}