{"id":1162,"date":"2015-10-18T20:55:55","date_gmt":"2015-10-18T19:55:55","guid":{"rendered":"http:\/\/azqs.com\/lavictoirepourtous\/?p=1162"},"modified":"2015-10-18T21:01:30","modified_gmt":"2015-10-18T20:01:30","slug":"rue89-a-la-reunion-sur-les-bains-municipaux-le-cadre-se-precise-18102015","status":"publish","type":"post","link":"https:\/\/azqs.com\/lavictoirepourtous\/2015\/10\/18\/rue89-a-la-reunion-sur-les-bains-municipaux-le-cadre-se-precise-18102015\/","title":{"rendered":"Rue89 &#8211; A la r\u00e9union sur les Bains municipaux, le \u00ab cadre \u00bb se pr\u00e9cise &#8211; 18\/10\/2015"},"content":{"rendered":"<header class=\"single-entry-header\">\n<h1 class=\"entry-title\">\u00a0<a class=\"fancybox\" href=\"http:\/\/www.rue89strasbourg.com\/wp-content\/uploads\/2015\/10\/r%C3%A9u-bains.jpg\" rel=\"fancybox\"><img loading=\"lazy\" decoding=\"async\" class=\"size-large wp-image-95240\" src=\"http:\/\/www.rue89strasbourg.com\/wp-content\/uploads\/2015\/10\/r%C3%A9u-bains-514x503.jpg\" alt=\"Les participants ont beaucoup d\u00e9fendu les choix de la municipalit\u00e9 sur la r\u00e9novation des bains municipaux. (photo JFG \/ Rue89 Strasbourg)\" width=\"514\" height=\"503\" \/><\/a><\/h1>\n<\/header>\n<div class=\"single-entry-content\">\n<h3>Lors de la deuxi\u00e8me r\u00e9union publique sur l\u2019avenir des bains municipaux, l\u2019adjoint Olivier Bitz et les intervenants ont beaucoup d\u00e9fendu les choix de la municipalit\u00e9. Quelques zones d\u2019ombres s\u2019\u00e9claircissent, m\u00eame si le sauna et les bains romains restent le point chaud.<\/h3>\n<p>En 2008, Jean Waline et Olivier Bitz \u00e9taient adversaires. Aux \u00e9lections cantonales (devenues d\u00e9partementales), le jeune Olivier Bitz (PS), aujourd\u2019hui adjoint au maire en charge du dossier de la r\u00e9novation des bains muncipaux poussait, \u00e0 la surprise g\u00e9n\u00e9rale, le professeur Waline (droite) \u00e0 la retraite politique, apr\u00e8s 31 ans de carri\u00e8re. Vendredi 16 octobre, le pass\u00e9 \u00e9tait mis de c\u00f4t\u00e9. Le professeur de droit et ancien membre du Conseil constitutionnel \u00e9tait invit\u00e9 \u00e0 parler de\u00a0\u00ab\u00a0l\u2019\u00e9volution du service public\u00a0\u00bb aux bains municipaux, en tant que Strasbourgeois attach\u00e9 et usager du lieu.<\/p>\n<p>Et cela tombe bien, il avait le m\u00eame avis que la municipalit\u00e9 : ce qui est ouvert au public doit le rester, d\u00e9penser pour r\u00e9nover co\u00fbte trop cher (la somme de 30 \u00e0 40 millions d\u2019euros \u00e0 toujours \u00e9t\u00e9 avanc\u00e9e sans que les \u00e9tudes associ\u00e9es soient publi\u00e9es), il faut confier la gestion du lieu \u00e0 quelqu\u2019un d\u2019autre et il faut ouvrir les espaces inoccup\u00e9s pour le futur exploitant, qui paiera la r\u00e9novation.<\/p>\n<p>L\u2019universitaire, qui a d\u2019ailleurs jug\u00e9 n\u00e9cessaire de pr\u00e9ciser deux fois sur le fait\u00a0qu\u2019il \u00e9tait l\u00e0 en tant qu\u2019homme \u00ab\u00a0libre\u00a0\u00bb et \u00ab\u00a0ind\u00e9pendant\u00a0\u00bb, s\u2019est expliqu\u00e9 chiffres \u00e0 l\u2019appui. En 2013 comme 2014, plus de 150 000 entr\u00e9es ont \u00e9t\u00e9 enregistr\u00e9es. Le budget est pass\u00e9 3,1 millions d\u2019euros \u00e0 2,9, alors qu\u2019en revanche les recettes ont grimp\u00e9 de 377 000 \u00e0 405 000 euros de recettes.<\/p>\n<h4>D\u00e9fendre les choix<\/h4>\n<p><a href=\"http:\/\/www.strasbourg.eu\/fr\/fonctionnement-ville-cus\/mairie-de-strasbourg\/conseils-municipaux\/conseil-municipal-du-lundi-12-octobre-2015?redirect=http%3A%2F%2Fwww.strasbourg.eu%2Ffr%2Ffonctionnement-ville-cus%2Fmairie-de-strasbourg%2Fconseils-municipaux%3Bjsessionid%3DD26B6919CAE9969F79BC3313B7D9C24D%3Fp_p_id%3D101_INSTANCE_D9Ez%26p_p_lifecycle%3D0%26p_p_state%3Dnormal%26p_p_mode%3Dview%26p_p_col_id%3Dcolumn-1%26p_p_col_pos%3D1%26p_p_col_count%3D2\" target=\"_blank\">Interpell\u00e9 lundi au conseil municipal par l\u2019opposition<\/a>\u00a0sur <a href=\"http:\/\/www.rue89strasbourg.com\/index.php\/2015\/09\/17\/politique\/premiere-reunion-publique-bains-municipaux\/\" target=\"_blank\">le faible dialogue dans la premi\u00e8re r\u00e9union<\/a>, le maire Roland Ries (PS) avait r\u00e9pondu que certes il y avait \u00ab\u00a0une concertation\u00a0\u00bb, mais qu\u2019il avait avant tout fix\u00e9 \u00ab\u00a0un cadre\u00a0\u00bb, \u00e0 savoir confier la gestion du b\u00e2timent \u00e0 un prestataire ext\u00e9rieur. Quand bien m\u00eame certains ne sont pas d\u2019accord avec celui-ci, ce cadre ne peut \u00eatre remis en cause. Lors de cette deuxi\u00e8me r\u00e9union les intervenants ont surtout justifi\u00e9 ce cadre.<\/p>\n<p>Pierre Laplane, directeur g\u00e9n\u00e9ral des services de l\u2019Eurom\u00e9tropole a expliqu\u00e9 que certains services publics n\u2019\u00e9taient plus rendus par les agents de la collectivit\u00e9 et a d\u00e9taill\u00e9 les autres modes de gestion d\u00e9j\u00e0 en place \u00e0 Strasbourg (convention, d\u00e9l\u00e9gation etc.) qui garantissaient tout de m\u00eame un \u00ab\u00a0contr\u00f4le\u00a0\u00bb. Pour la premi\u00e8re fois l\u2019\u00e9conomie en faisant recours \u00e0 l\u2019externalisation des activit\u00e9s de nettoyage des \u00e9coles et des piscines a \u00e9t\u00e9 avanc\u00e9. \u00ab\u00a0L\u00e0 o\u00f9 la collectivit\u00e9 payait 100, elle d\u00e9bourse 60\u00a0\u00bb. Cependant, l\u2019exploitation sociale et pr\u00e9carisation des travailleurs par ces entreprises, d\u00e9nonc\u00e9e par des syndicats ou agents n\u2019a pas \u00e9t\u00e9 soulev\u00e9e.<\/p>\n<p>Alexandre Feltz (sans \u00e9tiquette), adjoint \u00e0 la Sant\u00e9 publique a, lui, d\u00e9taill\u00e9 <a href=\"http:\/\/www.rue89strasbourg.com\/index.php\/2015\/05\/18\/societe\/sport-sur-ordonnance-les-regards-se-tournent-vers-strasbourg\/\" target=\"_blank\">le programme Sport ordonnance<\/a>, qui doit b\u00e9n\u00e9ficier de davantage de cr\u00e9neaux dans les bassins de la piscine de la Victoire. Interpell\u00e9 sur les bienfaits du sauna pour la sant\u00e9 \u00ab\u00a0qui me font renoncer \u00e0 mes s\u00e9ances de kin\u00e9\u00a0\u00bb, dixit un participante, il a r\u00e9pondu que cela correspondait \u00e0 une activit\u00e9 de bien-\u00eatre importante, mais qu\u2019aucune \u00e9tude ne prouvait qu\u2019elle gu\u00e9rissait de maladies.<\/p>\n<h4>\u00ab\u00a0Pas question de fermer les bains\u00a0\u00bb pour Olivier Bitz<\/h4>\n<p>Vot\u00e9e en juin, une \u00ab\u00a0charte de la r\u00e9novation\u00a0\u00bb devait rassurer les citoyens, mais les participants (plus nombreux qu\u2019\u00e0 la premi\u00e8re r\u00e9union, proches des quatre-vingt dix), ne l\u2019ont pas comprise comme les r\u00e9dacteurs. La phrase le \u00ab\u00a0maintien d\u2019activit\u00e9 de baignade\u00a0\u00bb (au singulier) au m\u00eame prix que les autres piscines de l\u2019Eurom\u00e9tropole a \u00e9t\u00e9 comme \u00ab\u00a0juste une piscine sur les deux et pas les bains\u00a0\u00bb. L\u2019adjoint Olivier Bitz a affirm\u00e9 que cela signifie bien les deux piscines et aussi les bains et sauna.<\/p>\n<p>Apr\u00e8s la r\u00e9union, l\u2019adjoint Olivier Bitz estime que ces r\u00e9unions servent \u00e0 d\u00e9samorcer l\u2019incompr\u00e9hension\u00a0:<\/p>\n<blockquote><p>\u00ab\u00a0Il n\u2019est pas question de fermer les bains romains et sauna. Mais je ne m\u2019engage pas sur un prix futur, car la priorit\u00e9 est de donner plus de cr\u00e9neaux au Sport sur ordonnance, dont les enjeux en sant\u00e9 sont plus important.\u00a0\u00bb<\/p><\/blockquote>\n<h4>Le prix des sauna et bains en questions<\/h4>\n<p>Pour autant les d\u00e9bats se crispent sur cette th\u00e9matique, en partie car aucun budget s\u00e9par\u00e9 des activit\u00e9s n\u2019est pr\u00e9sent\u00e9, mais que cette activit\u00e9 est jug\u00e9e aujourd\u2019hui trop co\u00fbteuse. Olivier Bitz a avanc\u00e9 que les recettes sont de 8,84\u20ac de recettes par entr\u00e9e, pour un co\u00fbt total de 26\u20ac, la diff\u00e9rence \u00e9tant prise en charge par la collectivit\u00e9. Une moyenne qui a beaucoup fait r\u00e9agir l\u2019assembl\u00e9e, alors que les entr\u00e9es sont \u00e0 15\u20ac et les abonnements ont \u00e9t\u00e9 supprim\u00e9s. Il reste cependant des tarifs r\u00e9duits sous conditions \u00e0 8\u20ac et 30\u20ac les 5 entr\u00e9es, mais cette proportion \u00e9tonne.<\/p>\n<p>Les participants, qui mettent en avant les milieux modestes qui fr\u00e9quentent le lieu et comprennent mal que la part de la collectivit\u00e9 doivent baisser quand cela n\u2019est pas remis en question dans d\u2019autres domaines. L\u2019exemple de l\u2019Op\u00e9ra, dans des proportions bien plus \u00e9lev\u00e9es, est revenu plusieurs fois.<\/p>\n<p>Apr\u00e8s les \u00e9changes, voici la direction que prennent les d\u00e9bats\u00a0:<\/p>\n<ul>\n<li>Il y aura un seul exploitant priv\u00e9 de tout le b\u00e2timent, dans un contrat encadr\u00e9 avec la Ville et l\u2019Eurom\u00e9tropole propri\u00e9taire.<\/li>\n<li>La trentaine d\u2019agents de l\u2019Eurom\u00e9tropole ne travaillera plus sur ce site. La collectivit\u00e9 compte employer 1\u00a0000 agents de moins en 2020\/2022 (de 8200 \u00e0 7400 salari\u00e9s environ) pour stabiliser les d\u00e9penses de personnel.<\/li>\n<li>Les espaces r\u00e9nov\u00e9s devront g\u00e9n\u00e9rer une nouvelle activit\u00e9, rentable, permettant de financer les activit\u00e9s maintenues.<\/li>\n<li>Le sauna et les bains bains romains ne devraient pas \u00eatre ferm\u00e9, leur prix pourrait en revanche augmenter.<\/li>\n<li>Les cr\u00e9neaux pour les activit\u00e9s de Sport sur ordonnance seront augment\u00e9s, ceux de natation r\u00e9duits s\u2019il n\u2019y a pas de nouveau bassin construit.<\/li>\n<li>Quelques baignoires et douches resteront \u00e0 disposition (entre 10 et 12 usagers s\u2019y rendent tous les jours)<\/li>\n<li>Les piscines seront au m\u00eame prix qu\u2019ailleurs dans l\u2019Eurom\u00e9tropole.<\/li>\n<\/ul>\n<h4>Un restaurant ? Un institut de formation ?<\/h4>\n<p>Les r\u00e9unions publiques devraient en th\u00e9orie davantage porter sur l\u2019utilisation des autres parties du b\u00e2timent, notamment la cour arri\u00e8re actuellement utilis\u00e9e comme parking pour les employ\u00e9s (<a href=\"http:\/\/www.rue89strasbourg.com\/index.php\/2015\/07\/06\/vigie\/2009-piscine-exterieur-victoire-krutenau\/\" target=\"_blank\">une piscine ext\u00e9rieure avait \u00e9t\u00e9 envisag\u00e9e en 2009<\/a>) ou les 5\u00a0000m\u00b2, la moiti\u00e9 de la surface, successivement abandonn\u00e9s par les municipalit\u00e9s. Olivier Bitz a toujours dit que ces questions n\u2019\u00e9taient pas tranch\u00e9es. L\u2019id\u00e9e d\u2019un restaurant (sans plus de d\u00e9tail sur le type) a par exemple \u00e9t\u00e9 \u00e9voqu\u00e9e et ne soul\u00e8ve pas d\u2019opposition.<\/p>\n<p>Reste qu\u2019une activit\u00e9 de restauration ne permettra pas de compenser les 2,5 millions de d\u00e9ficit actuels, auxquels s\u2019ajouteront la prise en charge des lourds travaux de r\u00e9novation.\u00a0Olivier Bitz propose aussi \u00e0 l\u2019issue de la r\u00e9union la mise en place un institut de formation pour les intervenants dans le programme Sport sur ordonnance, <a href=\"http:\/\/sante.lefigaro.fr\/actualite\/2015\/05\/15\/23731-sport-sur-ordonnance-bientot-realite\" target=\"_blank\">un dispositif qui va s\u2019\u00e9largir \u00e0 la France enti\u00e8re avec la loi de Sant\u00e9<\/a>.<\/p>\n<p>Bien qu\u2019en d\u00e9saccord avec \u00ab\u00a0le cadre\u00a0\u00bb? Bernard Aghia du collectif \u00ab\u00a0la Victoire pour tous\u00a0\u00bb voit un motif de satisfaction des r\u00e9unions :<\/p>\n<blockquote><p>\u00ab\u00a0On dirait qu\u2019il y a une meilleure prise en compte de l\u2019attachement au lieu et au fait de pouvoir continuer \u00e0 y acc\u00e9der. La piste de l\u2019h\u00f4tel de luxe, ce qui exclurait beaucoup de Strasbourgeois du site, semble un peu moins forte qu\u2019il y a quelques mois. Mais il faut rester vigilant.\u00a0\u00bb<\/p><\/blockquote>\n<p>Il reste cependant peu clair en quoi ces r\u00e9unions impactent la r\u00e9daction de l\u2019\u00e9tude pr\u00e9vue pour d\u00e9cembre, notamment car les d\u00e9bats portent sur ce qui doit \u00eatre pr\u00e9serv\u00e9 et non ce qui peut \u00eatre fait. Le directeur de la soci\u00e9t\u00e9 publique locale Deux Rives Eric Bazard a assist\u00e9 aux deux r\u00e9unions :<\/p>\n<blockquote><p>\u00ab\u00a0Je d\u00e9couvre que les Bains n\u2019\u00e9taient pas un lieu de loisir et que les enjeux \u00a0\u00e9voluent avec les \u00e9poques. Dans tout ce qui est demand\u00e9 rien ne semble infaisable. Nos travaux ne doivent pas d\u00e9terminer si c\u2019est au priv\u00e9 ou au public de g\u00e9rer le lieu, mais de savoir ce qui est possible sur le plan technique. Reste \u00e0 trouver l\u2019\u00e9quilibre financier.\u00a0\u00bb<\/p><\/blockquote>\n<p>La derni\u00e8re r\u00e9union est pr\u00e9vue le vendredi 30 octobre, toujours en salle Louis Pasteur au Palais universitaire \u00e0 19h, en pr\u00e9sence du maire Roland Ries.<\/p>\n<h2>ALLER PLUS LOIN<\/h2>\n<p><strong>Sur Rue89 Strasbourg :\u00a0<a href=\"http:\/\/www.rue89strasbourg.com\/index.php\/2015\/09\/17\/politique\/premiere-reunion-publique-bains-municipaux\/\" target=\"_blank\">Trois choses \u00e0 savoir sur la premi\u00e8re r\u00e9union sur les Bains municipaux<\/a><\/strong><\/p>\n<p><strong>Sur Rue89 Strasbourg : <a href=\"http:\/\/www.rue89strasbourg.com\/index.php\/tag\/bains-municipaux\/\" target=\"_blank\">tous nos articles sur les bains municipaux de Strasbourg<\/a><\/strong><\/p>\n<\/div>\n","protected":false},"excerpt":{"rendered":"<p>\u00a0 Lors de la deuxi\u00e8me r\u00e9union publique sur l\u2019avenir des bains municipaux, l\u2019adjoint Olivier Bitz et les intervenants ont beaucoup d\u00e9fendu les choix de la municipalit\u00e9. Quelques zones d\u2019ombres s\u2019\u00e9claircissent, m\u00eame si le sauna et les bains romains restent le point chaud. En 2008, Jean Waline et Olivier Bitz \u00e9taient adversaires. Aux \u00e9lections cantonales (devenues [&hellip;]<\/p>\n","protected":false},"author":293,"featured_media":0,"comment_status":"closed","ping_status":"closed","sticky":false,"template":"","format":"standard","meta":{"footnotes":""},"categories":[100,93],"tags":[101,185,122,165,134,123,186],"class_list":["post-1162","post","type-post","status-publish","format-standard","hentry","category-actualite","category-revue-de-presse","tag-bains-municipaux","tag-bains-romains","tag-collectif","tag-olivier-bitz","tag-privatisation","tag-rue89","tag-sauna"],"_links":{"self":[{"href":"https:\/\/azqs.com\/lavictoirepourtous\/wp-json\/wp\/v2\/posts\/1162"}],"collection":[{"href":"https:\/\/azqs.com\/lavictoirepourtous\/wp-json\/wp\/v2\/posts"}],"about":[{"href":"https:\/\/azqs.com\/lavictoirepourtous\/wp-json\/wp\/v2\/types\/post"}],"author":[{"embeddable":true,"href":"https:\/\/azqs.com\/lavictoirepourtous\/wp-json\/wp\/v2\/users\/293"}],"replies":[{"embeddable":true,"href":"https:\/\/azqs.com\/lavictoirepourtous\/wp-json\/wp\/v2\/comments?post=1162"}],"version-history":[{"count":2,"href":"https:\/\/azqs.com\/lavictoirepourtous\/wp-json\/wp\/v2\/posts\/1162\/revisions"}],"predecessor-version":[{"id":1165,"href":"https:\/\/azqs.com\/lavictoirepourtous\/wp-json\/wp\/v2\/posts\/1162\/revisions\/1165"}],"wp:attachment":[{"href":"https:\/\/azqs.com\/lavictoirepourtous\/wp-json\/wp\/v2\/media?parent=1162"}],"wp:term":[{"taxonomy":"category","embeddable":true,"href":"https:\/\/azqs.com\/lavictoirepourtous\/wp-json\/wp\/v2\/categories?post=1162"},{"taxonomy":"post_tag","embeddable":true,"href":"https:\/\/azqs.com\/lavictoirepourtous\/wp-json\/wp\/v2\/tags?post=1162"}],"curies":[{"name":"wp","href":"https:\/\/api.w.org\/{rel}","templated":true}]}}