{"id":1144,"date":"2015-10-17T21:58:20","date_gmt":"2015-10-17T20:58:20","guid":{"rendered":"http:\/\/azqs.com\/lavictoirepourtous\/?p=1144"},"modified":"2015-10-18T20:18:31","modified_gmt":"2015-10-18T19:18:31","slug":"communique-du-collectif-15102015","status":"publish","type":"post","link":"https:\/\/azqs.com\/lavictoirepourtous\/2015\/10\/17\/communique-du-collectif-15102015\/","title":{"rendered":"Communiqu\u00e9 du Collectif &#8211; 15\/10\/2015"},"content":{"rendered":"<h1><span style=\"color: #a81414\"><em><strong>Les Bains sont \u00e0\u00a0nous et doivent le rester !\u00a0\u00a0<\/strong><\/em><\/span><\/h1>\n<p><span style=\"color: #000000\"><strong>A lire, photocopier et diffuser largement, si vous le souhaitez (en recto-verso) : <\/strong><\/span><\/p>\n<p><strong><span style=\"color: #000000\">Version \u00e0\u00a0imprimer : \u00a0Cliquer sur le lien :<\/span>\u00a0<\/strong><span style=\"color: #0000ff\"><strong><a style=\"color: #0000ff\" href=\"http:\/\/azqs.com\/lavictoirepourtous\/files\/2015\/10\/tract2.pdf\">tract2<\/a><\/strong><\/span><\/p>\n<blockquote><p><em>Service public\/entreprise priv\u00e9e\u00a0: deux modes de gestion tr\u00e8s diff\u00e9rents&#8230;<\/em><\/p>\n<p><em>La gestion publique vise l\u2019int\u00e9r\u00eat commun des citoyens.<\/em><\/p>\n<p><em>La gestion priv\u00e9e vise le profit.<\/em><\/p>\n<p><em>La r\u00e9novation des Bains municipaux d\u00e9pendra de ce choix. Elle ne sera pas la m\u00eame selon que la ville g\u00e9rera un \u00e9tablissement \u00e0 vocation municipale, c\u2019est-\u00e0-dire populaire, ou qu\u2019une entreprise visera une rentabilit\u00e9 financi\u00e8re, en ciblant une client\u00e8le ais\u00e9e.<\/em><\/p>\n<p><em>On peut toujours essayer de jouer sur les mots\u00a0: service public ou service au public, personne n\u2019est dupe devant la manipulation id\u00e9ologique \u2013 et la s\u00e9ance du conseil municipal du 12 octobre nous en a livr\u00e9 quelques perles, que vous pouvez retrouver en ligne sur le site de la ville de Strasbourg. Le point 21 concernait une interpellation du conseiller d\u2019opposition, Jean-Philippe Vetter, sur le projet du maire de privatiser les Bains municipaux. La question \u00e9tait\u00a0: est-il envisageable que vous reveniez sur une d\u00e9cision prise sans concertation\u00a0? Voici nos commentaires aux r\u00e9ponses fournies par Olivier Bitz, charg\u00e9 de la concertation et par Roland Ries, maire de Strasbourg.<\/em><\/p>\n<p><em><strong>Olivier Bitz\u00a0:<\/strong> <strong>\u00ab&#8230;depuis des d\u00e9cennies, des activit\u00e9s lib\u00e9rales de nature priv\u00e9e se d\u00e9roulent aux Bains municipaux.\u00a0\u00bb<\/strong><\/em><\/p>\n<p><em>Si l\u2019argument vise \u00e0 banaliser la privatisation annonc\u00e9e, l\u2019exemple est bien mal trouv\u00e9. Il n\u2019y a pas de gestion priv\u00e9e. La Ville loue des locaux avec des baux commerciaux \u00e0 des exploitants priv\u00e9s. Pourquoi pas, si la Ville d\u00e9fendait correctement ses int\u00e9r\u00eats\u00a0? Cependant, nous n\u2019avons aucune information sur les loyers pratiqu\u00e9s\u2026<\/em><\/p>\n<p><em><strong>Roland Ries\u00a0:<\/strong> <strong>\u00ab\u00a0des activit\u00e9s qui\u00a0d\u2019ores et d\u00e9j\u00e0 sont priv\u00e9es, qui \u00e9taient priv\u00e9es \u00e0 l\u2019\u00e9poque\u00a0(\u2026) les kin\u00e9s, les Bains romains\u2026\u00a0\u00bb<\/strong><\/em><\/p>\n<p><em>Alors, l\u00e0, c\u2019est archi-faux\u00a0\u2013 et cela montre, une fois encore, la m\u00e9connaissance s\u00e9v\u00e8re du maire \u00e0 propos de l\u2019Histoire des Bains municipaux\u00a0! Les Bains Romains sont publics et g\u00e9r\u00e9s par la Ville depuis l\u2019inauguration de l\u2019\u00e9tablissement, en 1908. Ce service, auquel bien des Strasbourgeois sont attach\u00e9s, n\u2019a JAMAIS \u00e9t\u00e9 priv\u00e9\u00a0!<\/em><\/p>\n<p><em>Le dossier est-il si mal connu des \u00e9diles qu\u2019ils confondent toutes les activit\u00e9s des Bains, ou prennent-ils leurs d\u00e9sirs pour des r\u00e9alit\u00e9s\u00a0?<\/em><\/p>\n<p><em><strong>Olivier Bitz\u00a0: \u00ab\u00a0en quoi s\u2019agit-il d\u2019une privatisation, lorsque nous nous interrogeons sur l\u2019utilisation des 5000 m2 qui aujourd\u2019hui sont vides et qui ne peuvent pas donner lieu \u00e0 privatisation puisqu\u2019il n\u2019y a pas d\u2019exploitation de service public.\u00a0\u00bb<\/strong><\/em><\/p>\n<p><em>De gr\u00e2ce, trouvez un argument s\u00e9rieux\u00a0: il y aurait donc 5000 m2 sans aucun statut foncier\u00a0? Une sorte de no man\u2019s land\u00a0? Non, \u00e7a n\u2019existe pas. La ville de Strasbourg est propri\u00e9taire d\u2019un lot foncier bien identifi\u00e9 au cadastre. Elle en laisse une grande partie \u00e0 l\u2019abandon : cette mauvaise gestion met sa responsabilit\u00e9 en cause\u00a0! Il s\u2019agit bien d\u2019un espace public, mal g\u00e9r\u00e9.<\/em><\/p>\n<p><em><strong>Olivier Bitz, \u00e0 propos de la charte vot\u00e9e en juin\u00a0: \u00ab\u00a0le service public est au c\u0153ur du projet de r\u00e9novation\u00a0\u00bb<\/strong><\/em><\/p>\n<p><em>Eh bien non, votre charte ne nous rassure pas\u00a0: elle ne parle que d\u2019une piscine (l\u00e0 le singulier est \u00e0 relever) au lieu des deux qui existent actuellement, elle n\u2019\u00e9voque par exemple que la fr\u00e9quentation scolaire et non celle des clubs comme celui des aveugles qui ont des besoins sp\u00e9cifiques non pr\u00e9vus dans les autres piscines de la ville. Rien n\u2019est clair non plus sur les douches pr\u00e9serv\u00e9es. Le sort du reste est scell\u00e9\u00a0: il n\u2019est pas dans la charte.<\/em><\/p>\n<p><em>De plus, il n&rsquo;est gu\u00e8re envisageable que deux gestionnaires distincts cohabitent dans un m\u00eame \u00e9tablissement : l&rsquo;ouverture d&rsquo;une piscine au public sera donc une charge impos\u00e9e au gestionnaire priv\u00e9, la ville payera tr\u00e8s cher pour cela (les 3,5 M\u20ac du \u00ab\u00a0d\u00e9ficit\u00a0\u00bb actuel ?) et, t\u00f4t ou tard, cette disposition sera supprim\u00e9e (voir le cas de la piscine Molitor).<\/em><\/p>\n<p><em><strong>Olivier Bitz\u00a0: La charte \u00ab\u00a0garantit le service de baignade, ce que d\u2019autres villes comme Colmar, Roubaix, Manchester n\u2019ont pas fait\u00a0\u00bb<\/strong><\/em><\/p>\n<p><em>Voil\u00e0 ce qui est pr\u00e9sent\u00e9 comme un \u00ab\u00a0d\u00e9fi\u00a0\u00bb, un cadeau fait aux Strasbourgeois. Et il cite trois cas de bains transform\u00e9s (par exemple, en Alsace, Colmar) en omettant ceux qui ont \u00e9t\u00e9 maintenus dans le giron municipal (Mulhouse). Par ailleurs, dans le cas de Colmar et de Roubaix, les \u00e9tablissements \u00e9taient ferm\u00e9s lors de la reconversion. Ce qui n\u2019est pas du tout le cas des Bains de Strasbourg, toujours en activit\u00e9.<\/em><\/p>\n<p><em><strong>\u00a0<\/strong><strong>Roland Ries : \u00ab\u00a0Je pratique la concertation depuis fort longtemps \u00bb\u00a0; puis, \u00e0 propos de la privatisation : \u00ab ce cadre, effectivement, je l\u2019ai fix\u00e9 au pr\u00e9alable \u00bb<\/strong><\/em><\/p>\n<p><em>Vous avez annonc\u00e9, Monsieur le maire, \u00e0 la t\u00e9l\u00e9, dans la presse, dans vos interventions et vous venez de le confirmer en CM, qu\u2019il y aurait une privatisation des Bains municipaux\u00a0: c\u2019est une d\u00e9cision unilat\u00e9rale\u00a0; sans concertation.<\/em><\/p>\n<p><em>Vous nous avez refus\u00e9 l\u2019acc\u00e8s aux informations sur des \u00e9tudes pay\u00e9es par nos imp\u00f4ts. Or chaque citoyen a le droit de conna\u00eetre les d\u00e9penses engag\u00e9es jusqu\u2019au dernier centime. Vous ne respectez pas les droits des citoyens.<\/em><\/p>\n<p><em>Vous nous avez fourni un document caviard\u00e9 pour cacher les noms, les sommes d\u00e9pens\u00e9es, les co\u00fbts envisag\u00e9s et m\u00eame les propositions du consultant. Vous ne trouvez pas cela insultant pour les citoyens\u00a0?<\/em><\/p>\n<p><em>Vous nous refusez le droit de faire signer dans l\u2019enceinte de l\u2019\u00e9tablissement la p\u00e9tition de d\u00e9fense des Bains municipaux\u00a0: comment comptez-vous \u00e9valuer l\u2019opinion publique\u00a0? O\u00f9 est le droit \u00e0 l\u2019information, au d\u00e9bat\u00a0?<\/em><\/p>\n<p><em>Vous organisez des conf\u00e9rences publiques\u00a0: nous y \u00e9coutons des orateurs qui disent des choses int\u00e9ressantes (les Bains sont en tr\u00e8s bon \u00e9tat de conservation, il s&rsquo;agissait en 1908 d&rsquo;un \u00e9tablissement remarquable et particuli\u00e8rement innovant socialement et techniquement&#8230;) mais le d\u00e9bat y est r\u00e9duit \u00e0 la portion congrue et quand, \u00e0 la fin de la s\u00e9ance, nous avons pos\u00e9 des questions, nous n\u2019avons obtenu aucune r\u00e9ponse de fond.<\/em><\/p>\n<p><em><strong>Roland Ries, sur le co\u00fbt de la r\u00e9novation\u00a0: \u00ab\u00a030\u2026 35 millions d\u2019euros \u00bb<\/strong><\/em><\/p>\n<p><em>Il faut vous croire sur parole puisque vous n\u2019avez jamais \u00e9nonc\u00e9 clairement \u00e0 quel programme correspondent ces chiffres. En revanche, sur l\u2019une des \u00e9tudes que nous nous sommes procur\u00e9e, il est question de deux sc\u00e9narios, qui se chiffrent \u00e0 environ 20 millions d\u2019euros (pour un co\u00fbt annuel, investissement compris, de moins de 2 M\u20ac), budget similaire \u00e0 celui de la belle r\u00e9novation des bains, financ\u00e9e par la commune de Darmstadt (22 M\u20ac). Sans parler des Bains de Gotha (19 M\u20ac) et de tant d\u2019autres en Allemagne.<\/em><\/p>\n<p><em>D\u2019ailleurs, de quelle r\u00e9novation parlez-vous, pour avancer un budget si important\u00a0? L\u2019option h\u00f4tel de luxe, d\u00e9j\u00e0 \u00e9voqu\u00e9e par votre adjoint, est-elle toujours valable\u00a0? Nous avons \u00e9cout\u00e9 l\u2019expos\u00e9 de l\u2019architecte, le 16 septembre\u00a0: le b\u00e2timent est en bon \u00e9tat dans toutes les parties fondamentales de sa structure. Seul un projet pharaonique co\u00fbterait cher.<\/em><\/p>\n<p><em><strong>Roland Ries, sur l\u2019augmentation des imp\u00f4ts locaux\u00a0: \u00ab\u00a0comment financer\u2026 sans augmenter les imp\u00f4ts\u00a0? \u00bb<\/strong><\/em><\/p>\n<p><em>Justement, les \u00e9lus doivent faire des choix politiques. Combien l\u2019Ecole internationale,\u00a0 que ne fr\u00e9quenteront que peu d\u2019enfants strasbourgeois a-t-elle co\u00fbt\u00e9 \u00e0 la Ville\u00a0? Vous n\u2019avez pas parl\u00e9 de hausse d\u2019imp\u00f4ts lors de l\u2019approbation d\u2019autres budgets\u00a0: le Palais des F\u00eates, le Palais des Congr\u00e8s et m\u00eame le quartier d\u2019affaires\u2026 Pourquoi la r\u00e9novation des Bains a-t-elle, seule, le privil\u00e8ge du chantage \u00e0 la hausse de l\u2019imposition\u00a0?<\/em><\/p>\n<h3><em><strong>Nous sommes port\u00e9s par tous les Strasbourgeois qui disent que les Bains sont \u00e0 nous et doivent le rester, et nous esp\u00e9rons tous que nous pourrons continuer \u00e0 fr\u00e9quenter les Bains municipaux de Strasbourg, s&rsquo;Stadtische Schwimmbad. <\/strong><\/em><\/h3>\n<p><em><strong>Strasbourg, le 15 octobre 2015<\/strong><\/em><\/p>\n<p><em><strong>Le collectif La Victoire pour tous<\/strong><\/em><\/p><\/blockquote>\n","protected":false},"excerpt":{"rendered":"<p>Les Bains sont \u00e0\u00a0nous et doivent le rester !\u00a0\u00a0 A lire, photocopier et diffuser largement, si vous le souhaitez (en recto-verso) : Version \u00e0\u00a0imprimer : \u00a0Cliquer sur le lien :\u00a0tract2 Service public\/entreprise priv\u00e9e\u00a0: deux modes de gestion tr\u00e8s diff\u00e9rents&#8230; La gestion publique vise l\u2019int\u00e9r\u00eat commun des citoyens. La gestion priv\u00e9e vise le profit. La r\u00e9novation [&hellip;]<\/p>\n","protected":false},"author":293,"featured_media":0,"comment_status":"closed","ping_status":"closed","sticky":false,"template":"","format":"standard","meta":{"footnotes":""},"categories":[100,94],"tags":[101,122,165,134,112],"class_list":["post-1144","post","type-post","status-publish","format-standard","hentry","category-actualite","category-communique","tag-bains-municipaux","tag-collectif","tag-olivier-bitz","tag-privatisation","tag-roland-ries"],"_links":{"self":[{"href":"https:\/\/azqs.com\/lavictoirepourtous\/wp-json\/wp\/v2\/posts\/1144"}],"collection":[{"href":"https:\/\/azqs.com\/lavictoirepourtous\/wp-json\/wp\/v2\/posts"}],"about":[{"href":"https:\/\/azqs.com\/lavictoirepourtous\/wp-json\/wp\/v2\/types\/post"}],"author":[{"embeddable":true,"href":"https:\/\/azqs.com\/lavictoirepourtous\/wp-json\/wp\/v2\/users\/293"}],"replies":[{"embeddable":true,"href":"https:\/\/azqs.com\/lavictoirepourtous\/wp-json\/wp\/v2\/comments?post=1144"}],"version-history":[{"count":4,"href":"https:\/\/azqs.com\/lavictoirepourtous\/wp-json\/wp\/v2\/posts\/1144\/revisions"}],"predecessor-version":[{"id":1161,"href":"https:\/\/azqs.com\/lavictoirepourtous\/wp-json\/wp\/v2\/posts\/1144\/revisions\/1161"}],"wp:attachment":[{"href":"https:\/\/azqs.com\/lavictoirepourtous\/wp-json\/wp\/v2\/media?parent=1144"}],"wp:term":[{"taxonomy":"category","embeddable":true,"href":"https:\/\/azqs.com\/lavictoirepourtous\/wp-json\/wp\/v2\/categories?post=1144"},{"taxonomy":"post_tag","embeddable":true,"href":"https:\/\/azqs.com\/lavictoirepourtous\/wp-json\/wp\/v2\/tags?post=1144"}],"curies":[{"name":"wp","href":"https:\/\/api.w.org\/{rel}","templated":true}]}}