{"id":111,"date":"2011-07-08T02:01:39","date_gmt":"2011-07-08T01:01:39","guid":{"rendered":"http:\/\/azqs.com\/lavictoirepourtous\/?p=111"},"modified":"2015-05-18T13:02:00","modified_gmt":"2015-05-18T12:02:00","slug":"dna-trente-mois-de-travaux","status":"publish","type":"post","link":"https:\/\/azqs.com\/lavictoirepourtous\/2011\/07\/08\/dna-trente-mois-de-travaux\/","title":{"rendered":"DNA : Trente mois de travaux."},"content":{"rendered":"<p>Si tout se d\u00e9roule comme pr\u00e9vu, les travaux de r\u00e9habilitation de l\u2019\u00e9tablissement de bains du boulevard de la Victoire, \u00e0 Strasbourg, pourraient \u00eatre engag\u00e9s en juillet\u00a02013. Le chantier devrait s\u2019\u00e9taler sur 30 mois.<br \/>\nLa r\u00e9habilitation des bains est chiffr\u00e9e \u00e0 30 millions d\u2019euros. (Photo archives DNA)<br \/>\nEn janvier\u00a02010, en pr\u00e9sentant le \u00ab Plan piscines \u00bb, Jacques Bigot et Robert Herrmann se jetaient \u00e0 l\u2019eau en \u00e9voquant un recours \u00e0 l\u2019investissement priv\u00e9 pour la r\u00e9habilitation du Grand \u00e9tablissement municipal de bains de Strasbourg, joyau d\u00e9cr\u00e9pit du patrimoine local.<\/p>\n<p><strong>D\u00e9l\u00e9gation de service public<\/strong><br \/>\nLes remous suscit\u00e9s par la hantise d\u2019une privatisation ont entra\u00een\u00e9 un processus de concertation nourri notamment par les travaux d\u2019un \u00ab atelier de projet \u00bb.<br \/>\nLa d\u00e9marche a \u00e9t\u00e9 close l\u2019autre soir par une ultime r\u00e9union pr\u00e9sid\u00e9e par Robert Herrmann. \u00c0 l\u2019\u00e9cole des arts d\u00e9coratifs, questions et r\u00e9ponses (les unes et les autres pointues) sur le p\u00e9rim\u00e8tre du service public, les priorit\u00e9s politiques, l\u2019\u00e9quation financi\u00e8re, le partenariat public priv\u00e9. \u00c0 ceux qui sont d\u00e9finitivement oppos\u00e9s \u00e0 une gestion priv\u00e9e des lieux, le premier adjoint au maire de Strasbourg a oppos\u00e9 l\u2019\u00e9quilibre budg\u00e9taire et les limites d\u2019un service public qui ne saurait \u00eatre \u00e9tendu aux soins du corps et au bien-\u00eatre : \u00ab Point trop n\u2019en faut\u2026 \u00bb La messe \u00e9tait dite. En mai dernier a \u00e9t\u00e9 annonc\u00e9 le choix du mode de gestion. Pour pr\u00e9server et valoriser un patrimoine unique, conserver l\u2019acc\u00e8s \u00e0 la piscine du boulevard de la Victoire dans les m\u00eames conditions que dans les autres \u00e9tablissements de la collectivit\u00e9 et optimiser l\u2019\u00e9difice en proposant des services compl\u00e9mentaires (solarium, massages, bains romains et autres, bassin ext\u00e9rieur, activit\u00e9s param\u00e9dicales, restauration\u2026) tout en r\u00e9solvant l\u2019\u00e9quation financi\u00e8re en question (l\u2019investissement est \u00e9valu\u00e9 \u00e0 30\u00a0millions d\u2019euros), la collectivit\u00e9 entend recourir \u00e0 la d\u00e9l\u00e9gation de service public.<\/p>\n<p><strong>La piscine ferm\u00e9e pendant pr\u00e8s de trois ans<\/strong><br \/>\nIl s\u2019agit de confier la r\u00e9novation de l\u2019ensemble \u00e0 un \u00ab partenaire du service public \u00bb via un contrat de longue dur\u00e9e (30 ans) qui garantit les conditions d\u2019acc\u00e8s \u00e0 la partie piscine (horaires, cr\u00e9neaux, tarifs). Le d\u00e9l\u00e9gataire priv\u00e9 se r\u00e9mun\u00e8re \u00e0 travers l\u2019exploitation de l\u2019\u00e9tablissement, des indemnit\u00e9s \u00e9tant vers\u00e9es par la collectivit\u00e9 au titre des missions de service public.<br \/>\nLa concr\u00e9tisation du projet suppose encore de nombreuses brass\u00e9es et le calendrier de l\u2019op\u00e9ration reste \u00e0 consolider. D\u2019ici \u00e0 la fin de l\u2019ann\u00e9e devraient \u00eatre prises les d\u00e9lib\u00e9rations du conseil municipal et du conseil de communaut\u00e9, d\u00e9taill\u00e9s le cahier des charges fonctionnel et les prescriptions patrimoniales, lanc\u00e9es la consultation d\u2019op\u00e9rateurs et les \u00e9tudes de diagnostic compl\u00e9mentaires.<br \/>\nDe janvier\u00a02012 \u00e0 juin\u00a02013 est pr\u00e9vu le \u00ab dialogue comp\u00e9titif \u00bb avec les \u00e9quipes retenues.<br \/>\nLe projet laur\u00e9at pourrait \u00eatre choisi en juillet\u00a02013. Et c\u2019est l\u00e0 qu\u2019interviendrait un \u00e9v\u00e9nement majeur : la fermeture des bains du boulevard de la Victoire pour cause de travaux, et cela durant 30 mois, soit pr\u00e8s de trois ans : l\u2019\u00e9quipement \u00e0 r\u00e9nover est complexe, prot\u00e9g\u00e9 au titre des monuments historiques et situ\u00e9 dans le secteur nouvellement sauvegard\u00e9.<br \/>\n<strong>J.-J.\u00a0B.<\/strong><\/p>\n<p><a href=\"http:\/\/www.dna.fr\/fr\/strasbourg\/info\/5386107-Strasbourg-Bains-municipaux-Trente-mois-de-travaux#formcommentaires\" target=\"_blank\">http:\/\/www.dna.fr\/fr\/strasbourg\/info\/5386107-Strasbourg-Bains-municipaux-Trente-mois-de-travaux#formcommentaires<\/a><\/p>\n","protected":false},"excerpt":{"rendered":"<p>Si tout se d\u00e9roule comme pr\u00e9vu, les travaux de r\u00e9habilitation de l\u2019\u00e9tablissement de bains du boulevard de la Victoire, \u00e0 Strasbourg, pourraient \u00eatre engag\u00e9s en juillet\u00a02013. Le chantier devrait s\u2019\u00e9taler sur 30 mois. La r\u00e9habilitation des bains est chiffr\u00e9e \u00e0 30 millions d\u2019euros. (Photo archives DNA) En janvier\u00a02010, en pr\u00e9sentant le \u00ab Plan piscines \u00bb, [&hellip;]<\/p>\n","protected":false},"author":291,"featured_media":0,"comment_status":"closed","ping_status":"closed","sticky":false,"template":"","format":"standard","meta":{"footnotes":""},"categories":[100,133],"tags":[101,95,114,115,113],"class_list":["post-111","post","type-post","status-publish","format-standard","hentry","category-actualite","category-deja-en-2010","tag-bains-municipaux","tag-dna","tag-jj-blaesius","tag-rehabilitation","tag-strasbourg"],"_links":{"self":[{"href":"https:\/\/azqs.com\/lavictoirepourtous\/wp-json\/wp\/v2\/posts\/111"}],"collection":[{"href":"https:\/\/azqs.com\/lavictoirepourtous\/wp-json\/wp\/v2\/posts"}],"about":[{"href":"https:\/\/azqs.com\/lavictoirepourtous\/wp-json\/wp\/v2\/types\/post"}],"author":[{"embeddable":true,"href":"https:\/\/azqs.com\/lavictoirepourtous\/wp-json\/wp\/v2\/users\/291"}],"replies":[{"embeddable":true,"href":"https:\/\/azqs.com\/lavictoirepourtous\/wp-json\/wp\/v2\/comments?post=111"}],"version-history":[{"count":4,"href":"https:\/\/azqs.com\/lavictoirepourtous\/wp-json\/wp\/v2\/posts\/111\/revisions"}],"predecessor-version":[{"id":117,"href":"https:\/\/azqs.com\/lavictoirepourtous\/wp-json\/wp\/v2\/posts\/111\/revisions\/117"}],"wp:attachment":[{"href":"https:\/\/azqs.com\/lavictoirepourtous\/wp-json\/wp\/v2\/media?parent=111"}],"wp:term":[{"taxonomy":"category","embeddable":true,"href":"https:\/\/azqs.com\/lavictoirepourtous\/wp-json\/wp\/v2\/categories?post=111"},{"taxonomy":"post_tag","embeddable":true,"href":"https:\/\/azqs.com\/lavictoirepourtous\/wp-json\/wp\/v2\/tags?post=111"}],"curies":[{"name":"wp","href":"https:\/\/api.w.org\/{rel}","templated":true}]}}