{"id":709,"date":"2017-07-12T20:40:42","date_gmt":"2017-07-12T19:40:42","guid":{"rendered":"http:\/\/azqs.com\/gartenjardin\/?p=709"},"modified":"2017-07-13T19:05:08","modified_gmt":"2017-07-13T18:05:08","slug":"cafe-kuchen-mitwoch-5-juli-2017","status":"publish","type":"post","link":"https:\/\/azqs.com\/gartenjardin\/de\/2017\/07\/cafe-kuchen-mitwoch-5-juli-2017\/","title":{"rendered":"Caf\u00e9-Kuchen,  Mitwoch 5. Juli 2017"},"content":{"rendered":"<p>Der Verein Garten\/\/Jardin und die Freunde der Passerelle laden am <strong>Mittwoch,5. Juli 2017, ab 16 Uhr<\/strong>\u00a0zum Rhein \u00fcberschreitenden Austausch \u00fcber den Fluten des Rheins, auf die Plattform der Passerelle ein.<br id=\"yiv9437187486yui_3_16_0_ym19_1_1469656850355_6394\" \/>G\u00e4ste sind immer willkommen; gute Laune, Geschirr und etwas zu Teilen auch.<br id=\"yiv9437187486yui_3_16_0_ym19_1_1469656850355_6398\" \/>Bewegungsfreudige treffen sich mit ihren Fahrr\u00e4dern bereits um <strong>14 Uhr <\/strong>zur Rhein \u00fcberschreitenden Radrundfahrt auf der Plattform der Passerelle.<\/p>\n<div id=\"yiv6533323178yui_3_16_0_ym19_1_1498308121594_25939\"><em>\u00a0Sollte es sehr hei\u00df sein\u00a0 findet das Rendezvous <\/em><em>Caf\u00e9-Kuchen beim Eurothing statt, ca. 50m s\u00fcdlich der Passerelle am <\/em><em>deutschen Ufer.\u00a0<\/em><\/div>\n<div><\/div>\n<div><img loading=\"lazy\" decoding=\"async\" class=\"aligncenter size-medium wp-image-739\" src=\"http:\/\/azqs.com\/gartenjardin\/files\/2017\/06\/CafeKuchen07-2017-1-300x225.jpg\" alt=\"CafeKuchen07-2017\" width=\"300\" height=\"225\" srcset=\"https:\/\/azqs.com\/gartenjardin\/files\/2017\/06\/CafeKuchen07-2017-1-300x225.jpg 300w, https:\/\/azqs.com\/gartenjardin\/files\/2017\/06\/CafeKuchen07-2017-1-768x576.jpg 768w, https:\/\/azqs.com\/gartenjardin\/files\/2017\/06\/CafeKuchen07-2017-1-1024x768.jpg 1024w, https:\/\/azqs.com\/gartenjardin\/files\/2017\/06\/CafeKuchen07-2017-1-400x300.jpg 400w\" sizes=\"(max-width: 300px) 100vw, 300px\" \/><\/div>\n<div><\/div>\n<div>\n<div id=\"yui_3_16_0_ym19_1_1499963972632_13224\">Es war sehr heiss am Mittwoch den 5 juli am Rhein.Um so besser hat sich Die Wassertretstelle sudlich von Kehl angeboten,als Ersatz fuer die 2 Stunden Radtour.Am Euroting waren wir zahlreich im Schatten der Grossen Baume den Cat\u00e9\/Kuchen in Guter Gesellschaft zu geniessen.<\/div>\n<div id=\"yui_3_16_0_ym19_1_1499963972632_13272\"><\/div>\n<\/div>\n","protected":false},"excerpt":{"rendered":"<p>Der Verein Garten\/\/Jardin und die Freunde der Passerelle laden am Mittwoch,5. Juli 2017, ab 16 Uhr\u00a0zum Rhein \u00fcberschreitenden Austausch \u00fcber den Fluten des Rheins, auf die Plattform der Passerelle ein.G\u00e4ste sind immer willkommen; gute Laune, Geschirr und etwas zu Teilen <a class=\"more-link\" href=\"https:\/\/azqs.com\/gartenjardin\/de\/2017\/07\/cafe-kuchen-mitwoch-5-juli-2017\/\">Continuer la lecture <span class=\"screen-reader-text\">  Caf\u00e9-Kuchen,  Mitwoch 5. Juli 2017<\/span><span class=\"meta-nav\">&rarr;<\/span><\/a><\/p>\n","protected":false},"author":298,"featured_media":0,"comment_status":"closed","ping_status":"closed","sticky":false,"template":"","format":"standard","meta":{"footnotes":""},"categories":[71],"tags":[],"class_list":["post-709","post","type-post","status-publish","format-standard","hentry","category-kaffee-kuchen"],"_links":{"self":[{"href":"https:\/\/azqs.com\/gartenjardin\/wp-json\/wp\/v2\/posts\/709"}],"collection":[{"href":"https:\/\/azqs.com\/gartenjardin\/wp-json\/wp\/v2\/posts"}],"about":[{"href":"https:\/\/azqs.com\/gartenjardin\/wp-json\/wp\/v2\/types\/post"}],"author":[{"embeddable":true,"href":"https:\/\/azqs.com\/gartenjardin\/wp-json\/wp\/v2\/users\/298"}],"replies":[{"embeddable":true,"href":"https:\/\/azqs.com\/gartenjardin\/wp-json\/wp\/v2\/comments?post=709"}],"version-history":[{"count":5,"href":"https:\/\/azqs.com\/gartenjardin\/wp-json\/wp\/v2\/posts\/709\/revisions"}],"predecessor-version":[{"id":740,"href":"https:\/\/azqs.com\/gartenjardin\/wp-json\/wp\/v2\/posts\/709\/revisions\/740"}],"wp:attachment":[{"href":"https:\/\/azqs.com\/gartenjardin\/wp-json\/wp\/v2\/media?parent=709"}],"wp:term":[{"taxonomy":"category","embeddable":true,"href":"https:\/\/azqs.com\/gartenjardin\/wp-json\/wp\/v2\/categories?post=709"},{"taxonomy":"post_tag","embeddable":true,"href":"https:\/\/azqs.com\/gartenjardin\/wp-json\/wp\/v2\/tags?post=709"}],"curies":[{"name":"wp","href":"https:\/\/api.w.org\/{rel}","templated":true}]}}