{"id":707,"date":"2017-07-12T20:39:26","date_gmt":"2017-07-12T19:39:26","guid":{"rendered":"http:\/\/azqs.com\/gartenjardin\/?p=707"},"modified":"2018-04-15T17:23:44","modified_gmt":"2018-04-15T16:23:44","slug":"cafe-kuchen-mercredi-5-juillet-2017","status":"publish","type":"post","link":"https:\/\/azqs.com\/gartenjardin\/fr\/2017\/07\/cafe-kuchen-mercredi-5-juillet-2017\/","title":{"rendered":"Caf\u00e9-Kuchen, mercredi 5 juillet 2017"},"content":{"rendered":"<div id=\"yiv6533323178yui_3_16_0_ym19_1_1498308121594_25881\">\n<div id=\"yiv6533323178yui_3_16_0_ym19_1_1498308121594_25884\"><b id=\"yiv6533323178yui_3_16_0_ym19_1_1498308121594_25885\"><a id=\"yiv6533323178yui_3_16_0_ym19_1_1498308121594_25886\" href=\"http:\/\/www.jardinbotaniquedenancy.eu\/jardin-du-chitelet\/\" target=\"_blank\" rel=\"nofollow\">\u00a0<\/a><\/b>L&rsquo;association Garten\/\/Jardin vous invite \u00e0\u00a0 sa traditionnelle\u00a0 rencontre Caf\u00e9-Kuchen ce <strong>mercredi 5 juillet \u00e0 partir de 16h00<\/strong> sur la plate-forme centrale de la passerelle du Jardin des DeuxRives. Chacun est invit\u00e9 \u00e0 apporter\u00a0 de quoi boire ou manger, \u00e0 partager. La rencontre est pr\u00e9c\u00e9d\u00e9e d&rsquo;une balade cycliste, m\u00eame lieu \u00e0 <strong>14h00.<\/strong><\/div>\n<\/div>\n<p id=\"yui_3_16_0_1_1498763544277_19823\" dir=\"ltr\"><em>NB: En cas de forte chaleur, le rendez-vous sera d\u00e9plac\u00e9e sous les arbres, \u00e0 <\/em><em>l&rsquo;Eurothing, environ 50m au sud de la passerelle c\u00f4t\u00e9 Kehl.<\/em><\/p>\n<p dir=\"ltr\"><img loading=\"lazy\" decoding=\"async\" class=\"aligncenter size-medium wp-image-737\" src=\"http:\/\/azqs.com\/gartenjardin\/files\/2017\/06\/CafeKuchen07-2017-300x225.jpg\" alt=\"CafeKuchen07-2017\" width=\"300\" height=\"225\" srcset=\"https:\/\/azqs.com\/gartenjardin\/files\/2017\/06\/CafeKuchen07-2017-300x225.jpg 300w, https:\/\/azqs.com\/gartenjardin\/files\/2017\/06\/CafeKuchen07-2017-768x576.jpg 768w, https:\/\/azqs.com\/gartenjardin\/files\/2017\/06\/CafeKuchen07-2017-1024x768.jpg 1024w, https:\/\/azqs.com\/gartenjardin\/files\/2017\/06\/CafeKuchen07-2017-400x300.jpg 400w\" sizes=\"(max-width: 300px) 100vw, 300px\" \/><\/p>\n<div id=\"yui_3_16_0_ym19_1_1499963972632_13106\">Il a fait tr\u00e8s chaud le mercredi \u00a05 juillet au Caf\u00e9\/Kuchen ce qui a forc\u00e9 le d\u00e9placement \u00e0 l&rsquo;Eurothing \u00e0 l&rsquo;ombre des grands arbres, o\u00f9 de nombreuses personnes se sont retrouv\u00e9es . Les cyclistes ont exp\u00e9riment\u00e9\u00a0 massage et bain de pieds dans le Giessen en amont de Kehl.<\/div>\n<div id=\"yui_3_16_0_ym19_1_1499963972632_13218\"><\/div>\n","protected":false},"excerpt":{"rendered":"<p>\u00a0L&rsquo;association Garten\/\/Jardin vous invite \u00e0\u00a0 sa traditionnelle\u00a0 rencontre Caf\u00e9-Kuchen ce mercredi 5 juillet \u00e0 partir de 16h00 sur la plate-forme centrale de la passerelle du Jardin des DeuxRives. Chacun est invit\u00e9 \u00e0 apporter\u00a0 de quoi boire ou manger, \u00e0 partager. <a class=\"more-link\" href=\"https:\/\/azqs.com\/gartenjardin\/fr\/2017\/07\/cafe-kuchen-mercredi-5-juillet-2017\/\">Continuer la lecture <span class=\"screen-reader-text\">  Caf\u00e9-Kuchen, mercredi 5 juillet 2017<\/span><span class=\"meta-nav\">&rarr;<\/span><\/a><\/p>\n","protected":false},"author":298,"featured_media":0,"comment_status":"closed","ping_status":"closed","sticky":false,"template":"","format":"standard","meta":{"footnotes":""},"categories":[37],"tags":[],"class_list":["post-707","post","type-post","status-publish","format-standard","hentry","category-cafe-kuchen"],"_links":{"self":[{"href":"https:\/\/azqs.com\/gartenjardin\/wp-json\/wp\/v2\/posts\/707"}],"collection":[{"href":"https:\/\/azqs.com\/gartenjardin\/wp-json\/wp\/v2\/posts"}],"about":[{"href":"https:\/\/azqs.com\/gartenjardin\/wp-json\/wp\/v2\/types\/post"}],"author":[{"embeddable":true,"href":"https:\/\/azqs.com\/gartenjardin\/wp-json\/wp\/v2\/users\/298"}],"replies":[{"embeddable":true,"href":"https:\/\/azqs.com\/gartenjardin\/wp-json\/wp\/v2\/comments?post=707"}],"version-history":[{"count":5,"href":"https:\/\/azqs.com\/gartenjardin\/wp-json\/wp\/v2\/posts\/707\/revisions"}],"predecessor-version":[{"id":968,"href":"https:\/\/azqs.com\/gartenjardin\/wp-json\/wp\/v2\/posts\/707\/revisions\/968"}],"wp:attachment":[{"href":"https:\/\/azqs.com\/gartenjardin\/wp-json\/wp\/v2\/media?parent=707"}],"wp:term":[{"taxonomy":"category","embeddable":true,"href":"https:\/\/azqs.com\/gartenjardin\/wp-json\/wp\/v2\/categories?post=707"},{"taxonomy":"post_tag","embeddable":true,"href":"https:\/\/azqs.com\/gartenjardin\/wp-json\/wp\/v2\/tags?post=707"}],"curies":[{"name":"wp","href":"https:\/\/api.w.org\/{rel}","templated":true}]}}