{"id":703,"date":"2017-07-12T20:00:54","date_gmt":"2017-07-12T19:00:54","guid":{"rendered":"http:\/\/azqs.com\/gartenjardin\/?p=703"},"modified":"2017-07-13T19:03:55","modified_gmt":"2017-07-13T18:03:55","slug":"jardin-du-haut-chitelet-samedi-1er-juillet-2017","status":"publish","type":"post","link":"https:\/\/azqs.com\/gartenjardin\/fr\/2017\/07\/jardin-du-haut-chitelet-samedi-1er-juillet-2017\/","title":{"rendered":"Jardin du Haut-Chitelet, samedi 1er juillet 2017"},"content":{"rendered":"<div id=\"yiv6533323178yui_3_16_0_ym19_1_1498308121594_25874\" dir=\"ltr\"><b id=\"yiv6533323178yui_3_16_0_ym19_1_1498308121594_25875\">le samedi 1er juillet,<\/b> visite du jardin d&rsquo;altitude du Haut Chitelet (1200) , jardin botanique de l&rsquo;Universit\u00e9 de Lorraine. Situ\u00e9 sur la route des Cr\u00eates \u00e0 2 km du Col de La Schlucht, c&rsquo;est un jardin d&rsquo;un grand int\u00e9r\u00eat avec plus de 2500 esp\u00e8ces de r\u00e9gions de haute montagne du monde.<\/div>\n<div id=\"yiv6533323178yui_3_16_0_ym19_1_1498308121594_25876\">\u00a0<img loading=\"lazy\" decoding=\"async\" class=\"aligncenter size-medium wp-image-726\" src=\"http:\/\/azqs.com\/gartenjardin\/files\/2017\/06\/Haut-Chitelet-225x300.jpg\" alt=\"Haut-Chitelet\" width=\"225\" height=\"300\" srcset=\"https:\/\/azqs.com\/gartenjardin\/files\/2017\/06\/Haut-Chitelet-225x300.jpg 225w, https:\/\/azqs.com\/gartenjardin\/files\/2017\/06\/Haut-Chitelet-768x1024.jpg 768w\" sizes=\"(max-width: 225px) 100vw, 225px\" \/><\/div>\n<div>\n<p>Quatre personnes\u00a0 bravent\u00a0 le blocage de Strasbourg pour l&rsquo;hommage \u00e0 Helmut Kohl, la fra\u00eecheur et la pluie sur les hauteurs de la cr\u00eate des Vosges pour se rendre au jardin.\u00a0 Un peu court, le temps a manqu\u00e9 pour tout voir.<\/p>\n<p><a id=\"yiv6533323178yui_3_16_0_ym19_1_1498308121594_25883\" href=\"http:\/\/www.jardinbotaniquedenancy.eu\/jardin-du-chitelet\/\" target=\"_blank\" rel=\"nofollow\">http:\/\/www.jardinbotaniquedenancy.eu\/jardin-du-chitelet\/<\/a><\/p>\n<p>&nbsp;<\/p>\n<\/div>\n","protected":false},"excerpt":{"rendered":"<p>le samedi 1er juillet, visite du jardin d&rsquo;altitude du Haut Chitelet (1200) , jardin botanique de l&rsquo;Universit\u00e9 de Lorraine. Situ\u00e9 sur la route des Cr\u00eates \u00e0 2 km du Col de La Schlucht, c&rsquo;est un jardin d&rsquo;un grand int\u00e9r\u00eat avec <a class=\"more-link\" href=\"https:\/\/azqs.com\/gartenjardin\/fr\/2017\/07\/jardin-du-haut-chitelet-samedi-1er-juillet-2017\/\">Continuer la lecture <span class=\"screen-reader-text\">  Jardin du Haut-Chitelet, samedi 1er juillet 2017<\/span><span class=\"meta-nav\">&rarr;<\/span><\/a><\/p>\n","protected":false},"author":298,"featured_media":0,"comment_status":"closed","ping_status":"closed","sticky":false,"template":"","format":"standard","meta":{"footnotes":""},"categories":[41],"tags":[],"class_list":["post-703","post","type-post","status-publish","format-standard","hentry","category-sorties"],"_links":{"self":[{"href":"https:\/\/azqs.com\/gartenjardin\/wp-json\/wp\/v2\/posts\/703"}],"collection":[{"href":"https:\/\/azqs.com\/gartenjardin\/wp-json\/wp\/v2\/posts"}],"about":[{"href":"https:\/\/azqs.com\/gartenjardin\/wp-json\/wp\/v2\/types\/post"}],"author":[{"embeddable":true,"href":"https:\/\/azqs.com\/gartenjardin\/wp-json\/wp\/v2\/users\/298"}],"replies":[{"embeddable":true,"href":"https:\/\/azqs.com\/gartenjardin\/wp-json\/wp\/v2\/comments?post=703"}],"version-history":[{"count":3,"href":"https:\/\/azqs.com\/gartenjardin\/wp-json\/wp\/v2\/posts\/703\/revisions"}],"predecessor-version":[{"id":728,"href":"https:\/\/azqs.com\/gartenjardin\/wp-json\/wp\/v2\/posts\/703\/revisions\/728"}],"wp:attachment":[{"href":"https:\/\/azqs.com\/gartenjardin\/wp-json\/wp\/v2\/media?parent=703"}],"wp:term":[{"taxonomy":"category","embeddable":true,"href":"https:\/\/azqs.com\/gartenjardin\/wp-json\/wp\/v2\/categories?post=703"},{"taxonomy":"post_tag","embeddable":true,"href":"https:\/\/azqs.com\/gartenjardin\/wp-json\/wp\/v2\/tags?post=703"}],"curies":[{"name":"wp","href":"https:\/\/api.w.org\/{rel}","templated":true}]}}