{"id":666,"date":"2017-06-11T21:55:22","date_gmt":"2017-06-11T20:55:22","guid":{"rendered":"http:\/\/azqs.com\/gartenjardin\/?p=666"},"modified":"2017-06-15T21:33:03","modified_gmt":"2017-06-15T20:33:03","slug":"jardin-des-religions-karlsruhe-samedi-10-juin-2017","status":"publish","type":"post","link":"https:\/\/azqs.com\/gartenjardin\/fr\/2017\/06\/jardin-des-religions-karlsruhe-samedi-10-juin-2017\/","title":{"rendered":"Jardin des Religions, Karlsruhe, samedi 10 juin 2017"},"content":{"rendered":"<div id=\"yiv3143473538yui_3_16_0_ym19_1_1496348751071_12846\" dir=\"ltr\"><strong id=\"yiv3143473538yui_3_16_0_ym19_1_1496348751071_12847\">Samedi 10\u00a0 juin<\/strong>, nous vous invitons \u00e0 la visite du\u00a0\u00bb jardin des religions\u00a0\u00bb\u00a0 de Karlsruhe, avec Heino P\u00f6nitz, ancien pasteur des mariniers . Nous nous y rendons en train en profitant de la nouvelle ligne Strasbourg-Woerth et du pass Alsace Rheinneckar. Rendez-Vous \u00e0<strong id=\"yiv3143473538yui_3_16_0_ym19_1_1496348751071_12848\"> 8h00 dans le hall nord de la gare de Strasbourg<\/strong>, pr\u00e8s de la billetterie. Retour vers 17h40.<\/div>\n<div id=\"yiv3143473538yui_3_16_0_ym19_1_1496348751071_12849\" dir=\"ltr\">Repas tir\u00e9 du sac avec possibilit\u00e9 de restauration sur place, pr\u00e9voir 7 euros pour le transport.<\/div>\n<div dir=\"ltr\"><\/div>\n<div dir=\"ltr\">http:\/\/www.gartenderreligionen-karlsruhe.de\/<\/div>\n<div dir=\"ltr\"><\/div>\n<div dir=\"ltr\">\n<div id='gallery-1' class='gallery galleryid-666 gallery-columns-3 gallery-size-medium'><figure class='gallery-item'>\n\t\t\t<div class='gallery-icon landscape'>\n\t\t\t\t<a href='https:\/\/azqs.com\/gartenjardin\/fr\/2017\/06\/jardin-des-religions-karlsruhe-samedi-10-juin-2017\/dsc06763reduit\/'><img loading=\"lazy\" decoding=\"async\" width=\"300\" height=\"225\" src=\"https:\/\/azqs.com\/gartenjardin\/files\/2017\/06\/DSC06763reduit-300x225.jpg\" class=\"attachment-medium size-medium\" alt=\"\" srcset=\"https:\/\/azqs.com\/gartenjardin\/files\/2017\/06\/DSC06763reduit-300x225.jpg 300w, https:\/\/azqs.com\/gartenjardin\/files\/2017\/06\/DSC06763reduit-768x576.jpg 768w, https:\/\/azqs.com\/gartenjardin\/files\/2017\/06\/DSC06763reduit-1024x768.jpg 1024w, https:\/\/azqs.com\/gartenjardin\/files\/2017\/06\/DSC06763reduit-400x300.jpg 400w\" sizes=\"(max-width: 300px) 100vw, 300px\" \/><\/a>\n\t\t\t<\/div><\/figure><figure class='gallery-item'>\n\t\t\t<div class='gallery-icon landscape'>\n\t\t\t\t<a href='https:\/\/azqs.com\/gartenjardin\/fr\/2017\/06\/jardin-des-religions-karlsruhe-samedi-10-juin-2017\/dsc06761reduit\/'><img loading=\"lazy\" decoding=\"async\" width=\"300\" height=\"225\" src=\"https:\/\/azqs.com\/gartenjardin\/files\/2017\/06\/DSC06761reduit-300x225.jpg\" class=\"attachment-medium size-medium\" alt=\"\" srcset=\"https:\/\/azqs.com\/gartenjardin\/files\/2017\/06\/DSC06761reduit-300x225.jpg 300w, https:\/\/azqs.com\/gartenjardin\/files\/2017\/06\/DSC06761reduit-768x576.jpg 768w, https:\/\/azqs.com\/gartenjardin\/files\/2017\/06\/DSC06761reduit-1024x768.jpg 1024w, https:\/\/azqs.com\/gartenjardin\/files\/2017\/06\/DSC06761reduit-400x300.jpg 400w\" sizes=\"(max-width: 300px) 100vw, 300px\" \/><\/a>\n\t\t\t<\/div><\/figure><figure class='gallery-item'>\n\t\t\t<div class='gallery-icon landscape'>\n\t\t\t\t<a href='https:\/\/azqs.com\/gartenjardin\/fr\/2017\/06\/jardin-des-religions-karlsruhe-samedi-10-juin-2017\/dsc06767reduit\/'><img loading=\"lazy\" decoding=\"async\" width=\"300\" height=\"225\" src=\"https:\/\/azqs.com\/gartenjardin\/files\/2017\/06\/DSC06767reduit-300x225.jpg\" class=\"attachment-medium size-medium\" alt=\"\" srcset=\"https:\/\/azqs.com\/gartenjardin\/files\/2017\/06\/DSC06767reduit-300x225.jpg 300w, https:\/\/azqs.com\/gartenjardin\/files\/2017\/06\/DSC06767reduit-768x576.jpg 768w, https:\/\/azqs.com\/gartenjardin\/files\/2017\/06\/DSC06767reduit-1024x768.jpg 1024w, https:\/\/azqs.com\/gartenjardin\/files\/2017\/06\/DSC06767reduit-400x300.jpg 400w\" sizes=\"(max-width: 300px) 100vw, 300px\" \/><\/a>\n\t\t\t<\/div><\/figure>\n\t\t<\/div>\n\n<\/div>\n","protected":false},"excerpt":{"rendered":"<p>Samedi 10\u00a0 juin, nous vous invitons \u00e0 la visite du\u00a0\u00bb jardin des religions\u00a0\u00bb\u00a0 de Karlsruhe, avec Heino P\u00f6nitz, ancien pasteur des mariniers . Nous nous y rendons en train en profitant de la nouvelle ligne Strasbourg-Woerth et du pass Alsace <a class=\"more-link\" href=\"https:\/\/azqs.com\/gartenjardin\/fr\/2017\/06\/jardin-des-religions-karlsruhe-samedi-10-juin-2017\/\">Continuer la lecture <span class=\"screen-reader-text\">  Jardin des Religions, Karlsruhe, samedi 10 juin 2017<\/span><span class=\"meta-nav\">&rarr;<\/span><\/a><\/p>\n","protected":false},"author":298,"featured_media":0,"comment_status":"closed","ping_status":"closed","sticky":false,"template":"","format":"standard","meta":{"footnotes":""},"categories":[41],"tags":[],"class_list":["post-666","post","type-post","status-publish","format-standard","hentry","category-sorties"],"_links":{"self":[{"href":"https:\/\/azqs.com\/gartenjardin\/wp-json\/wp\/v2\/posts\/666"}],"collection":[{"href":"https:\/\/azqs.com\/gartenjardin\/wp-json\/wp\/v2\/posts"}],"about":[{"href":"https:\/\/azqs.com\/gartenjardin\/wp-json\/wp\/v2\/types\/post"}],"author":[{"embeddable":true,"href":"https:\/\/azqs.com\/gartenjardin\/wp-json\/wp\/v2\/users\/298"}],"replies":[{"embeddable":true,"href":"https:\/\/azqs.com\/gartenjardin\/wp-json\/wp\/v2\/comments?post=666"}],"version-history":[{"count":3,"href":"https:\/\/azqs.com\/gartenjardin\/wp-json\/wp\/v2\/posts\/666\/revisions"}],"predecessor-version":[{"id":695,"href":"https:\/\/azqs.com\/gartenjardin\/wp-json\/wp\/v2\/posts\/666\/revisions\/695"}],"wp:attachment":[{"href":"https:\/\/azqs.com\/gartenjardin\/wp-json\/wp\/v2\/media?parent=666"}],"wp:term":[{"taxonomy":"category","embeddable":true,"href":"https:\/\/azqs.com\/gartenjardin\/wp-json\/wp\/v2\/categories?post=666"},{"taxonomy":"post_tag","embeddable":true,"href":"https:\/\/azqs.com\/gartenjardin\/wp-json\/wp\/v2\/tags?post=666"}],"curies":[{"name":"wp","href":"https:\/\/api.w.org\/{rel}","templated":true}]}}