{"id":5561,"date":"2026-09-02T22:11:54","date_gmt":"2026-09-02T21:11:54","guid":{"rendered":"https:\/\/azqs.com\/gartenjardin\/?p=5561"},"modified":"2026-09-02T22:11:54","modified_gmt":"2026-09-02T21:11:54","slug":"michel-krieger-1944-2026-2","status":"publish","type":"post","link":"https:\/\/azqs.com\/gartenjardin\/de\/2026\/09\/michel-krieger-1944-2026-2\/","title":{"rendered":"Michel Krieger 1944-2026"},"content":{"rendered":"<div dir=\"ltr\"><\/div>\n<div dir=\"ltr\"><span style=\"font-size: 14pt\">Mit gro\u00dfer Trauer haben wir vom Tod des Malers Michel Krieger erfahren, dem Ideengeber f\u00fcr den \u00ab\u00a0Garten der zwei Ufer\u00a0\u00bb<\/span><\/div>\n<div dir=\"ltr\"><\/div>\n<div dir=\"ltr\"><img loading=\"lazy\" decoding=\"async\" class=\"aligncenter size-full wp-image-5562\" src=\"http:\/\/azqs.com\/gartenjardin\/files\/2026\/09\/Michell-K-et-Jean-G-1.jpeg\" alt=\"\" width=\"2016\" height=\"1512\" srcset=\"https:\/\/azqs.com\/gartenjardin\/files\/2026\/09\/Michell-K-et-Jean-G-1.jpeg 2016w, https:\/\/azqs.com\/gartenjardin\/files\/2026\/09\/Michell-K-et-Jean-G-1-300x225.jpeg 300w, https:\/\/azqs.com\/gartenjardin\/files\/2026\/09\/Michell-K-et-Jean-G-1-1024x768.jpeg 1024w, https:\/\/azqs.com\/gartenjardin\/files\/2026\/09\/Michell-K-et-Jean-G-1-768x576.jpeg 768w, https:\/\/azqs.com\/gartenjardin\/files\/2026\/09\/Michell-K-et-Jean-G-1-1536x1152.jpeg 1536w\" sizes=\"(max-width: 2016px) 100vw, 2016px\" \/><span style=\"font-size: large\">Im Fr\u00fchjahr 1995 sandte der Maler Michel Krieger, Stadtrat in Strasbourg, der B\u00fcrgermeisterin ein Schreiben, in dem er die Anlage eines weitl\u00e4ufigen Gartens zwischen Kehl und Stra\u00dfburg vorschlug. Die Idee wurde schnell von der B\u00fcrgermeisterin Catherine Trautmann und anschlie\u00dfend vom Kehler Oberb\u00fcrgermeister Detlev Pr\u00f6\u00dfdorf aufgegriffen. Voraussetzung daf\u00fcr war, dass das Gel\u00e4nde als Standort f\u00fcr eine Landesgartenschau in Frage kommt. Im Februar 1997 beschloss Baden-W\u00fcrttemberg, dass die Landesgartenschau 2004 zwischen Kehl und Strasbourg stattfinden sollte.<\/span><\/p>\n<p><span style=\"font-size: large\">Der Garten der zwei Ufer, den wir alle so lieben, ist laut Michel \u201eein etwas verr\u00fcckter Traum, mein ganz pers\u00f6nlicher Traum, den ich als K\u00fcnstler als eine Utopie bezeichne\u201c. Michel Krieger, der bereits eine k\u00fcnstlerische Gestaltung entlang der ersten Stra\u00dfenbahnlinien durchgesetzt hatte, begleitet das Projekt und sorgt daf\u00fcr, dass die bildende Kunst im Garten einen wichtigen Platz einnimmt.<\/span><\/p>\n<p><span style=\"font-size: large\">Im Jahr 2001, nach dem Wechsel der Stadtverwaltung in Strasbourg, k\u00e4mpfte er an der Seite des Kollektivs \u201eGarten\/\/Jardin\u201c um Antoine Beyer und Bewohner.innen von beiden Seiten des Rheins daf\u00fcr, das Projekt der Fu\u00dfg\u00e4ngerbr\u00fccke und die dahinterstehende k\u00fcnstlerische Idee aufrechtzuerhalten.<\/span><\/p>\n<p><span style=\"font-size: large\">Zwei Jahre lang trafen wir uns alle zwei Wochen, um Veranstaltungen und Vortr\u00e4ge zu organisieren, Petitionen zu verbreiten &#8211; um das Projekt zu verteidigen. Bis zur Er\u00f6ffnung der Landesgartenschau, des \u201eFestivals am Rhein\u201c am 23. April 2004 und ein Jahr sp\u00e4ter zum ersten Jahrestag des Garten der zwei Ufer &#8211; der Geburtsstunde der \u201eRendezvous Caf\u00e9Kuchen\u201c.<\/span><\/p>\n<p><span style=\"font-size: large\">Michel, <\/span><span style=\"font-size: large\">s<\/span><span style=\"font-size: large\">eit seiner fr\u00fchen Kindheit war er an\u00a0 einer Polyarthritis, <\/span>erkrankt<span style=\"font-size: large\"> strahlte aus seinem Rollstuhl heraus Kraft und Entschlossenheit aus. Wir erinnern uns an seine Freundlichkeit, sein L\u00e4cheln, seinen Sinn f\u00fcr Humor und seine gro\u00dfe intellektuelle Klarheit. Er verfolgte weiterhin die Aktivit\u00e4ten von Garten\/\/Jardin, zun\u00e4chst von Strasbourg aus, sp\u00e4ter aus der Bretagne. Nach dem Ruhestand seiner Frau Marie-Th\u00e9r\u00e8se, der ersten Schatzmeisterin des Vereins, zog das Paar zu seinen Kindern und sp\u00e4ter zu seinen Enkelkindern in den Westen Frankreichs.<\/span><\/p>\n<p><span style=\"font-size: large\">Der Verein ist Michel Krieger dankbar, dass er seinen Traum vom \u201eJardin des Deux-Rives\/\/Garten der zwei Ufer\u201c verwirklicht hat; auch daf\u00fcr dass dem Verein durch den Verkauf des von ihm herausgegebenen Buches weiterhin finanziellen Mittel zur Verf\u00fcgung stehen. Wir werden ihn nicht vergessen. <\/span><\/p>\n<p align=\"center\"><span style=\"font-size: large\">M\u00f6ge er in Frieden ruhen. <\/span><\/p>\n<\/div>\n","protected":false},"excerpt":{"rendered":"<p>Mit gro\u00dfer Trauer haben wir vom Tod des Malers Michel Krieger erfahren, dem Ideengeber f\u00fcr den \u00ab\u00a0Garten der zwei Ufer\u00a0\u00bb Im Fr\u00fchjahr 1995 sandte der Maler Michel Krieger, Stadtrat in Strasbourg, der B\u00fcrgermeisterin ein Schreiben, in dem er die Anlage <a class=\"more-link\" href=\"https:\/\/azqs.com\/gartenjardin\/de\/2026\/09\/michel-krieger-1944-2026-2\/\">Continuer la lecture <span class=\"screen-reader-text\">  Michel Krieger 1944-2026<\/span><span class=\"meta-nav\">&rarr;<\/span><\/a><\/p>\n","protected":false},"author":298,"featured_media":0,"comment_status":"closed","ping_status":"closed","sticky":false,"template":"","format":"standard","meta":{"footnotes":""},"categories":[101],"tags":[],"class_list":["post-5561","post","type-post","status-publish","format-standard","hentry","category-de-activite"],"_links":{"self":[{"href":"https:\/\/azqs.com\/gartenjardin\/wp-json\/wp\/v2\/posts\/5561"}],"collection":[{"href":"https:\/\/azqs.com\/gartenjardin\/wp-json\/wp\/v2\/posts"}],"about":[{"href":"https:\/\/azqs.com\/gartenjardin\/wp-json\/wp\/v2\/types\/post"}],"author":[{"embeddable":true,"href":"https:\/\/azqs.com\/gartenjardin\/wp-json\/wp\/v2\/users\/298"}],"replies":[{"embeddable":true,"href":"https:\/\/azqs.com\/gartenjardin\/wp-json\/wp\/v2\/comments?post=5561"}],"version-history":[{"count":1,"href":"https:\/\/azqs.com\/gartenjardin\/wp-json\/wp\/v2\/posts\/5561\/revisions"}],"predecessor-version":[{"id":5563,"href":"https:\/\/azqs.com\/gartenjardin\/wp-json\/wp\/v2\/posts\/5561\/revisions\/5563"}],"wp:attachment":[{"href":"https:\/\/azqs.com\/gartenjardin\/wp-json\/wp\/v2\/media?parent=5561"}],"wp:term":[{"taxonomy":"category","embeddable":true,"href":"https:\/\/azqs.com\/gartenjardin\/wp-json\/wp\/v2\/categories?post=5561"},{"taxonomy":"post_tag","embeddable":true,"href":"https:\/\/azqs.com\/gartenjardin\/wp-json\/wp\/v2\/tags?post=5561"}],"curies":[{"name":"wp","href":"https:\/\/api.w.org\/{rel}","templated":true}]}}