{"id":5558,"date":"2026-09-02T22:07:32","date_gmt":"2026-09-02T21:07:32","guid":{"rendered":"https:\/\/azqs.com\/gartenjardin\/?p=5558"},"modified":"2026-09-02T22:07:32","modified_gmt":"2026-09-02T21:07:32","slug":"michel-krieger-1944-2026","status":"publish","type":"post","link":"https:\/\/azqs.com\/gartenjardin\/fr\/2026\/09\/michel-krieger-1944-2026\/","title":{"rendered":"Michel Krieger, 1944-2026"},"content":{"rendered":"<p><span style=\"font-size: 14pt\">C&rsquo;est avec une grande tristesse que nous avons appris le d\u00e9c\u00e8s du peintre Michel Krieger qui a lanc\u00e9 l&rsquo;id\u00e9e du Jardin des Deux Rives<\/span><\/p>\n<p><img loading=\"lazy\" decoding=\"async\" class=\"aligncenter wp-image-5559 size-full\" src=\"http:\/\/azqs.com\/gartenjardin\/files\/2026\/09\/Michell-K-et-Jean-G.jpeg\" alt=\"\" width=\"2016\" height=\"1512\" srcset=\"https:\/\/azqs.com\/gartenjardin\/files\/2026\/09\/Michell-K-et-Jean-G.jpeg 2016w, https:\/\/azqs.com\/gartenjardin\/files\/2026\/09\/Michell-K-et-Jean-G-300x225.jpeg 300w, https:\/\/azqs.com\/gartenjardin\/files\/2026\/09\/Michell-K-et-Jean-G-1024x768.jpeg 1024w, https:\/\/azqs.com\/gartenjardin\/files\/2026\/09\/Michell-K-et-Jean-G-768x576.jpeg 768w, https:\/\/azqs.com\/gartenjardin\/files\/2026\/09\/Michell-K-et-Jean-G-1536x1152.jpeg 1536w\" sizes=\"(max-width: 2016px) 100vw, 2016px\" \/><\/p>\n<p align=\"left\"><a name=\"mwA6o\"><\/a> <span style=\"font-size: large\">C\u2019est au printemps 1995 que le peintre Michel Krieger, conseiller municipal strasbourgeois, envoie une note \u00e0 la maire proposant la cr\u00e9ation d\u2019un vaste jardin entre Kehl et Strasbourg. L\u2019id\u00e9e est vite retenue par la maire Catherine Trautmann puis par le maire de Kehl, <\/span><a href=\"https:\/\/de.wikipedia.org\/wiki\/Detlev_Pr%C3%B6%C3%9Fdorf\"><span style=\"color: #000000\"><span style=\"font-size: large\">Detlev Pr\u00f6\u00dfdorf<\/span><\/span><\/a><span style=\"font-size: large\">, <\/span><span style=\"font-size: large\">sous condition que le site puisse faire l\u2019objet d\u2019une Landesgartenschau. <\/span><span style=\"font-size: large\">E<\/span><span style=\"font-size: large\">n f\u00e9vrier 1997 le Bade-Wurtemberg d\u00e9cide que la Landesgartenschau 2004 se tiendra entre Kehl et Strasbourg. <\/span><\/p>\n<p align=\"left\"><span style=\"font-size: large\">Le Jardin des Deux Rives que nous aimons tous, est dixit Michel \u00ab\u00a0un r\u00eave un peu fou, mon r\u00eave \u00e0 moi que je revendique comme une utopie en tant qu\u2019artiste\u00a0\u00bb. Michel Krieger, qui a d\u00e9j\u00e0 impos\u00e9 un accompagnement artistique le long des premi\u00e8res lignes de tramway, suit le projet en s\u2019assurant que les arts plastiques pars\u00e8ment le jardin. <\/span><\/p>\n<p align=\"left\"><span style=\"font-size: large\">En 2001, suite au changement de municipalit\u00e9, il se bat aux c\u00f4t\u00e9s du collectif Garten\/\/Jardin r\u00e9uni autour d\u2019Antoine Beyer pour maintenir le projet, la passerelle et l\u2019id\u00e9e artistique qui les sous-tend.<\/span><\/p>\n<p align=\"left\"><span style=\"font-size: large\">Pendant deux ans, nous nous r\u00e9unirons toutes les deux semaines organisant des manifestations, des conf\u00e9rences et diffusant des p\u00e9titions pour d\u00e9fendre le projet. Jusqu\u2019\u00e0 l\u2019inauguration du Festival des Deux Rives le 23 avril 2004 et un an plus tard, le premier anniversaire du Jardin des Deux Rives, point de d\u00e9part des rencontres Caf\u00e9-Kuchen.<\/span><\/p>\n<p align=\"left\"><span style=\"font-size: large\">Michel, souffrant depuis son plus jeune age de polyarthrite, inspirait force et d\u00e9termination de son fauteuil roulant. Nous nous souvenons de sa gentillesse, son sourire, son sens de l\u2019humeur et sa tr\u00e8s grande rigueur intellectuelle. Il a continu\u00e9 \u00e0 suivre activit\u00e9s de Garten\/\/Jardin depuis Strasbourg d\u2019abord, puis de Bretagne. C\u2019est apr\u00e8s la retraite de sa femme Marie-Th\u00e9r\u00e8se, premi\u00e8re tr\u00e9sori\u00e8re de l\u2019association, que le couple a rejoint ses enfants, puis ses petits enfants, dans l\u2019ouest. <\/span><\/p>\n<p align=\"left\"><span style=\"font-size: large\">L\u2019association est reconnaissante de Michel Krieger pour son r\u00eave devenu r\u00e9alit\u00e9 du Jardin des Deux-Rives\u00a0, et plus prosa\u00efquement pour la tr\u00e9sorerie laiss\u00e9e par la vente du livre qu\u2019il avait dirig\u00e9\u00a0. Nous ne l\u2019oublierons pas.<\/span><\/p>\n<p align=\"center\"><span style=\"font-size: large\">Qu\u2019il repose en paix <\/span><\/p>\n","protected":false},"excerpt":{"rendered":"<p>C&rsquo;est avec une grande tristesse que nous avons appris le d\u00e9c\u00e8s du peintre Michel Krieger qui a lanc\u00e9 l&rsquo;id\u00e9e du Jardin des Deux Rives C\u2019est au printemps 1995 que le peintre Michel Krieger, conseiller municipal strasbourgeois, envoie une note \u00e0 <a class=\"more-link\" href=\"https:\/\/azqs.com\/gartenjardin\/fr\/2026\/09\/michel-krieger-1944-2026\/\">Continuer la lecture <span class=\"screen-reader-text\">  Michel Krieger, 1944-2026<\/span><span class=\"meta-nav\">&rarr;<\/span><\/a><\/p>\n","protected":false},"author":298,"featured_media":0,"comment_status":"closed","ping_status":"closed","sticky":false,"template":"","format":"standard","meta":{"footnotes":""},"categories":[39],"tags":[],"class_list":["post-5558","post","type-post","status-publish","format-standard","hentry","category-actvites"],"_links":{"self":[{"href":"https:\/\/azqs.com\/gartenjardin\/wp-json\/wp\/v2\/posts\/5558"}],"collection":[{"href":"https:\/\/azqs.com\/gartenjardin\/wp-json\/wp\/v2\/posts"}],"about":[{"href":"https:\/\/azqs.com\/gartenjardin\/wp-json\/wp\/v2\/types\/post"}],"author":[{"embeddable":true,"href":"https:\/\/azqs.com\/gartenjardin\/wp-json\/wp\/v2\/users\/298"}],"replies":[{"embeddable":true,"href":"https:\/\/azqs.com\/gartenjardin\/wp-json\/wp\/v2\/comments?post=5558"}],"version-history":[{"count":2,"href":"https:\/\/azqs.com\/gartenjardin\/wp-json\/wp\/v2\/posts\/5558\/revisions"}],"predecessor-version":[{"id":5564,"href":"https:\/\/azqs.com\/gartenjardin\/wp-json\/wp\/v2\/posts\/5558\/revisions\/5564"}],"wp:attachment":[{"href":"https:\/\/azqs.com\/gartenjardin\/wp-json\/wp\/v2\/media?parent=5558"}],"wp:term":[{"taxonomy":"category","embeddable":true,"href":"https:\/\/azqs.com\/gartenjardin\/wp-json\/wp\/v2\/categories?post=5558"},{"taxonomy":"post_tag","embeddable":true,"href":"https:\/\/azqs.com\/gartenjardin\/wp-json\/wp\/v2\/tags?post=5558"}],"curies":[{"name":"wp","href":"https:\/\/api.w.org\/{rel}","templated":true}]}}